{"id":12,"name":"jorgebarrera","url":"","description":"Profesor de Primaria del Colegio Diocesano \"Pablo VI\" especialista en Ed. F\u00edsica, Ingl\u00e9s y Audic\u00f3 y Lenguaje.\r\nAmante de la ense\u00f1anza y la Innovaci\u00f3n educativa.","link":"https:\/\/diocesanos.es\/blogs\/radiopvi\/author\/jorgebarrera\/","slug":"jorgebarrera","avatar_urls":{"24":"https:\/\/secure.gravatar.com\/avatar\/ca7fc50cd7779b9c2912ea50cd2893f3e468d1324f3265b3cf56099d9ba98b7b?s=24&d=mm&r=g","48":"https:\/\/secure.gravatar.com\/avatar\/ca7fc50cd7779b9c2912ea50cd2893f3e468d1324f3265b3cf56099d9ba98b7b?s=48&d=mm&r=g","96":"https:\/\/secure.gravatar.com\/avatar\/ca7fc50cd7779b9c2912ea50cd2893f3e468d1324f3265b3cf56099d9ba98b7b?s=96&d=mm&r=g"},"meta":[],"_links":{"self":[{"href":"https:\/\/diocesanos.es\/blogs\/radiopvi\/wp-json\/wp\/v2\/users\/12","targetHints":{"allow":["GET"]}}],"collection":[{"href":"https:\/\/diocesanos.es\/blogs\/radiopvi\/wp-json\/wp\/v2\/users"}]}}