{"id":86,"date":"2015-03-27T11:28:09","date_gmt":"2015-03-27T11:28:09","guid":{"rendered":"https:\/\/diocesanos.es\/blogs\/radiopvi\/?p=86"},"modified":"2016-11-11T00:18:32","modified_gmt":"2016-11-11T00:18:32","slug":"programa-del-27-de-marzo-diego-y-ainara","status":"publish","type":"post","link":"https:\/\/diocesanos.es\/blogs\/radiopvi\/2015\/03\/27\/programa-del-27-de-marzo-diego-y-ainara\/","title":{"rendered":"Programa del 27 de Marzo. Diego y Ainara."},"content":{"rendered":"<audio class=\"wp-audio-shortcode\" id=\"audio-86-1\" preload=\"none\" style=\"width: 100%;\" controls=\"controls\"><source type=\"audio\/mpeg\" src=\"https:\/\/diocesanos.es\/blogs\/radiopvi\/wp-content\/uploads\/sites\/18\/2015\/03\/Diego-Y-Ainara.m4a?_=1\" \/><a href=\"https:\/\/diocesanos.es\/blogs\/radiopvi\/wp-content\/uploads\/sites\/18\/2015\/03\/Diego-Y-Ainara.m4a\">https:\/\/diocesanos.es\/blogs\/radiopvi\/wp-content\/uploads\/sites\/18\/2015\/03\/Diego-Y-Ainara.m4a<\/a><\/audio>\n<p>Bienvenidos a nuestro programa especial de despedida del segundo trimestre. Hoy nos hemos desplazado al improvisado \u00abauditorio\u00bb en la sala de psicomotricidad para compartir nuestro programa de \u00abRadio Club 3\u00baC\u00bbcon todos los alumnos de tercero de Infantil y sus maestras.<\/p>\n<p>En este programa tenemos como presentadores a dos alumnos muy especiales, son Diego y Ainara, que han preparado con mucho cari\u00f1o todos los contenidos y secciones del programa. Estos dos peque\u00f1os pero muy grandes alumnos son geniales, porque cada minuto de clase ponen su coraz\u00f3n en cada actividad, por eso son tan especiales.<\/p>\n<p>Por \u00faltimo, avisaros de que hoy tenemos invitados muy especiales, ellos son el futuro de nuestro cole y de nuestra ciudad.<\/p>\n<p>Os seguiremos informando de todo cada Viernes en nuestro programa \u00abRadio CluB 3\u00baC\u00bb.<\/p>\n<p>\u00a1\u00a1\u00a1HASTA PRONTO!!!<\/p>\n<p>&nbsp;<\/p>\n<p><a href=\"https:\/\/diocesanos.es\/blogs\/radiopvi\/wp-content\/uploads\/sites\/18\/2015\/03\/IMG_20150327_120620.jpg\"><img loading=\"lazy\" decoding=\"async\" class=\" size-medium wp-image-97 alignleft\" src=\"https:\/\/diocesanos.es\/blogs\/radiopvi\/wp-content\/uploads\/sites\/18\/2015\/03\/IMG_20150327_120620-300x225.jpg\" alt=\"IMG_20150327_120620\" width=\"300\" height=\"225\" srcset=\"https:\/\/diocesanos.es\/blogs\/radiopvi\/wp-content\/uploads\/sites\/18\/2015\/03\/IMG_20150327_120620-300x225.jpg 300w, https:\/\/diocesanos.es\/blogs\/radiopvi\/wp-content\/uploads\/sites\/18\/2015\/03\/IMG_20150327_120620-1024x768.jpg 1024w\" sizes=\"auto, (max-width: 300px) 100vw, 300px\" \/><\/a> <a href=\"https:\/\/diocesanos.es\/blogs\/radiopvi\/wp-content\/uploads\/sites\/18\/2015\/03\/IMG_20150327_115018.jpg\"><img loading=\"lazy\" decoding=\"async\" class=\" size-medium wp-image-89 alignleft\" src=\"https:\/\/diocesanos.es\/blogs\/radiopvi\/wp-content\/uploads\/sites\/18\/2015\/03\/IMG_20150327_115018-300x225.jpg\" alt=\"IMG_20150327_115018\" width=\"300\" height=\"225\" srcset=\"https:\/\/diocesanos.es\/blogs\/radiopvi\/wp-content\/uploads\/sites\/18\/2015\/03\/IMG_20150327_115018-300x225.jpg 300w, https:\/\/diocesanos.es\/blogs\/radiopvi\/wp-content\/uploads\/sites\/18\/2015\/03\/IMG_20150327_115018-1024x768.jpg 1024w\" sizes=\"auto, (max-width: 300px) 100vw, 300px\" \/><\/a><a href=\"https:\/\/diocesanos.es\/blogs\/radiopvi\/wp-content\/uploads\/sites\/18\/2015\/03\/IMG_20150327_115000.jpg\"><img loading=\"lazy\" decoding=\"async\" class=\" size-medium wp-image-88 alignleft\" src=\"https:\/\/diocesanos.es\/blogs\/radiopvi\/wp-content\/uploads\/sites\/18\/2015\/03\/IMG_20150327_115000-300x225.jpg\" alt=\"IMG_20150327_115000\" width=\"300\" height=\"225\" srcset=\"https:\/\/diocesanos.es\/blogs\/radiopvi\/wp-content\/uploads\/sites\/18\/2015\/03\/IMG_20150327_115000-300x225.jpg 300w, https:\/\/diocesanos.es\/blogs\/radiopvi\/wp-content\/uploads\/sites\/18\/2015\/03\/IMG_20150327_115000-1024x768.jpg 1024w\" sizes=\"auto, (max-width: 300px) 100vw, 300px\" \/><\/a><\/p>\n<p>&nbsp;<\/p>\n<p>&nbsp;<\/p>\n<p><a href=\"https:\/\/diocesanos.es\/blogs\/radiopvi\/wp-content\/uploads\/sites\/18\/2015\/03\/IMG_20150327_115455.jpg\"><img loading=\"lazy\" decoding=\"async\" class=\" size-medium wp-image-91 alignleft\" src=\"https:\/\/diocesanos.es\/blogs\/radiopvi\/wp-content\/uploads\/sites\/18\/2015\/03\/IMG_20150327_115455-300x225.jpg\" alt=\"IMG_20150327_115455\" width=\"300\" height=\"225\" srcset=\"https:\/\/diocesanos.es\/blogs\/radiopvi\/wp-content\/uploads\/sites\/18\/2015\/03\/IMG_20150327_115455-300x225.jpg 300w, https:\/\/diocesanos.es\/blogs\/radiopvi\/wp-content\/uploads\/sites\/18\/2015\/03\/IMG_20150327_115455-1024x768.jpg 1024w\" sizes=\"auto, (max-width: 300px) 100vw, 300px\" \/><\/a> <a href=\"https:\/\/diocesanos.es\/blogs\/radiopvi\/wp-content\/uploads\/sites\/18\/2015\/03\/IMG_20150327_115629.jpg\"><img loading=\"lazy\" decoding=\"async\" class=\" size-medium wp-image-92 alignleft\" src=\"https:\/\/diocesanos.es\/blogs\/radiopvi\/wp-content\/uploads\/sites\/18\/2015\/03\/IMG_20150327_115629-300x225.jpg\" alt=\"IMG_20150327_115629\" width=\"300\" height=\"225\" srcset=\"https:\/\/diocesanos.es\/blogs\/radiopvi\/wp-content\/uploads\/sites\/18\/2015\/03\/IMG_20150327_115629-300x225.jpg 300w, https:\/\/diocesanos.es\/blogs\/radiopvi\/wp-content\/uploads\/sites\/18\/2015\/03\/IMG_20150327_115629-1024x768.jpg 1024w\" sizes=\"auto, (max-width: 300px) 100vw, 300px\" \/><\/a>\u00a0 <a href=\"https:\/\/diocesanos.es\/blogs\/radiopvi\/wp-content\/uploads\/sites\/18\/2015\/03\/IMG_20150327_115807.jpg\"><img loading=\"lazy\" decoding=\"async\" class=\"  wp-image-94 alignnone\" src=\"https:\/\/diocesanos.es\/blogs\/radiopvi\/wp-content\/uploads\/sites\/18\/2015\/03\/IMG_20150327_115807-225x300.jpg\" alt=\"IMG_20150327_115807\" width=\"169\" height=\"225\" srcset=\"https:\/\/diocesanos.es\/blogs\/radiopvi\/wp-content\/uploads\/sites\/18\/2015\/03\/IMG_20150327_115807-225x300.jpg 225w, https:\/\/diocesanos.es\/blogs\/radiopvi\/wp-content\/uploads\/sites\/18\/2015\/03\/IMG_20150327_115807-768x1024.jpg 768w\" sizes=\"auto, (max-width: 169px) 100vw, 169px\" \/><\/a> <a href=\"https:\/\/diocesanos.es\/blogs\/radiopvi\/wp-content\/uploads\/sites\/18\/2015\/03\/IMG_20150327_115904.jpg\"><img loading=\"lazy\" decoding=\"async\" class=\" size-medium wp-image-95 alignleft\" src=\"https:\/\/diocesanos.es\/blogs\/radiopvi\/wp-content\/uploads\/sites\/18\/2015\/03\/IMG_20150327_115904-225x300.jpg\" alt=\"IMG_20150327_115904\" width=\"225\" height=\"300\" srcset=\"https:\/\/diocesanos.es\/blogs\/radiopvi\/wp-content\/uploads\/sites\/18\/2015\/03\/IMG_20150327_115904-225x300.jpg 225w, https:\/\/diocesanos.es\/blogs\/radiopvi\/wp-content\/uploads\/sites\/18\/2015\/03\/IMG_20150327_115904-768x1024.jpg 768w\" sizes=\"auto, (max-width: 225px) 100vw, 225px\" \/><\/a><a href=\"https:\/\/diocesanos.es\/blogs\/radiopvi\/wp-content\/uploads\/sites\/18\/2015\/03\/IMG_20150327_115243.jpg\"><img loading=\"lazy\" decoding=\"async\" class=\" size-medium wp-image-90 alignleft\" src=\"https:\/\/diocesanos.es\/blogs\/radiopvi\/wp-content\/uploads\/sites\/18\/2015\/03\/IMG_20150327_115243-225x300.jpg\" alt=\"IMG_20150327_115243\" width=\"225\" height=\"300\" srcset=\"https:\/\/diocesanos.es\/blogs\/radiopvi\/wp-content\/uploads\/sites\/18\/2015\/03\/IMG_20150327_115243-225x300.jpg 225w, https:\/\/diocesanos.es\/blogs\/radiopvi\/wp-content\/uploads\/sites\/18\/2015\/03\/IMG_20150327_115243-768x1024.jpg 768w\" sizes=\"auto, (max-width: 225px) 100vw, 225px\" \/><\/a><a href=\"https:\/\/diocesanos.es\/blogs\/radiopvi\/wp-content\/uploads\/sites\/18\/2015\/03\/IMG_20150327_115718.jpg\"><img loading=\"lazy\" decoding=\"async\" class=\" size-medium wp-image-93 alignleft\" src=\"https:\/\/diocesanos.es\/blogs\/radiopvi\/wp-content\/uploads\/sites\/18\/2015\/03\/IMG_20150327_115718-225x300.jpg\" alt=\"IMG_20150327_115718\" width=\"225\" height=\"300\" srcset=\"https:\/\/diocesanos.es\/blogs\/radiopvi\/wp-content\/uploads\/sites\/18\/2015\/03\/IMG_20150327_115718-225x300.jpg 225w, https:\/\/diocesanos.es\/blogs\/radiopvi\/wp-content\/uploads\/sites\/18\/2015\/03\/IMG_20150327_115718-768x1024.jpg 768w\" sizes=\"auto, (max-width: 225px) 100vw, 225px\" \/><\/a> <a href=\"https:\/\/diocesanos.es\/blogs\/radiopvi\/wp-content\/uploads\/sites\/18\/2015\/03\/IMG_20150327_120137.jpg\"><img loading=\"lazy\" decoding=\"async\" class=\" size-medium wp-image-96 alignleft\" src=\"https:\/\/diocesanos.es\/blogs\/radiopvi\/wp-content\/uploads\/sites\/18\/2015\/03\/IMG_20150327_120137-225x300.jpg\" alt=\"IMG_20150327_120137\" width=\"225\" height=\"300\" srcset=\"https:\/\/diocesanos.es\/blogs\/radiopvi\/wp-content\/uploads\/sites\/18\/2015\/03\/IMG_20150327_120137-225x300.jpg 225w, https:\/\/diocesanos.es\/blogs\/radiopvi\/wp-content\/uploads\/sites\/18\/2015\/03\/IMG_20150327_120137-768x1024.jpg 768w\" sizes=\"auto, (max-width: 225px) 100vw, 225px\" \/><\/a><\/p>\n","protected":false},"excerpt":{"rendered":"<p>Bienvenidos a nuestro programa especial de despedida del segundo trimestre. Hoy nos hemos desplazado al improvisado \u00abauditorio\u00bb en la sala de psicomotricidad para compartir nuestro programa de \u00abRadio Club 3\u00baC\u00bbcon todos los alumnos de tercero de Infantil y sus maestras. En este programa tenemos como presentadores a dos alumnos muy especiales, son Diego y Ainara, &hellip; <a class=\"read-excerpt\" href=\"https:\/\/diocesanos.es\/blogs\/radiopvi\/2015\/03\/27\/programa-del-27-de-marzo-diego-y-ainara\/\">Continue reading <span class=\"meta-nav\">&raquo;<\/span><\/a><\/p>\n","protected":false},"author":12,"featured_media":0,"comment_status":"open","ping_status":"open","sticky":false,"template":"","format":"standard","meta":{"footnotes":""},"categories":[2,1],"tags":[],"class_list":["post-86","post","type-post","status-publish","format-standard","hentry","category-curso-1516","category-sin-categoria"],"_links":{"self":[{"href":"https:\/\/diocesanos.es\/blogs\/radiopvi\/wp-json\/wp\/v2\/posts\/86","targetHints":{"allow":["GET"]}}],"collection":[{"href":"https:\/\/diocesanos.es\/blogs\/radiopvi\/wp-json\/wp\/v2\/posts"}],"about":[{"href":"https:\/\/diocesanos.es\/blogs\/radiopvi\/wp-json\/wp\/v2\/types\/post"}],"author":[{"embeddable":true,"href":"https:\/\/diocesanos.es\/blogs\/radiopvi\/wp-json\/wp\/v2\/users\/12"}],"replies":[{"embeddable":true,"href":"https:\/\/diocesanos.es\/blogs\/radiopvi\/wp-json\/wp\/v2\/comments?post=86"}],"version-history":[{"count":1,"href":"https:\/\/diocesanos.es\/blogs\/radiopvi\/wp-json\/wp\/v2\/posts\/86\/revisions"}],"predecessor-version":[{"id":319,"href":"https:\/\/diocesanos.es\/blogs\/radiopvi\/wp-json\/wp\/v2\/posts\/86\/revisions\/319"}],"wp:attachment":[{"href":"https:\/\/diocesanos.es\/blogs\/radiopvi\/wp-json\/wp\/v2\/media?parent=86"}],"wp:term":[{"taxonomy":"category","embeddable":true,"href":"https:\/\/diocesanos.es\/blogs\/radiopvi\/wp-json\/wp\/v2\/categories?post=86"},{"taxonomy":"post_tag","embeddable":true,"href":"https:\/\/diocesanos.es\/blogs\/radiopvi\/wp-json\/wp\/v2\/tags?post=86"}],"curies":[{"name":"wp","href":"https:\/\/api.w.org\/{rel}","templated":true}]}}