{"id":74,"date":"2015-03-20T11:56:28","date_gmt":"2015-03-20T11:56:28","guid":{"rendered":"https:\/\/diocesanos.es\/blogs\/radiopvi\/?p=74"},"modified":"2016-11-11T00:19:18","modified_gmt":"2016-11-11T00:19:18","slug":"programa-20-de-marzo-carlos-y-claudia","status":"publish","type":"post","link":"https:\/\/diocesanos.es\/blogs\/radiopvi\/2015\/03\/20\/programa-20-de-marzo-carlos-y-claudia\/","title":{"rendered":"Programa 20 de Marzo. Carlos y Claudia."},"content":{"rendered":"<audio class=\"wp-audio-shortcode\" id=\"audio-74-1\" preload=\"none\" style=\"width: 100%;\" controls=\"controls\"><source type=\"audio\/mpeg\" src=\"https:\/\/diocesanos.es\/blogs\/radiopvi\/wp-content\/uploads\/sites\/18\/2015\/03\/CLAUDIA-Y-CARLOS.m4a?_=1\" \/><a href=\"https:\/\/diocesanos.es\/blogs\/radiopvi\/wp-content\/uploads\/sites\/18\/2015\/03\/CLAUDIA-Y-CARLOS.m4a\">https:\/\/diocesanos.es\/blogs\/radiopvi\/wp-content\/uploads\/sites\/18\/2015\/03\/CLAUDIA-Y-CARLOS.m4a<\/a><\/audio>\n<p>Esta semana tenemos a dos alumnos que lo dan todo en cada actividad. Siempre dispuestos, siempre con alegr\u00eda y siempre con ganas de aprender. Hoy se han convertido en periodistas y lo has hecho \u00a1Genial!. No os perd\u00e1is el programa porque vamos a conocer la actualidad del colegio y del deporte, varios chistes y adivinanzas muy dif\u00edciles, y nos acercaremos a tres seminaristas que han participado con nosotros y nos han contado sus experiencias. Adem\u00e1s nuestros peques les han puesto un peque\u00f1a \u00abtrampa matem\u00e1tica\u00bb&#8230; \u00bfhabr\u00e1n superado la prueba?<\/p>\n<p>Todo esto y mucho m\u00e1s en nuestro programa de \u00abRADIO CLUB 3\u00baC\u00bb.<a href=\"https:\/\/diocesanos.es\/blogs\/radiopvi\/wp-content\/uploads\/sites\/18\/2015\/03\/IMG_20150320_1154461.jpg\"><img loading=\"lazy\" decoding=\"async\" class=\"aligncenter size-medium wp-image-79\" src=\"https:\/\/diocesanos.es\/blogs\/radiopvi\/wp-content\/uploads\/sites\/18\/2015\/03\/IMG_20150320_1154461-300x225.jpg\" alt=\"IMG_20150320_115446(1)\" width=\"300\" height=\"225\" srcset=\"https:\/\/diocesanos.es\/blogs\/radiopvi\/wp-content\/uploads\/sites\/18\/2015\/03\/IMG_20150320_1154461-300x225.jpg 300w, https:\/\/diocesanos.es\/blogs\/radiopvi\/wp-content\/uploads\/sites\/18\/2015\/03\/IMG_20150320_1154461-1024x768.jpg 1024w\" sizes=\"auto, (max-width: 300px) 100vw, 300px\" \/><\/a><a href=\"https:\/\/diocesanos.es\/blogs\/radiopvi\/wp-content\/uploads\/sites\/18\/2015\/03\/IMG_20150320_120321.jpg\"><img loading=\"lazy\" decoding=\"async\" class=\"aligncenter  wp-image-76\" src=\"https:\/\/diocesanos.es\/blogs\/radiopvi\/wp-content\/uploads\/sites\/18\/2015\/03\/IMG_20150320_120321-300x225.jpg\" alt=\"IMG_20150320_120321\" width=\"393\" height=\"295\" srcset=\"https:\/\/diocesanos.es\/blogs\/radiopvi\/wp-content\/uploads\/sites\/18\/2015\/03\/IMG_20150320_120321-300x225.jpg 300w, https:\/\/diocesanos.es\/blogs\/radiopvi\/wp-content\/uploads\/sites\/18\/2015\/03\/IMG_20150320_120321-1024x768.jpg 1024w\" sizes=\"auto, (max-width: 393px) 100vw, 393px\" \/><\/a> <a href=\"https:\/\/diocesanos.es\/blogs\/radiopvi\/wp-content\/uploads\/sites\/18\/2015\/03\/IMG_20150320_115146.jpg\"><img loading=\"lazy\" decoding=\"async\" class=\"aligncenter size-medium wp-image-77\" src=\"https:\/\/diocesanos.es\/blogs\/radiopvi\/wp-content\/uploads\/sites\/18\/2015\/03\/IMG_20150320_115146-300x225.jpg\" alt=\"IMG_20150320_115146\" width=\"300\" height=\"225\" srcset=\"https:\/\/diocesanos.es\/blogs\/radiopvi\/wp-content\/uploads\/sites\/18\/2015\/03\/IMG_20150320_115146-300x225.jpg 300w, https:\/\/diocesanos.es\/blogs\/radiopvi\/wp-content\/uploads\/sites\/18\/2015\/03\/IMG_20150320_115146-1024x768.jpg 1024w\" sizes=\"auto, (max-width: 300px) 100vw, 300px\" \/><\/a> <a href=\"https:\/\/diocesanos.es\/blogs\/radiopvi\/wp-content\/uploads\/sites\/18\/2015\/03\/IMG_20150320_115302.jpg\"><img loading=\"lazy\" decoding=\"async\" class=\"aligncenter size-medium wp-image-78\" src=\"https:\/\/diocesanos.es\/blogs\/radiopvi\/wp-content\/uploads\/sites\/18\/2015\/03\/IMG_20150320_115302-225x300.jpg\" alt=\"IMG_20150320_115302\" width=\"225\" height=\"300\" srcset=\"https:\/\/diocesanos.es\/blogs\/radiopvi\/wp-content\/uploads\/sites\/18\/2015\/03\/IMG_20150320_115302-225x300.jpg 225w, https:\/\/diocesanos.es\/blogs\/radiopvi\/wp-content\/uploads\/sites\/18\/2015\/03\/IMG_20150320_115302-768x1024.jpg 768w\" sizes=\"auto, (max-width: 225px) 100vw, 225px\" \/><\/a><\/p>\n","protected":false},"excerpt":{"rendered":"<p>Esta semana tenemos a dos alumnos que lo dan todo en cada actividad. Siempre dispuestos, siempre con alegr\u00eda y siempre con ganas de aprender. Hoy se han convertido en periodistas y lo has hecho \u00a1Genial!. No os perd\u00e1is el programa porque vamos a conocer la actualidad del colegio y del deporte, varios chistes y adivinanzas &hellip; <a class=\"read-excerpt\" href=\"https:\/\/diocesanos.es\/blogs\/radiopvi\/2015\/03\/20\/programa-20-de-marzo-carlos-y-claudia\/\">Continue reading <span class=\"meta-nav\">&raquo;<\/span><\/a><\/p>\n","protected":false},"author":12,"featured_media":0,"comment_status":"open","ping_status":"open","sticky":false,"template":"","format":"standard","meta":{"footnotes":""},"categories":[2,1],"tags":[],"class_list":["post-74","post","type-post","status-publish","format-standard","hentry","category-curso-1516","category-sin-categoria"],"_links":{"self":[{"href":"https:\/\/diocesanos.es\/blogs\/radiopvi\/wp-json\/wp\/v2\/posts\/74","targetHints":{"allow":["GET"]}}],"collection":[{"href":"https:\/\/diocesanos.es\/blogs\/radiopvi\/wp-json\/wp\/v2\/posts"}],"about":[{"href":"https:\/\/diocesanos.es\/blogs\/radiopvi\/wp-json\/wp\/v2\/types\/post"}],"author":[{"embeddable":true,"href":"https:\/\/diocesanos.es\/blogs\/radiopvi\/wp-json\/wp\/v2\/users\/12"}],"replies":[{"embeddable":true,"href":"https:\/\/diocesanos.es\/blogs\/radiopvi\/wp-json\/wp\/v2\/comments?post=74"}],"version-history":[{"count":1,"href":"https:\/\/diocesanos.es\/blogs\/radiopvi\/wp-json\/wp\/v2\/posts\/74\/revisions"}],"predecessor-version":[{"id":320,"href":"https:\/\/diocesanos.es\/blogs\/radiopvi\/wp-json\/wp\/v2\/posts\/74\/revisions\/320"}],"wp:attachment":[{"href":"https:\/\/diocesanos.es\/blogs\/radiopvi\/wp-json\/wp\/v2\/media?parent=74"}],"wp:term":[{"taxonomy":"category","embeddable":true,"href":"https:\/\/diocesanos.es\/blogs\/radiopvi\/wp-json\/wp\/v2\/categories?post=74"},{"taxonomy":"post_tag","embeddable":true,"href":"https:\/\/diocesanos.es\/blogs\/radiopvi\/wp-json\/wp\/v2\/tags?post=74"}],"curies":[{"name":"wp","href":"https:\/\/api.w.org\/{rel}","templated":true}]}}