{"id":66,"date":"2015-03-13T11:16:14","date_gmt":"2015-03-13T11:16:14","guid":{"rendered":"https:\/\/diocesanos.es\/blogs\/radiopvi\/?p=66"},"modified":"2016-11-11T00:19:18","modified_gmt":"2016-11-11T00:19:18","slug":"programa-del-viernes-13-de-marzo-maria-y-daniel","status":"publish","type":"post","link":"https:\/\/diocesanos.es\/blogs\/radiopvi\/2015\/03\/13\/programa-del-viernes-13-de-marzo-maria-y-daniel\/","title":{"rendered":"PROGRAMA del Viernes 13 de Marzo. Mar\u00eda y Daniel."},"content":{"rendered":"<p>Hoy nuestros period\u00edstas son Mar\u00eda y Daniel. Dos alumnos de los m\u00e1s risue\u00f1os de toda la clase. Esa alegr\u00eda con la que viven cada actividad va a quedar reflejada en este programa de hoy, donde nos har\u00e1n pasar un rato genial. Nos contar\u00e1n curiosidades del d\u00eda, hablar\u00e1n tambi\u00e9n de la \u00abGymkana de repaso\u00bb y entrevistar\u00e1 a Raquel, profesora de Infantil. Todo esto y muchos m\u00e1s, en el programa de hoy en \u00abRADIO CLUB 3\u00baC\u00bb.<\/p>\n<p>Gracias a todos los que nos escuchais y compart\u00eds vuestras opinionen en los comentarios. Seguiremos trabajando para vosotros y para que estos ni\u00f1os sigan divirtiendose y aprendiendo a la vez.<\/p>\n<audio class=\"wp-audio-shortcode\" id=\"audio-66-1\" preload=\"none\" style=\"width: 100%;\" controls=\"controls\"><source type=\"audio\/mpeg\" src=\"https:\/\/diocesanos.es\/blogs\/radiopvi\/wp-content\/uploads\/sites\/18\/2015\/03\/MARI\u0301A-Y-DANI.m4a?_=1\" \/><a href=\"https:\/\/diocesanos.es\/blogs\/radiopvi\/wp-content\/uploads\/sites\/18\/2015\/03\/MARI\u0301A-Y-DANI.m4a\">https:\/\/diocesanos.es\/blogs\/radiopvi\/wp-content\/uploads\/sites\/18\/2015\/03\/MARI\u0301A-Y-DANI.m4a<\/a><\/audio>\n<p><a href=\"https:\/\/diocesanos.es\/blogs\/radiopvi\/wp-content\/uploads\/sites\/18\/2015\/03\/IMG_4861.jpg\"><img loading=\"lazy\" decoding=\"async\" class=\"aligncenter  wp-image-68\" src=\"https:\/\/diocesanos.es\/blogs\/radiopvi\/wp-content\/uploads\/sites\/18\/2015\/03\/IMG_4861-300x225.jpg\" alt=\"IMG_4861\" width=\"456\" height=\"342\" srcset=\"https:\/\/diocesanos.es\/blogs\/radiopvi\/wp-content\/uploads\/sites\/18\/2015\/03\/IMG_4861-300x225.jpg 300w, https:\/\/diocesanos.es\/blogs\/radiopvi\/wp-content\/uploads\/sites\/18\/2015\/03\/IMG_4861-1024x768.jpg 1024w\" sizes=\"auto, (max-width: 456px) 100vw, 456px\" \/><\/a> <a href=\"https:\/\/diocesanos.es\/blogs\/radiopvi\/wp-content\/uploads\/sites\/18\/2015\/03\/IMG_4862.jpg\"><img loading=\"lazy\" decoding=\"async\" class=\"aligncenter  wp-image-69\" src=\"https:\/\/diocesanos.es\/blogs\/radiopvi\/wp-content\/uploads\/sites\/18\/2015\/03\/IMG_4862-300x225.jpg\" alt=\"IMG_4862\" width=\"452\" height=\"339\" srcset=\"https:\/\/diocesanos.es\/blogs\/radiopvi\/wp-content\/uploads\/sites\/18\/2015\/03\/IMG_4862-300x225.jpg 300w, https:\/\/diocesanos.es\/blogs\/radiopvi\/wp-content\/uploads\/sites\/18\/2015\/03\/IMG_4862-1024x768.jpg 1024w, https:\/\/diocesanos.es\/blogs\/radiopvi\/wp-content\/uploads\/sites\/18\/2015\/03\/IMG_4862.jpg 1280w\" sizes=\"auto, (max-width: 452px) 100vw, 452px\" \/><\/a> <a href=\"https:\/\/diocesanos.es\/blogs\/radiopvi\/wp-content\/uploads\/sites\/18\/2015\/03\/IMG_4863.jpg\"><img loading=\"lazy\" decoding=\"async\" class=\"aligncenter  wp-image-70\" src=\"https:\/\/diocesanos.es\/blogs\/radiopvi\/wp-content\/uploads\/sites\/18\/2015\/03\/IMG_4863-225x300.jpg\" alt=\"IMG_4863\" width=\"270\" height=\"360\" srcset=\"https:\/\/diocesanos.es\/blogs\/radiopvi\/wp-content\/uploads\/sites\/18\/2015\/03\/IMG_4863-225x300.jpg 225w, https:\/\/diocesanos.es\/blogs\/radiopvi\/wp-content\/uploads\/sites\/18\/2015\/03\/IMG_4863-768x1024.jpg 768w, https:\/\/diocesanos.es\/blogs\/radiopvi\/wp-content\/uploads\/sites\/18\/2015\/03\/IMG_4863.jpg 960w\" sizes=\"auto, (max-width: 270px) 100vw, 270px\" \/><\/a> <a href=\"https:\/\/diocesanos.es\/blogs\/radiopvi\/wp-content\/uploads\/sites\/18\/2015\/03\/IMG_4864.jpg\"><img loading=\"lazy\" decoding=\"async\" class=\"aligncenter  wp-image-71\" src=\"https:\/\/diocesanos.es\/blogs\/radiopvi\/wp-content\/uploads\/sites\/18\/2015\/03\/IMG_4864-300x225.jpg\" alt=\"IMG_4864\" width=\"460\" height=\"345\" srcset=\"https:\/\/diocesanos.es\/blogs\/radiopvi\/wp-content\/uploads\/sites\/18\/2015\/03\/IMG_4864-300x225.jpg 300w, https:\/\/diocesanos.es\/blogs\/radiopvi\/wp-content\/uploads\/sites\/18\/2015\/03\/IMG_4864-1024x768.jpg 1024w, https:\/\/diocesanos.es\/blogs\/radiopvi\/wp-content\/uploads\/sites\/18\/2015\/03\/IMG_4864.jpg 1280w\" sizes=\"auto, (max-width: 460px) 100vw, 460px\" \/><\/a><\/p>\n","protected":false},"excerpt":{"rendered":"<p>Hoy nuestros period\u00edstas son Mar\u00eda y Daniel. Dos alumnos de los m\u00e1s risue\u00f1os de toda la clase. Esa alegr\u00eda con la que viven cada actividad va a quedar reflejada en este programa de hoy, donde nos har\u00e1n pasar un rato genial. Nos contar\u00e1n curiosidades del d\u00eda, hablar\u00e1n tambi\u00e9n de la \u00abGymkana de repaso\u00bb y entrevistar\u00e1 &hellip; <a class=\"read-excerpt\" href=\"https:\/\/diocesanos.es\/blogs\/radiopvi\/2015\/03\/13\/programa-del-viernes-13-de-marzo-maria-y-daniel\/\">Continue reading <span class=\"meta-nav\">&raquo;<\/span><\/a><\/p>\n","protected":false},"author":12,"featured_media":0,"comment_status":"open","ping_status":"open","sticky":false,"template":"","format":"standard","meta":{"footnotes":""},"categories":[2,1],"tags":[],"class_list":["post-66","post","type-post","status-publish","format-standard","hentry","category-curso-1516","category-sin-categoria"],"_links":{"self":[{"href":"https:\/\/diocesanos.es\/blogs\/radiopvi\/wp-json\/wp\/v2\/posts\/66","targetHints":{"allow":["GET"]}}],"collection":[{"href":"https:\/\/diocesanos.es\/blogs\/radiopvi\/wp-json\/wp\/v2\/posts"}],"about":[{"href":"https:\/\/diocesanos.es\/blogs\/radiopvi\/wp-json\/wp\/v2\/types\/post"}],"author":[{"embeddable":true,"href":"https:\/\/diocesanos.es\/blogs\/radiopvi\/wp-json\/wp\/v2\/users\/12"}],"replies":[{"embeddable":true,"href":"https:\/\/diocesanos.es\/blogs\/radiopvi\/wp-json\/wp\/v2\/comments?post=66"}],"version-history":[{"count":1,"href":"https:\/\/diocesanos.es\/blogs\/radiopvi\/wp-json\/wp\/v2\/posts\/66\/revisions"}],"predecessor-version":[{"id":321,"href":"https:\/\/diocesanos.es\/blogs\/radiopvi\/wp-json\/wp\/v2\/posts\/66\/revisions\/321"}],"wp:attachment":[{"href":"https:\/\/diocesanos.es\/blogs\/radiopvi\/wp-json\/wp\/v2\/media?parent=66"}],"wp:term":[{"taxonomy":"category","embeddable":true,"href":"https:\/\/diocesanos.es\/blogs\/radiopvi\/wp-json\/wp\/v2\/categories?post=66"},{"taxonomy":"post_tag","embeddable":true,"href":"https:\/\/diocesanos.es\/blogs\/radiopvi\/wp-json\/wp\/v2\/tags?post=66"}],"curies":[{"name":"wp","href":"https:\/\/api.w.org\/{rel}","templated":true}]}}