{"id":53,"date":"2015-03-06T11:08:16","date_gmt":"2015-03-06T11:08:16","guid":{"rendered":"https:\/\/diocesanos.es\/blogs\/radiopvi\/?p=53"},"modified":"2016-11-11T00:19:18","modified_gmt":"2016-11-11T00:19:18","slug":"programa-del-6-de-marzo-hugo-y-alex","status":"publish","type":"post","link":"https:\/\/diocesanos.es\/blogs\/radiopvi\/2015\/03\/06\/programa-del-6-de-marzo-hugo-y-alex\/","title":{"rendered":"Programa del 6 de Marzo. HUGO Y ALEX."},"content":{"rendered":"<p>Hoy tenemos con nosotros a dos reporteros de los m\u00e1s \u00abdicharacheros\u00bb del panorama nacional. Nada m\u00e1s y nada menos que Hugo y Alex conducir\u00e1n el programa de radio de hoy, y os har\u00e1n disfrutar de todo lo relacionado con el colegio y esa fant\u00e1tica jornada de puertas abiertas del pasado s\u00e1bado. Como no, el f\u00fatbol estar\u00e1 presente en el programa de hoy, donde nos enteraremos de las clsificaciones y resultado de los equipos diocesanos. Tambi\u00e9n Loli, profesora de guarder\u00eda nos acompa\u00f1ar\u00e1 para hablarnos un poco sobre ella y respoder a la \u00abentrevista rel\u00e1mpago\u00bb que le han hecho estos peque\u00f1os reporteros.<\/p>\n<p>Otra semana m\u00e1s, esperamos que os guste el programa y que disfruteis con nosotros de \u00abRadio Club 3\u00baC\u00bb<\/p>\n<audio class=\"wp-audio-shortcode\" id=\"audio-53-1\" preload=\"none\" style=\"width: 100%;\" controls=\"controls\"><source type=\"audio\/mpeg\" src=\"https:\/\/diocesanos.es\/blogs\/radiopvi\/wp-content\/uploads\/sites\/18\/2015\/03\/HUGO-Y-ALEX.m4a?_=1\" \/><a href=\"https:\/\/diocesanos.es\/blogs\/radiopvi\/wp-content\/uploads\/sites\/18\/2015\/03\/HUGO-Y-ALEX.m4a\">https:\/\/diocesanos.es\/blogs\/radiopvi\/wp-content\/uploads\/sites\/18\/2015\/03\/HUGO-Y-ALEX.m4a<\/a><\/audio>\n<p><a href=\"https:\/\/diocesanos.es\/blogs\/radiopvi\/wp-content\/uploads\/sites\/18\/2015\/03\/la-foto9.jpg\"><img loading=\"lazy\" decoding=\"async\" class=\"aligncenter  wp-image-55\" src=\"https:\/\/diocesanos.es\/blogs\/radiopvi\/wp-content\/uploads\/sites\/18\/2015\/03\/la-foto9-300x225.jpg\" alt=\"la foto(9)\" width=\"463\" height=\"347\" srcset=\"https:\/\/diocesanos.es\/blogs\/radiopvi\/wp-content\/uploads\/sites\/18\/2015\/03\/la-foto9-300x225.jpg 300w, https:\/\/diocesanos.es\/blogs\/radiopvi\/wp-content\/uploads\/sites\/18\/2015\/03\/la-foto9-1024x768.jpg 1024w\" sizes=\"auto, (max-width: 463px) 100vw, 463px\" \/><\/a>\u00a0 <a href=\"https:\/\/diocesanos.es\/blogs\/radiopvi\/wp-content\/uploads\/sites\/18\/2015\/03\/IMG_20150306_115443.jpg\"><img loading=\"lazy\" decoding=\"async\" class=\"  wp-image-57 alignleft\" src=\"https:\/\/diocesanos.es\/blogs\/radiopvi\/wp-content\/uploads\/sites\/18\/2015\/03\/IMG_20150306_115443-300x225.jpg\" alt=\"IMG_20150306_115443\" width=\"218\" height=\"164\" srcset=\"https:\/\/diocesanos.es\/blogs\/radiopvi\/wp-content\/uploads\/sites\/18\/2015\/03\/IMG_20150306_115443-300x225.jpg 300w, https:\/\/diocesanos.es\/blogs\/radiopvi\/wp-content\/uploads\/sites\/18\/2015\/03\/IMG_20150306_115443-1024x768.jpg 1024w\" sizes=\"auto, (max-width: 218px) 100vw, 218px\" \/><\/a><a href=\"https:\/\/diocesanos.es\/blogs\/radiopvi\/wp-content\/uploads\/sites\/18\/2015\/03\/IMG_20150306_115412.jpg\"><img loading=\"lazy\" decoding=\"async\" class=\"  wp-image-56 alignleft\" src=\"https:\/\/diocesanos.es\/blogs\/radiopvi\/wp-content\/uploads\/sites\/18\/2015\/03\/IMG_20150306_115412-300x225.jpg\" alt=\"IMG_20150306_115412\" width=\"219\" height=\"165\" srcset=\"https:\/\/diocesanos.es\/blogs\/radiopvi\/wp-content\/uploads\/sites\/18\/2015\/03\/IMG_20150306_115412-300x225.jpg 300w, https:\/\/diocesanos.es\/blogs\/radiopvi\/wp-content\/uploads\/sites\/18\/2015\/03\/IMG_20150306_115412-1024x768.jpg 1024w\" sizes=\"auto, (max-width: 219px) 100vw, 219px\" \/><\/a> <a href=\"https:\/\/diocesanos.es\/blogs\/radiopvi\/wp-content\/uploads\/sites\/18\/2015\/03\/IMG_20150306_115801.jpg\"><img loading=\"lazy\" decoding=\"async\" class=\"  wp-image-58 alignleft\" src=\"https:\/\/diocesanos.es\/blogs\/radiopvi\/wp-content\/uploads\/sites\/18\/2015\/03\/IMG_20150306_115801-225x300.jpg\" alt=\"IMG_20150306_115801\" width=\"279\" height=\"371\" srcset=\"https:\/\/diocesanos.es\/blogs\/radiopvi\/wp-content\/uploads\/sites\/18\/2015\/03\/IMG_20150306_115801-225x300.jpg 225w, https:\/\/diocesanos.es\/blogs\/radiopvi\/wp-content\/uploads\/sites\/18\/2015\/03\/IMG_20150306_115801-768x1024.jpg 768w\" sizes=\"auto, (max-width: 279px) 100vw, 279px\" \/><\/a><\/p>\n","protected":false},"excerpt":{"rendered":"<p>Hoy tenemos con nosotros a dos reporteros de los m\u00e1s \u00abdicharacheros\u00bb del panorama nacional. Nada m\u00e1s y nada menos que Hugo y Alex conducir\u00e1n el programa de radio de hoy, y os har\u00e1n disfrutar de todo lo relacionado con el colegio y esa fant\u00e1tica jornada de puertas abiertas del pasado s\u00e1bado. Como no, el f\u00fatbol &hellip; <a class=\"read-excerpt\" href=\"https:\/\/diocesanos.es\/blogs\/radiopvi\/2015\/03\/06\/programa-del-6-de-marzo-hugo-y-alex\/\">Continue reading <span class=\"meta-nav\">&raquo;<\/span><\/a><\/p>\n","protected":false},"author":12,"featured_media":0,"comment_status":"open","ping_status":"open","sticky":false,"template":"","format":"standard","meta":{"footnotes":""},"categories":[2,1],"tags":[],"class_list":["post-53","post","type-post","status-publish","format-standard","hentry","category-curso-1516","category-sin-categoria"],"_links":{"self":[{"href":"https:\/\/diocesanos.es\/blogs\/radiopvi\/wp-json\/wp\/v2\/posts\/53","targetHints":{"allow":["GET"]}}],"collection":[{"href":"https:\/\/diocesanos.es\/blogs\/radiopvi\/wp-json\/wp\/v2\/posts"}],"about":[{"href":"https:\/\/diocesanos.es\/blogs\/radiopvi\/wp-json\/wp\/v2\/types\/post"}],"author":[{"embeddable":true,"href":"https:\/\/diocesanos.es\/blogs\/radiopvi\/wp-json\/wp\/v2\/users\/12"}],"replies":[{"embeddable":true,"href":"https:\/\/diocesanos.es\/blogs\/radiopvi\/wp-json\/wp\/v2\/comments?post=53"}],"version-history":[{"count":1,"href":"https:\/\/diocesanos.es\/blogs\/radiopvi\/wp-json\/wp\/v2\/posts\/53\/revisions"}],"predecessor-version":[{"id":322,"href":"https:\/\/diocesanos.es\/blogs\/radiopvi\/wp-json\/wp\/v2\/posts\/53\/revisions\/322"}],"wp:attachment":[{"href":"https:\/\/diocesanos.es\/blogs\/radiopvi\/wp-json\/wp\/v2\/media?parent=53"}],"wp:term":[{"taxonomy":"category","embeddable":true,"href":"https:\/\/diocesanos.es\/blogs\/radiopvi\/wp-json\/wp\/v2\/categories?post=53"},{"taxonomy":"post_tag","embeddable":true,"href":"https:\/\/diocesanos.es\/blogs\/radiopvi\/wp-json\/wp\/v2\/tags?post=53"}],"curies":[{"name":"wp","href":"https:\/\/api.w.org\/{rel}","templated":true}]}}