{"id":452,"date":"2017-03-13T08:43:14","date_gmt":"2017-03-13T08:43:14","guid":{"rendered":"https:\/\/diocesanos.es\/blogs\/radiopvi\/?p=452"},"modified":"2017-03-13T08:43:14","modified_gmt":"2017-03-13T08:43:14","slug":"programa-del-10-de-marzo-ines-y-hugo","status":"publish","type":"post","link":"https:\/\/diocesanos.es\/blogs\/radiopvi\/2017\/03\/13\/programa-del-10-de-marzo-ines-y-hugo\/","title":{"rendered":"Programa del 10 de Marzo. In\u00e9s y Hugo."},"content":{"rendered":"<audio class=\"wp-audio-shortcode\" id=\"audio-452-1\" preload=\"none\" style=\"width: 100%;\" controls=\"controls\"><source type=\"audio\/mpeg\" src=\"https:\/\/diocesanos.es\/blogs\/radiopvi\/wp-content\/uploads\/sites\/18\/2017\/03\/In\u00e9syHugo.mp3?_=1\" \/><a href=\"https:\/\/diocesanos.es\/blogs\/radiopvi\/wp-content\/uploads\/sites\/18\/2017\/03\/In\u00e9syHugo.mp3\">https:\/\/diocesanos.es\/blogs\/radiopvi\/wp-content\/uploads\/sites\/18\/2017\/03\/In\u00e9syHugo.mp3<\/a><\/audio>\n<p>Hoy tenemos con nosotros un programa muy especial. El \u00faltimo programa de este curso, con el que terminamos esta actividad por el momento.<\/p>\n<p>Hoy In\u00e9s y Hugo nos presentar\u00e1n todas las novedades del colegio, las noticias m\u00e1s destacadas de la semana y nos acercar\u00e1n a la vida de un DJ de m\u00fasica.<\/p>\n<p>Gran trabajo de estos peques.<\/p>\n<p><a href=\"https:\/\/diocesanos.es\/blogs\/radiopvi\/wp-content\/uploads\/sites\/18\/2017\/03\/IMG_0891.jpg\"><img loading=\"lazy\" decoding=\"async\" class=\"wp-image-454 alignleft\" src=\"https:\/\/diocesanos.es\/blogs\/radiopvi\/wp-content\/uploads\/sites\/18\/2017\/03\/IMG_0891-300x225.jpg\" alt=\"\" width=\"588\" height=\"441\" srcset=\"https:\/\/diocesanos.es\/blogs\/radiopvi\/wp-content\/uploads\/sites\/18\/2017\/03\/IMG_0891-300x225.jpg 300w, https:\/\/diocesanos.es\/blogs\/radiopvi\/wp-content\/uploads\/sites\/18\/2017\/03\/IMG_0891-768x576.jpg 768w, https:\/\/diocesanos.es\/blogs\/radiopvi\/wp-content\/uploads\/sites\/18\/2017\/03\/IMG_0891-1024x768.jpg 1024w\" sizes=\"auto, (max-width: 588px) 100vw, 588px\" \/><\/a> <a href=\"https:\/\/diocesanos.es\/blogs\/radiopvi\/wp-content\/uploads\/sites\/18\/2017\/03\/IMG_0892.jpg\"><img loading=\"lazy\" decoding=\"async\" class=\"wp-image-455 alignleft\" src=\"https:\/\/diocesanos.es\/blogs\/radiopvi\/wp-content\/uploads\/sites\/18\/2017\/03\/IMG_0892-300x225.jpg\" alt=\"\" width=\"287\" height=\"215\" srcset=\"https:\/\/diocesanos.es\/blogs\/radiopvi\/wp-content\/uploads\/sites\/18\/2017\/03\/IMG_0892-300x225.jpg 300w, https:\/\/diocesanos.es\/blogs\/radiopvi\/wp-content\/uploads\/sites\/18\/2017\/03\/IMG_0892-768x576.jpg 768w, https:\/\/diocesanos.es\/blogs\/radiopvi\/wp-content\/uploads\/sites\/18\/2017\/03\/IMG_0892-1024x768.jpg 1024w\" sizes=\"auto, (max-width: 287px) 100vw, 287px\" \/><\/a> <a href=\"https:\/\/diocesanos.es\/blogs\/radiopvi\/wp-content\/uploads\/sites\/18\/2017\/03\/IMG_0894.jpg\"><img loading=\"lazy\" decoding=\"async\" class=\" wp-image-456 alignleft\" src=\"https:\/\/diocesanos.es\/blogs\/radiopvi\/wp-content\/uploads\/sites\/18\/2017\/03\/IMG_0894-300x225.jpg\" alt=\"\" width=\"287\" height=\"215\" srcset=\"https:\/\/diocesanos.es\/blogs\/radiopvi\/wp-content\/uploads\/sites\/18\/2017\/03\/IMG_0894-300x225.jpg 300w, https:\/\/diocesanos.es\/blogs\/radiopvi\/wp-content\/uploads\/sites\/18\/2017\/03\/IMG_0894-768x576.jpg 768w, https:\/\/diocesanos.es\/blogs\/radiopvi\/wp-content\/uploads\/sites\/18\/2017\/03\/IMG_0894-1024x768.jpg 1024w\" sizes=\"auto, (max-width: 287px) 100vw, 287px\" \/><\/a><\/p>\n","protected":false},"excerpt":{"rendered":"<p>Hoy tenemos con nosotros un programa muy especial. El \u00faltimo programa de este curso, con el que terminamos esta actividad por el momento. Hoy In\u00e9s y Hugo nos presentar\u00e1n todas las novedades del colegio, las noticias m\u00e1s destacadas de la semana y nos acercar\u00e1n a la vida de un DJ de m\u00fasica. Gran trabajo de &hellip; <a class=\"read-excerpt\" href=\"https:\/\/diocesanos.es\/blogs\/radiopvi\/2017\/03\/13\/programa-del-10-de-marzo-ines-y-hugo\/\">Continue reading <span class=\"meta-nav\">&raquo;<\/span><\/a><\/p>\n","protected":false},"author":12,"featured_media":0,"comment_status":"open","ping_status":"open","sticky":false,"template":"","format":"standard","meta":{"footnotes":""},"categories":[1],"tags":[],"class_list":["post-452","post","type-post","status-publish","format-standard","hentry","category-sin-categoria"],"_links":{"self":[{"href":"https:\/\/diocesanos.es\/blogs\/radiopvi\/wp-json\/wp\/v2\/posts\/452","targetHints":{"allow":["GET"]}}],"collection":[{"href":"https:\/\/diocesanos.es\/blogs\/radiopvi\/wp-json\/wp\/v2\/posts"}],"about":[{"href":"https:\/\/diocesanos.es\/blogs\/radiopvi\/wp-json\/wp\/v2\/types\/post"}],"author":[{"embeddable":true,"href":"https:\/\/diocesanos.es\/blogs\/radiopvi\/wp-json\/wp\/v2\/users\/12"}],"replies":[{"embeddable":true,"href":"https:\/\/diocesanos.es\/blogs\/radiopvi\/wp-json\/wp\/v2\/comments?post=452"}],"version-history":[{"count":1,"href":"https:\/\/diocesanos.es\/blogs\/radiopvi\/wp-json\/wp\/v2\/posts\/452\/revisions"}],"predecessor-version":[{"id":457,"href":"https:\/\/diocesanos.es\/blogs\/radiopvi\/wp-json\/wp\/v2\/posts\/452\/revisions\/457"}],"wp:attachment":[{"href":"https:\/\/diocesanos.es\/blogs\/radiopvi\/wp-json\/wp\/v2\/media?parent=452"}],"wp:term":[{"taxonomy":"category","embeddable":true,"href":"https:\/\/diocesanos.es\/blogs\/radiopvi\/wp-json\/wp\/v2\/categories?post=452"},{"taxonomy":"post_tag","embeddable":true,"href":"https:\/\/diocesanos.es\/blogs\/radiopvi\/wp-json\/wp\/v2\/tags?post=452"}],"curies":[{"name":"wp","href":"https:\/\/api.w.org\/{rel}","templated":true}]}}