{"id":440,"date":"2017-03-03T20:16:41","date_gmt":"2017-03-03T20:16:41","guid":{"rendered":"https:\/\/diocesanos.es\/blogs\/radiopvi\/?p=440"},"modified":"2017-03-04T09:21:42","modified_gmt":"2017-03-04T09:21:42","slug":"programa-del-2-del-marzo-del-2017-carlos-arribas-thiago-y-ainhoa","status":"publish","type":"post","link":"https:\/\/diocesanos.es\/blogs\/radiopvi\/2017\/03\/03\/programa-del-2-del-marzo-del-2017-carlos-arribas-thiago-y-ainhoa\/","title":{"rendered":"Programa del 2 del marzo del 2017. Daniel Arribas, Thiago y Ainhoa."},"content":{"rendered":"<audio class=\"wp-audio-shortcode\" id=\"audio-440-1\" preload=\"none\" style=\"width: 100%;\" controls=\"controls\"><source type=\"audio\/mpeg\" src=\"https:\/\/diocesanos.es\/blogs\/radiopvi\/wp-content\/uploads\/sites\/18\/2017\/03\/Carlos-Thiago-Ainhoa.mp3?_=1\" \/><a href=\"https:\/\/diocesanos.es\/blogs\/radiopvi\/wp-content\/uploads\/sites\/18\/2017\/03\/Carlos-Thiago-Ainhoa.mp3\">https:\/\/diocesanos.es\/blogs\/radiopvi\/wp-content\/uploads\/sites\/18\/2017\/03\/Carlos-Thiago-Ainhoa.mp3<\/a><\/audio>\n<audio class=\"wp-audio-shortcode\" id=\"audio-440-2\" preload=\"none\" style=\"width: 100%;\" controls=\"controls\"><source type=\"audio\/mpeg\" src=\"https:\/\/diocesanos.es\/blogs\/radiopvi\/wp-content\/uploads\/sites\/18\/2017\/03\/Carlos-Thiago-Ainhoa-2.mp3?_=2\" \/><a href=\"https:\/\/diocesanos.es\/blogs\/radiopvi\/wp-content\/uploads\/sites\/18\/2017\/03\/Carlos-Thiago-Ainhoa-2.mp3\">https:\/\/diocesanos.es\/blogs\/radiopvi\/wp-content\/uploads\/sites\/18\/2017\/03\/Carlos-Thiago-Ainhoa-2.mp3<\/a><\/audio>\n<p>Buenos d\u00edas un viernes m\u00e1s desde el taller de radio m\u00e1s mol\u00f3n de las ondas.<\/p>\n<p>Hoy tenemos un programa cargad\u00edsimo de contenidos, dirigido por Daniel Arribas, Thiago y Ainhoa.<\/p>\n<p>Atentos a la entrevista que puede aportarnos muchas cosas, un anticipo, hoy tenemos a todo un CAMPE\u00d3N DE ESPA\u00d1A.<\/p>\n<p>Dale al Play y disfruta con nosotros.<\/p>\n<p><a href=\"https:\/\/diocesanos.es\/blogs\/radiopvi\/wp-content\/uploads\/sites\/18\/2017\/03\/IMG_0633.jpg\"><img loading=\"lazy\" decoding=\"async\" class=\"wp-image-445 alignleft\" src=\"https:\/\/diocesanos.es\/blogs\/radiopvi\/wp-content\/uploads\/sites\/18\/2017\/03\/IMG_0633-300x225.jpg\" alt=\"\" width=\"576\" height=\"432\" srcset=\"https:\/\/diocesanos.es\/blogs\/radiopvi\/wp-content\/uploads\/sites\/18\/2017\/03\/IMG_0633-300x225.jpg 300w, https:\/\/diocesanos.es\/blogs\/radiopvi\/wp-content\/uploads\/sites\/18\/2017\/03\/IMG_0633-768x576.jpg 768w, https:\/\/diocesanos.es\/blogs\/radiopvi\/wp-content\/uploads\/sites\/18\/2017\/03\/IMG_0633-1024x768.jpg 1024w\" sizes=\"auto, (max-width: 576px) 100vw, 576px\" \/><\/a> <a href=\"https:\/\/diocesanos.es\/blogs\/radiopvi\/wp-content\/uploads\/sites\/18\/2017\/03\/IMG_0634.jpg\"><img loading=\"lazy\" decoding=\"async\" class=\" wp-image-446 alignleft\" src=\"https:\/\/diocesanos.es\/blogs\/radiopvi\/wp-content\/uploads\/sites\/18\/2017\/03\/IMG_0634-300x225.jpg\" alt=\"\" width=\"278\" height=\"209\" srcset=\"https:\/\/diocesanos.es\/blogs\/radiopvi\/wp-content\/uploads\/sites\/18\/2017\/03\/IMG_0634-300x225.jpg 300w, https:\/\/diocesanos.es\/blogs\/radiopvi\/wp-content\/uploads\/sites\/18\/2017\/03\/IMG_0634-768x576.jpg 768w, https:\/\/diocesanos.es\/blogs\/radiopvi\/wp-content\/uploads\/sites\/18\/2017\/03\/IMG_0634-1024x768.jpg 1024w\" sizes=\"auto, (max-width: 278px) 100vw, 278px\" \/><\/a> <a href=\"https:\/\/diocesanos.es\/blogs\/radiopvi\/wp-content\/uploads\/sites\/18\/2017\/03\/IMG_0635.jpg\"><img loading=\"lazy\" decoding=\"async\" class=\" wp-image-447 alignleft\" src=\"https:\/\/diocesanos.es\/blogs\/radiopvi\/wp-content\/uploads\/sites\/18\/2017\/03\/IMG_0635-300x225.jpg\" alt=\"\" width=\"284\" height=\"213\" srcset=\"https:\/\/diocesanos.es\/blogs\/radiopvi\/wp-content\/uploads\/sites\/18\/2017\/03\/IMG_0635-300x225.jpg 300w, https:\/\/diocesanos.es\/blogs\/radiopvi\/wp-content\/uploads\/sites\/18\/2017\/03\/IMG_0635-768x576.jpg 768w, https:\/\/diocesanos.es\/blogs\/radiopvi\/wp-content\/uploads\/sites\/18\/2017\/03\/IMG_0635-1024x768.jpg 1024w\" sizes=\"auto, (max-width: 284px) 100vw, 284px\" \/><\/a> <a href=\"https:\/\/diocesanos.es\/blogs\/radiopvi\/wp-content\/uploads\/sites\/18\/2017\/03\/IMG_0636.jpg\"><img loading=\"lazy\" decoding=\"async\" class=\" wp-image-448 alignleft\" src=\"https:\/\/diocesanos.es\/blogs\/radiopvi\/wp-content\/uploads\/sites\/18\/2017\/03\/IMG_0636-300x225.jpg\" alt=\"\" width=\"279\" height=\"209\" srcset=\"https:\/\/diocesanos.es\/blogs\/radiopvi\/wp-content\/uploads\/sites\/18\/2017\/03\/IMG_0636-300x225.jpg 300w, https:\/\/diocesanos.es\/blogs\/radiopvi\/wp-content\/uploads\/sites\/18\/2017\/03\/IMG_0636-768x576.jpg 768w, https:\/\/diocesanos.es\/blogs\/radiopvi\/wp-content\/uploads\/sites\/18\/2017\/03\/IMG_0636-1024x768.jpg 1024w\" sizes=\"auto, (max-width: 279px) 100vw, 279px\" \/><\/a><a href=\"https:\/\/diocesanos.es\/blogs\/radiopvi\/wp-content\/uploads\/sites\/18\/2017\/03\/IMG_0631.jpg\"><img loading=\"lazy\" decoding=\"async\" class=\" wp-image-443 alignleft\" src=\"https:\/\/diocesanos.es\/blogs\/radiopvi\/wp-content\/uploads\/sites\/18\/2017\/03\/IMG_0631-300x225.jpg\" alt=\"\" width=\"278\" height=\"208\" srcset=\"https:\/\/diocesanos.es\/blogs\/radiopvi\/wp-content\/uploads\/sites\/18\/2017\/03\/IMG_0631-300x225.jpg 300w, https:\/\/diocesanos.es\/blogs\/radiopvi\/wp-content\/uploads\/sites\/18\/2017\/03\/IMG_0631-768x576.jpg 768w, https:\/\/diocesanos.es\/blogs\/radiopvi\/wp-content\/uploads\/sites\/18\/2017\/03\/IMG_0631-1024x768.jpg 1024w\" sizes=\"auto, (max-width: 278px) 100vw, 278px\" \/><\/a><\/p>\n","protected":false},"excerpt":{"rendered":"<p>Buenos d\u00edas un viernes m\u00e1s desde el taller de radio m\u00e1s mol\u00f3n de las ondas. Hoy tenemos un programa cargad\u00edsimo de contenidos, dirigido por Daniel Arribas, Thiago y Ainhoa. Atentos a la entrevista que puede aportarnos muchas cosas, un anticipo, hoy tenemos a todo un CAMPE\u00d3N DE ESPA\u00d1A. Dale al Play y disfruta con nosotros.<\/p>\n","protected":false},"author":12,"featured_media":0,"comment_status":"open","ping_status":"open","sticky":false,"template":"","format":"standard","meta":{"footnotes":""},"categories":[1],"tags":[],"class_list":["post-440","post","type-post","status-publish","format-standard","hentry","category-sin-categoria"],"_links":{"self":[{"href":"https:\/\/diocesanos.es\/blogs\/radiopvi\/wp-json\/wp\/v2\/posts\/440","targetHints":{"allow":["GET"]}}],"collection":[{"href":"https:\/\/diocesanos.es\/blogs\/radiopvi\/wp-json\/wp\/v2\/posts"}],"about":[{"href":"https:\/\/diocesanos.es\/blogs\/radiopvi\/wp-json\/wp\/v2\/types\/post"}],"author":[{"embeddable":true,"href":"https:\/\/diocesanos.es\/blogs\/radiopvi\/wp-json\/wp\/v2\/users\/12"}],"replies":[{"embeddable":true,"href":"https:\/\/diocesanos.es\/blogs\/radiopvi\/wp-json\/wp\/v2\/comments?post=440"}],"version-history":[{"count":2,"href":"https:\/\/diocesanos.es\/blogs\/radiopvi\/wp-json\/wp\/v2\/posts\/440\/revisions"}],"predecessor-version":[{"id":450,"href":"https:\/\/diocesanos.es\/blogs\/radiopvi\/wp-json\/wp\/v2\/posts\/440\/revisions\/450"}],"wp:attachment":[{"href":"https:\/\/diocesanos.es\/blogs\/radiopvi\/wp-json\/wp\/v2\/media?parent=440"}],"wp:term":[{"taxonomy":"category","embeddable":true,"href":"https:\/\/diocesanos.es\/blogs\/radiopvi\/wp-json\/wp\/v2\/categories?post=440"},{"taxonomy":"post_tag","embeddable":true,"href":"https:\/\/diocesanos.es\/blogs\/radiopvi\/wp-json\/wp\/v2\/tags?post=440"}],"curies":[{"name":"wp","href":"https:\/\/api.w.org\/{rel}","templated":true}]}}