{"id":422,"date":"2017-02-20T08:02:27","date_gmt":"2017-02-20T08:02:27","guid":{"rendered":"https:\/\/diocesanos.es\/blogs\/radiopvi\/?p=422"},"modified":"2017-02-20T18:38:05","modified_gmt":"2017-02-20T18:38:05","slug":"programa-del-17-de-febrero-ivan-y-ainhara","status":"publish","type":"post","link":"https:\/\/diocesanos.es\/blogs\/radiopvi\/2017\/02\/20\/programa-del-17-de-febrero-ivan-y-ainhara\/","title":{"rendered":"Programa del 17 de febrero. Iv\u00e1n y Ainhara."},"content":{"rendered":"<audio class=\"wp-audio-shortcode\" id=\"audio-422-1\" preload=\"none\" style=\"width: 100%;\" controls=\"controls\"><source type=\"audio\/mpeg\" src=\"https:\/\/diocesanos.es\/blogs\/radiopvi\/wp-content\/uploads\/sites\/18\/2017\/02\/Ainhara-e-Iv\u00e1n.mp3?_=1\" \/><a href=\"https:\/\/diocesanos.es\/blogs\/radiopvi\/wp-content\/uploads\/sites\/18\/2017\/02\/Ainhara-e-Iv\u00e1n.mp3\">https:\/\/diocesanos.es\/blogs\/radiopvi\/wp-content\/uploads\/sites\/18\/2017\/02\/Ainhara-e-Iv\u00e1n.mp3<\/a><\/audio>\n<p>Buenos d\u00edas, una semana m\u00e1s os mostramos el trabajo de nustros reporteros al mando del Taller de Radio m\u00e1s mol\u00f3n de la historia \u00abRadrio Club 3\u00baA\u00bb.<\/p>\n<p>Noticias, el tiempo y una entrevista muy especial a nuestro profe de pr\u00e1cticas y portero del Real \u00c1vila Julen, nos har\u00e1n pasar un rato muy divertido.<\/p>\n<p>No esperes m\u00e1s y ponte a escuchar.<\/p>\n<p><a href=\"https:\/\/diocesanos.es\/blogs\/radiopvi\/wp-content\/uploads\/sites\/18\/2017\/02\/IMG_0057.jpg\"><img loading=\"lazy\" decoding=\"async\" class=\"aligncenter wp-image-423\" src=\"https:\/\/diocesanos.es\/blogs\/radiopvi\/wp-content\/uploads\/sites\/18\/2017\/02\/IMG_0057-300x225.jpg\" alt=\"\" width=\"555\" height=\"417\" srcset=\"https:\/\/diocesanos.es\/blogs\/radiopvi\/wp-content\/uploads\/sites\/18\/2017\/02\/IMG_0057-300x225.jpg 300w, https:\/\/diocesanos.es\/blogs\/radiopvi\/wp-content\/uploads\/sites\/18\/2017\/02\/IMG_0057-768x576.jpg 768w, https:\/\/diocesanos.es\/blogs\/radiopvi\/wp-content\/uploads\/sites\/18\/2017\/02\/IMG_0057-1024x768.jpg 1024w\" sizes=\"auto, (max-width: 555px) 100vw, 555px\" \/><\/a> <a href=\"https:\/\/diocesanos.es\/blogs\/radiopvi\/wp-content\/uploads\/sites\/18\/2017\/02\/IMG_0055.jpg\"><img loading=\"lazy\" decoding=\"async\" class=\" wp-image-424 alignleft\" src=\"https:\/\/diocesanos.es\/blogs\/radiopvi\/wp-content\/uploads\/sites\/18\/2017\/02\/IMG_0055-300x225.jpg\" alt=\"\" width=\"284\" height=\"213\" srcset=\"https:\/\/diocesanos.es\/blogs\/radiopvi\/wp-content\/uploads\/sites\/18\/2017\/02\/IMG_0055-300x225.jpg 300w, https:\/\/diocesanos.es\/blogs\/radiopvi\/wp-content\/uploads\/sites\/18\/2017\/02\/IMG_0055-768x576.jpg 768w, https:\/\/diocesanos.es\/blogs\/radiopvi\/wp-content\/uploads\/sites\/18\/2017\/02\/IMG_0055-1024x768.jpg 1024w\" sizes=\"auto, (max-width: 284px) 100vw, 284px\" \/><\/a> <a href=\"https:\/\/diocesanos.es\/blogs\/radiopvi\/wp-content\/uploads\/sites\/18\/2017\/02\/IMG_0058.jpg\"><img loading=\"lazy\" decoding=\"async\" class=\" wp-image-426 alignleft\" src=\"https:\/\/diocesanos.es\/blogs\/radiopvi\/wp-content\/uploads\/sites\/18\/2017\/02\/IMG_0058-300x225.jpg\" alt=\"\" width=\"286\" height=\"214\" srcset=\"https:\/\/diocesanos.es\/blogs\/radiopvi\/wp-content\/uploads\/sites\/18\/2017\/02\/IMG_0058-300x225.jpg 300w, https:\/\/diocesanos.es\/blogs\/radiopvi\/wp-content\/uploads\/sites\/18\/2017\/02\/IMG_0058-768x576.jpg 768w, https:\/\/diocesanos.es\/blogs\/radiopvi\/wp-content\/uploads\/sites\/18\/2017\/02\/IMG_0058-1024x768.jpg 1024w\" sizes=\"auto, (max-width: 286px) 100vw, 286px\" \/><\/a> <a href=\"https:\/\/diocesanos.es\/blogs\/radiopvi\/wp-content\/uploads\/sites\/18\/2017\/02\/IMG_0059.jpg\"><img loading=\"lazy\" decoding=\"async\" class=\" wp-image-427 alignleft\" src=\"https:\/\/diocesanos.es\/blogs\/radiopvi\/wp-content\/uploads\/sites\/18\/2017\/02\/IMG_0059-300x225.jpg\" alt=\"\" width=\"289\" height=\"217\" srcset=\"https:\/\/diocesanos.es\/blogs\/radiopvi\/wp-content\/uploads\/sites\/18\/2017\/02\/IMG_0059-300x225.jpg 300w, https:\/\/diocesanos.es\/blogs\/radiopvi\/wp-content\/uploads\/sites\/18\/2017\/02\/IMG_0059-768x576.jpg 768w, https:\/\/diocesanos.es\/blogs\/radiopvi\/wp-content\/uploads\/sites\/18\/2017\/02\/IMG_0059-1024x768.jpg 1024w\" sizes=\"auto, (max-width: 289px) 100vw, 289px\" \/><\/a> <a href=\"https:\/\/diocesanos.es\/blogs\/radiopvi\/wp-content\/uploads\/sites\/18\/2017\/02\/IMG_0060.jpg\"><img loading=\"lazy\" decoding=\"async\" class=\"wp-image-428 alignleft\" src=\"https:\/\/diocesanos.es\/blogs\/radiopvi\/wp-content\/uploads\/sites\/18\/2017\/02\/IMG_0060-300x225.jpg\" alt=\"\" width=\"291\" height=\"218\" srcset=\"https:\/\/diocesanos.es\/blogs\/radiopvi\/wp-content\/uploads\/sites\/18\/2017\/02\/IMG_0060-300x225.jpg 300w, https:\/\/diocesanos.es\/blogs\/radiopvi\/wp-content\/uploads\/sites\/18\/2017\/02\/IMG_0060-768x576.jpg 768w, https:\/\/diocesanos.es\/blogs\/radiopvi\/wp-content\/uploads\/sites\/18\/2017\/02\/IMG_0060-1024x768.jpg 1024w\" sizes=\"auto, (max-width: 291px) 100vw, 291px\" \/><\/a><\/p>\n","protected":false},"excerpt":{"rendered":"<p>Buenos d\u00edas, una semana m\u00e1s os mostramos el trabajo de nustros reporteros al mando del Taller de Radio m\u00e1s mol\u00f3n de la historia \u00abRadrio Club 3\u00baA\u00bb. Noticias, el tiempo y una entrevista muy especial a nuestro profe de pr\u00e1cticas y portero del Real \u00c1vila Julen, nos har\u00e1n pasar un rato muy divertido. No esperes m\u00e1s &hellip; <a class=\"read-excerpt\" href=\"https:\/\/diocesanos.es\/blogs\/radiopvi\/2017\/02\/20\/programa-del-17-de-febrero-ivan-y-ainhara\/\">Continue reading <span class=\"meta-nav\">&raquo;<\/span><\/a><\/p>\n","protected":false},"author":12,"featured_media":0,"comment_status":"open","ping_status":"open","sticky":false,"template":"","format":"standard","meta":{"footnotes":""},"categories":[1],"tags":[],"class_list":["post-422","post","type-post","status-publish","format-standard","hentry","category-sin-categoria"],"_links":{"self":[{"href":"https:\/\/diocesanos.es\/blogs\/radiopvi\/wp-json\/wp\/v2\/posts\/422","targetHints":{"allow":["GET"]}}],"collection":[{"href":"https:\/\/diocesanos.es\/blogs\/radiopvi\/wp-json\/wp\/v2\/posts"}],"about":[{"href":"https:\/\/diocesanos.es\/blogs\/radiopvi\/wp-json\/wp\/v2\/types\/post"}],"author":[{"embeddable":true,"href":"https:\/\/diocesanos.es\/blogs\/radiopvi\/wp-json\/wp\/v2\/users\/12"}],"replies":[{"embeddable":true,"href":"https:\/\/diocesanos.es\/blogs\/radiopvi\/wp-json\/wp\/v2\/comments?post=422"}],"version-history":[{"count":3,"href":"https:\/\/diocesanos.es\/blogs\/radiopvi\/wp-json\/wp\/v2\/posts\/422\/revisions"}],"predecessor-version":[{"id":432,"href":"https:\/\/diocesanos.es\/blogs\/radiopvi\/wp-json\/wp\/v2\/posts\/422\/revisions\/432"}],"wp:attachment":[{"href":"https:\/\/diocesanos.es\/blogs\/radiopvi\/wp-json\/wp\/v2\/media?parent=422"}],"wp:term":[{"taxonomy":"category","embeddable":true,"href":"https:\/\/diocesanos.es\/blogs\/radiopvi\/wp-json\/wp\/v2\/categories?post=422"},{"taxonomy":"post_tag","embeddable":true,"href":"https:\/\/diocesanos.es\/blogs\/radiopvi\/wp-json\/wp\/v2\/tags?post=422"}],"curies":[{"name":"wp","href":"https:\/\/api.w.org\/{rel}","templated":true}]}}