{"id":385,"date":"2016-12-16T19:02:28","date_gmt":"2016-12-16T19:02:28","guid":{"rendered":"https:\/\/diocesanos.es\/blogs\/radiopvi\/?p=385"},"modified":"2016-12-16T19:05:59","modified_gmt":"2016-12-16T19:05:59","slug":"programa-del-15-de-diciembre-de-2016-emilio-y-dani","status":"publish","type":"post","link":"https:\/\/diocesanos.es\/blogs\/radiopvi\/2016\/12\/16\/programa-del-15-de-diciembre-de-2016-emilio-y-dani\/","title":{"rendered":"Programa del 15 de diciembre de 2016. Emilio y Dani."},"content":{"rendered":"<p>&nbsp;<\/p>\n<audio class=\"wp-audio-shortcode\" id=\"audio-385-1\" preload=\"none\" style=\"width: 100%;\" controls=\"controls\"><source type=\"audio\/mpeg\" src=\"https:\/\/diocesanos.es\/blogs\/radiopvi\/wp-content\/uploads\/sites\/18\/2016\/12\/Emilio-Y-dani.m4a?_=1\" \/><a href=\"https:\/\/diocesanos.es\/blogs\/radiopvi\/wp-content\/uploads\/sites\/18\/2016\/12\/Emilio-Y-dani.m4a\">https:\/\/diocesanos.es\/blogs\/radiopvi\/wp-content\/uploads\/sites\/18\/2016\/12\/Emilio-Y-dani.m4a<\/a><\/audio>\n<p>Buenos d\u00edas una semana m\u00e1s desde nuestro rinc\u00f3n en las ondas radiof\u00f3nicas. Hoy tenemos un programa muy navide\u00f1o, lleno de villancicos y alegr\u00eda.<\/p>\n<p>Adem\u00e1s, de la mano de Dani y emilio, tenemos con nosotros a una profesional del deporte abulense, una invitada muy especial que nos ense\u00f1ar\u00e1 el valor de la victoria y la derrota en una entrevista muy interesante.<\/p>\n<p>No te lo pierdas y comenta con tu opini\u00f3n el trabajo de estos j\u00f3venes reporteros.<a href=\"https:\/\/diocesanos.es\/blogs\/radiopvi\/wp-content\/uploads\/sites\/18\/2016\/12\/Image-1.jpg\"><img loading=\"lazy\" decoding=\"async\" class=\"aligncenter  wp-image-392\" src=\"https:\/\/diocesanos.es\/blogs\/radiopvi\/wp-content\/uploads\/sites\/18\/2016\/12\/Image-1-300x300.jpg\" alt=\"\" width=\"478\" height=\"478\" srcset=\"https:\/\/diocesanos.es\/blogs\/radiopvi\/wp-content\/uploads\/sites\/18\/2016\/12\/Image-1-300x300.jpg 300w, https:\/\/diocesanos.es\/blogs\/radiopvi\/wp-content\/uploads\/sites\/18\/2016\/12\/Image-1-150x150.jpg 150w, https:\/\/diocesanos.es\/blogs\/radiopvi\/wp-content\/uploads\/sites\/18\/2016\/12\/Image-1-768x768.jpg 768w, https:\/\/diocesanos.es\/blogs\/radiopvi\/wp-content\/uploads\/sites\/18\/2016\/12\/Image-1-1024x1024.jpg 1024w, https:\/\/diocesanos.es\/blogs\/radiopvi\/wp-content\/uploads\/sites\/18\/2016\/12\/Image-1.jpg 2048w\" sizes=\"auto, (max-width: 478px) 100vw, 478px\" \/><\/a><\/p>\n<p><a href=\"https:\/\/diocesanos.es\/blogs\/radiopvi\/wp-content\/uploads\/sites\/18\/2016\/12\/IMG_0286.jpg\"><img loading=\"lazy\" decoding=\"async\" class=\" wp-image-387 alignleft\" src=\"https:\/\/diocesanos.es\/blogs\/radiopvi\/wp-content\/uploads\/sites\/18\/2016\/12\/IMG_0286-300x225.jpg\" alt=\"\" width=\"386\" height=\"289\" srcset=\"https:\/\/diocesanos.es\/blogs\/radiopvi\/wp-content\/uploads\/sites\/18\/2016\/12\/IMG_0286-300x225.jpg 300w, https:\/\/diocesanos.es\/blogs\/radiopvi\/wp-content\/uploads\/sites\/18\/2016\/12\/IMG_0286-768x576.jpg 768w, https:\/\/diocesanos.es\/blogs\/radiopvi\/wp-content\/uploads\/sites\/18\/2016\/12\/IMG_0286-1024x768.jpg 1024w\" sizes=\"auto, (max-width: 386px) 100vw, 386px\" \/><\/a> <a href=\"https:\/\/diocesanos.es\/blogs\/radiopvi\/wp-content\/uploads\/sites\/18\/2016\/12\/IMG_0287.jpg\"><img loading=\"lazy\" decoding=\"async\" class=\" wp-image-388 alignleft\" src=\"https:\/\/diocesanos.es\/blogs\/radiopvi\/wp-content\/uploads\/sites\/18\/2016\/12\/IMG_0287-300x225.jpg\" alt=\"\" width=\"181\" height=\"135\" srcset=\"https:\/\/diocesanos.es\/blogs\/radiopvi\/wp-content\/uploads\/sites\/18\/2016\/12\/IMG_0287-300x225.jpg 300w, https:\/\/diocesanos.es\/blogs\/radiopvi\/wp-content\/uploads\/sites\/18\/2016\/12\/IMG_0287-768x576.jpg 768w, https:\/\/diocesanos.es\/blogs\/radiopvi\/wp-content\/uploads\/sites\/18\/2016\/12\/IMG_0287-1024x768.jpg 1024w\" sizes=\"auto, (max-width: 181px) 100vw, 181px\" \/><\/a> <a href=\"https:\/\/diocesanos.es\/blogs\/radiopvi\/wp-content\/uploads\/sites\/18\/2016\/12\/IMG_0288.jpg\"><img loading=\"lazy\" decoding=\"async\" class=\" wp-image-389 alignleft\" src=\"https:\/\/diocesanos.es\/blogs\/radiopvi\/wp-content\/uploads\/sites\/18\/2016\/12\/IMG_0288-300x225.jpg\" alt=\"\" width=\"181\" height=\"136\" srcset=\"https:\/\/diocesanos.es\/blogs\/radiopvi\/wp-content\/uploads\/sites\/18\/2016\/12\/IMG_0288-300x225.jpg 300w, https:\/\/diocesanos.es\/blogs\/radiopvi\/wp-content\/uploads\/sites\/18\/2016\/12\/IMG_0288-768x576.jpg 768w, https:\/\/diocesanos.es\/blogs\/radiopvi\/wp-content\/uploads\/sites\/18\/2016\/12\/IMG_0288-1024x768.jpg 1024w\" sizes=\"auto, (max-width: 181px) 100vw, 181px\" \/><\/a> <a href=\"https:\/\/diocesanos.es\/blogs\/radiopvi\/wp-content\/uploads\/sites\/18\/2016\/12\/IMG_0289.jpg\"><img loading=\"lazy\" decoding=\"async\" class=\"aligncenter  wp-image-390\" src=\"https:\/\/diocesanos.es\/blogs\/radiopvi\/wp-content\/uploads\/sites\/18\/2016\/12\/IMG_0289-300x225.jpg\" alt=\"\" width=\"383\" height=\"287\" srcset=\"https:\/\/diocesanos.es\/blogs\/radiopvi\/wp-content\/uploads\/sites\/18\/2016\/12\/IMG_0289-300x225.jpg 300w, https:\/\/diocesanos.es\/blogs\/radiopvi\/wp-content\/uploads\/sites\/18\/2016\/12\/IMG_0289-768x576.jpg 768w, https:\/\/diocesanos.es\/blogs\/radiopvi\/wp-content\/uploads\/sites\/18\/2016\/12\/IMG_0289-1024x768.jpg 1024w\" sizes=\"auto, (max-width: 383px) 100vw, 383px\" \/><\/a><\/p>\n","protected":false},"excerpt":{"rendered":"<p>&nbsp; Buenos d\u00edas una semana m\u00e1s desde nuestro rinc\u00f3n en las ondas radiof\u00f3nicas. Hoy tenemos un programa muy navide\u00f1o, lleno de villancicos y alegr\u00eda. Adem\u00e1s, de la mano de Dani y emilio, tenemos con nosotros a una profesional del deporte abulense, una invitada muy especial que nos ense\u00f1ar\u00e1 el valor de la victoria y la &hellip; <a class=\"read-excerpt\" href=\"https:\/\/diocesanos.es\/blogs\/radiopvi\/2016\/12\/16\/programa-del-15-de-diciembre-de-2016-emilio-y-dani\/\">Continue reading <span class=\"meta-nav\">&raquo;<\/span><\/a><\/p>\n","protected":false},"author":12,"featured_media":0,"comment_status":"open","ping_status":"open","sticky":false,"template":"","format":"standard","meta":{"footnotes":""},"categories":[1],"tags":[],"class_list":["post-385","post","type-post","status-publish","format-standard","hentry","category-sin-categoria"],"_links":{"self":[{"href":"https:\/\/diocesanos.es\/blogs\/radiopvi\/wp-json\/wp\/v2\/posts\/385","targetHints":{"allow":["GET"]}}],"collection":[{"href":"https:\/\/diocesanos.es\/blogs\/radiopvi\/wp-json\/wp\/v2\/posts"}],"about":[{"href":"https:\/\/diocesanos.es\/blogs\/radiopvi\/wp-json\/wp\/v2\/types\/post"}],"author":[{"embeddable":true,"href":"https:\/\/diocesanos.es\/blogs\/radiopvi\/wp-json\/wp\/v2\/users\/12"}],"replies":[{"embeddable":true,"href":"https:\/\/diocesanos.es\/blogs\/radiopvi\/wp-json\/wp\/v2\/comments?post=385"}],"version-history":[{"count":3,"href":"https:\/\/diocesanos.es\/blogs\/radiopvi\/wp-json\/wp\/v2\/posts\/385\/revisions"}],"predecessor-version":[{"id":394,"href":"https:\/\/diocesanos.es\/blogs\/radiopvi\/wp-json\/wp\/v2\/posts\/385\/revisions\/394"}],"wp:attachment":[{"href":"https:\/\/diocesanos.es\/blogs\/radiopvi\/wp-json\/wp\/v2\/media?parent=385"}],"wp:term":[{"taxonomy":"category","embeddable":true,"href":"https:\/\/diocesanos.es\/blogs\/radiopvi\/wp-json\/wp\/v2\/categories?post=385"},{"taxonomy":"post_tag","embeddable":true,"href":"https:\/\/diocesanos.es\/blogs\/radiopvi\/wp-json\/wp\/v2\/tags?post=385"}],"curies":[{"name":"wp","href":"https:\/\/api.w.org\/{rel}","templated":true}]}}