{"id":376,"date":"2016-12-11T18:19:49","date_gmt":"2016-12-11T18:19:49","guid":{"rendered":"https:\/\/diocesanos.es\/blogs\/radiopvi\/?p=376"},"modified":"2016-12-11T18:19:49","modified_gmt":"2016-12-11T18:19:49","slug":"programa-del-9-de-dicimebre-carlota-y-daniela","status":"publish","type":"post","link":"https:\/\/diocesanos.es\/blogs\/radiopvi\/2016\/12\/11\/programa-del-9-de-dicimebre-carlota-y-daniela\/","title":{"rendered":"Programa del 9 de dicimebre. Carlota y Daniela."},"content":{"rendered":"<audio class=\"wp-audio-shortcode\" id=\"audio-376-1\" preload=\"none\" style=\"width: 100%;\" controls=\"controls\"><source type=\"audio\/mpeg\" src=\"https:\/\/diocesanos.es\/blogs\/radiopvi\/wp-content\/uploads\/sites\/18\/2016\/12\/Carlota-Y-Daniela.m4a?_=1\" \/><a href=\"https:\/\/diocesanos.es\/blogs\/radiopvi\/wp-content\/uploads\/sites\/18\/2016\/12\/Carlota-Y-Daniela.m4a\">https:\/\/diocesanos.es\/blogs\/radiopvi\/wp-content\/uploads\/sites\/18\/2016\/12\/Carlota-Y-Daniela.m4a<\/a><\/audio>\n<p>Muy buenas \u00abradio-oyentes\u00bb, ya est\u00e1 aqu\u00ed un nuevo programa de radio emitido desde 3\u00baA del Colegio Diocesano \u00abPablo VI\u00bb.<\/p>\n<p>Hoy Carlota y Daniela nos traen, con mucho ritmo, la actuliadad, la diversi\u00f3n y una invitada sorpresa muy interesante que les est\u00e1 ense\u00f1ando mucho&#8230; \u00bfQui\u00e9n ser\u00e1?<\/p>\n<p>No esperes m\u00e1s y escucha este nuevo programa y comenta que te ha pareciedo.<\/p>\n<p>#RadioClub3\u00baA<\/p>\n<p><a href=\"https:\/\/diocesanos.es\/blogs\/radiopvi\/wp-content\/uploads\/sites\/18\/2016\/12\/IMG_0086.jpg\"><img loading=\"lazy\" decoding=\"async\" class=\"aligncenter  wp-image-378\" src=\"https:\/\/diocesanos.es\/blogs\/radiopvi\/wp-content\/uploads\/sites\/18\/2016\/12\/IMG_0086-300x225.jpg\" alt=\"\" width=\"524\" height=\"393\" srcset=\"https:\/\/diocesanos.es\/blogs\/radiopvi\/wp-content\/uploads\/sites\/18\/2016\/12\/IMG_0086-300x225.jpg 300w, https:\/\/diocesanos.es\/blogs\/radiopvi\/wp-content\/uploads\/sites\/18\/2016\/12\/IMG_0086-768x576.jpg 768w, https:\/\/diocesanos.es\/blogs\/radiopvi\/wp-content\/uploads\/sites\/18\/2016\/12\/IMG_0086-1024x768.jpg 1024w\" sizes=\"auto, (max-width: 524px) 100vw, 524px\" \/><\/a> <a href=\"https:\/\/diocesanos.es\/blogs\/radiopvi\/wp-content\/uploads\/sites\/18\/2016\/12\/IMG_0087.jpg\"><img loading=\"lazy\" decoding=\"async\" class=\" wp-image-379 alignleft\" src=\"https:\/\/diocesanos.es\/blogs\/radiopvi\/wp-content\/uploads\/sites\/18\/2016\/12\/IMG_0087-300x225.jpg\" alt=\"\" width=\"275\" height=\"206\" srcset=\"https:\/\/diocesanos.es\/blogs\/radiopvi\/wp-content\/uploads\/sites\/18\/2016\/12\/IMG_0087-300x225.jpg 300w, https:\/\/diocesanos.es\/blogs\/radiopvi\/wp-content\/uploads\/sites\/18\/2016\/12\/IMG_0087-768x576.jpg 768w, https:\/\/diocesanos.es\/blogs\/radiopvi\/wp-content\/uploads\/sites\/18\/2016\/12\/IMG_0087-1024x768.jpg 1024w\" sizes=\"auto, (max-width: 275px) 100vw, 275px\" \/><\/a> <a href=\"https:\/\/diocesanos.es\/blogs\/radiopvi\/wp-content\/uploads\/sites\/18\/2016\/12\/IMG_0088.jpg\"><img loading=\"lazy\" decoding=\"async\" class=\" wp-image-380 alignleft\" src=\"https:\/\/diocesanos.es\/blogs\/radiopvi\/wp-content\/uploads\/sites\/18\/2016\/12\/IMG_0088-300x225.jpg\" alt=\"\" width=\"276\" height=\"207\" srcset=\"https:\/\/diocesanos.es\/blogs\/radiopvi\/wp-content\/uploads\/sites\/18\/2016\/12\/IMG_0088-300x225.jpg 300w, https:\/\/diocesanos.es\/blogs\/radiopvi\/wp-content\/uploads\/sites\/18\/2016\/12\/IMG_0088-768x576.jpg 768w, https:\/\/diocesanos.es\/blogs\/radiopvi\/wp-content\/uploads\/sites\/18\/2016\/12\/IMG_0088-1024x768.jpg 1024w\" sizes=\"auto, (max-width: 276px) 100vw, 276px\" \/><\/a> <a href=\"https:\/\/diocesanos.es\/blogs\/radiopvi\/wp-content\/uploads\/sites\/18\/2016\/12\/IMG_0089.jpg\"><img loading=\"lazy\" decoding=\"async\" class=\"aligncenter  wp-image-381\" src=\"https:\/\/diocesanos.es\/blogs\/radiopvi\/wp-content\/uploads\/sites\/18\/2016\/12\/IMG_0089-300x225.jpg\" alt=\"\" width=\"408\" height=\"306\" srcset=\"https:\/\/diocesanos.es\/blogs\/radiopvi\/wp-content\/uploads\/sites\/18\/2016\/12\/IMG_0089-300x225.jpg 300w, https:\/\/diocesanos.es\/blogs\/radiopvi\/wp-content\/uploads\/sites\/18\/2016\/12\/IMG_0089-768x576.jpg 768w, https:\/\/diocesanos.es\/blogs\/radiopvi\/wp-content\/uploads\/sites\/18\/2016\/12\/IMG_0089-1024x768.jpg 1024w\" sizes=\"auto, (max-width: 408px) 100vw, 408px\" \/><\/a><\/p>\n","protected":false},"excerpt":{"rendered":"<p>Muy buenas \u00abradio-oyentes\u00bb, ya est\u00e1 aqu\u00ed un nuevo programa de radio emitido desde 3\u00baA del Colegio Diocesano \u00abPablo VI\u00bb. Hoy Carlota y Daniela nos traen, con mucho ritmo, la actuliadad, la diversi\u00f3n y una invitada sorpresa muy interesante que les est\u00e1 ense\u00f1ando mucho&#8230; \u00bfQui\u00e9n ser\u00e1? No esperes m\u00e1s y escucha este nuevo programa y comenta &hellip; <a class=\"read-excerpt\" href=\"https:\/\/diocesanos.es\/blogs\/radiopvi\/2016\/12\/11\/programa-del-9-de-dicimebre-carlota-y-daniela\/\">Continue reading <span class=\"meta-nav\">&raquo;<\/span><\/a><\/p>\n","protected":false},"author":12,"featured_media":0,"comment_status":"open","ping_status":"open","sticky":false,"template":"","format":"standard","meta":{"footnotes":""},"categories":[1],"tags":[],"class_list":["post-376","post","type-post","status-publish","format-standard","hentry","category-sin-categoria"],"_links":{"self":[{"href":"https:\/\/diocesanos.es\/blogs\/radiopvi\/wp-json\/wp\/v2\/posts\/376","targetHints":{"allow":["GET"]}}],"collection":[{"href":"https:\/\/diocesanos.es\/blogs\/radiopvi\/wp-json\/wp\/v2\/posts"}],"about":[{"href":"https:\/\/diocesanos.es\/blogs\/radiopvi\/wp-json\/wp\/v2\/types\/post"}],"author":[{"embeddable":true,"href":"https:\/\/diocesanos.es\/blogs\/radiopvi\/wp-json\/wp\/v2\/users\/12"}],"replies":[{"embeddable":true,"href":"https:\/\/diocesanos.es\/blogs\/radiopvi\/wp-json\/wp\/v2\/comments?post=376"}],"version-history":[{"count":1,"href":"https:\/\/diocesanos.es\/blogs\/radiopvi\/wp-json\/wp\/v2\/posts\/376\/revisions"}],"predecessor-version":[{"id":382,"href":"https:\/\/diocesanos.es\/blogs\/radiopvi\/wp-json\/wp\/v2\/posts\/376\/revisions\/382"}],"wp:attachment":[{"href":"https:\/\/diocesanos.es\/blogs\/radiopvi\/wp-json\/wp\/v2\/media?parent=376"}],"wp:term":[{"taxonomy":"category","embeddable":true,"href":"https:\/\/diocesanos.es\/blogs\/radiopvi\/wp-json\/wp\/v2\/categories?post=376"},{"taxonomy":"post_tag","embeddable":true,"href":"https:\/\/diocesanos.es\/blogs\/radiopvi\/wp-json\/wp\/v2\/tags?post=376"}],"curies":[{"name":"wp","href":"https:\/\/api.w.org\/{rel}","templated":true}]}}