{"id":366,"date":"2016-12-06T18:23:24","date_gmt":"2016-12-06T18:23:24","guid":{"rendered":"https:\/\/diocesanos.es\/blogs\/radiopvi\/?p=366"},"modified":"2016-12-06T18:23:24","modified_gmt":"2016-12-06T18:23:24","slug":"programa-del-2-de-diciembre-adrian-y-borja","status":"publish","type":"post","link":"https:\/\/diocesanos.es\/blogs\/radiopvi\/2016\/12\/06\/programa-del-2-de-diciembre-adrian-y-borja\/","title":{"rendered":"Programa del 2 de diciembre. Adri\u00e1n y Borja."},"content":{"rendered":"<audio class=\"wp-audio-shortcode\" id=\"audio-366-1\" preload=\"none\" style=\"width: 100%;\" controls=\"controls\"><source type=\"audio\/mpeg\" src=\"https:\/\/diocesanos.es\/blogs\/radiopvi\/wp-content\/uploads\/sites\/18\/2016\/12\/Borja-Y-Adrian.m4a?_=1\" \/><a href=\"https:\/\/diocesanos.es\/blogs\/radiopvi\/wp-content\/uploads\/sites\/18\/2016\/12\/Borja-Y-Adrian.m4a\">https:\/\/diocesanos.es\/blogs\/radiopvi\/wp-content\/uploads\/sites\/18\/2016\/12\/Borja-Y-Adrian.m4a<\/a><\/audio>\n<p>Buenos d\u00edas de nuevo en la radio m\u00e1s molana de las ondas informativas. Hoy os saludan Adri\u00e1n y Borja, dos \u00abterremotos\u00bb que nos har\u00e1n vibrar con la actualidad, un invitado especial para ellos y chistes \u00absupermegadivertidos\u00bb&#8230;\u00bfos lo vais a perder?<\/p>\n<p>Vamos, dale al Play y disfruta con nosotros de \u00abRadio Club 3\u00baA\u00bb<a href=\"https:\/\/diocesanos.es\/blogs\/radiopvi\/wp-content\/uploads\/sites\/18\/2016\/12\/2016-12-02-PHOTO-00000418.jpg\"><img loading=\"lazy\" decoding=\"async\" class=\" wp-image-368 alignleft\" src=\"https:\/\/diocesanos.es\/blogs\/radiopvi\/wp-content\/uploads\/sites\/18\/2016\/12\/2016-12-02-PHOTO-00000418-300x225.jpg\" alt=\"2016-12-02-photo-00000418\" width=\"273\" height=\"205\" srcset=\"https:\/\/diocesanos.es\/blogs\/radiopvi\/wp-content\/uploads\/sites\/18\/2016\/12\/2016-12-02-PHOTO-00000418-300x225.jpg 300w, https:\/\/diocesanos.es\/blogs\/radiopvi\/wp-content\/uploads\/sites\/18\/2016\/12\/2016-12-02-PHOTO-00000418-768x576.jpg 768w, https:\/\/diocesanos.es\/blogs\/radiopvi\/wp-content\/uploads\/sites\/18\/2016\/12\/2016-12-02-PHOTO-00000418-1024x768.jpg 1024w, https:\/\/diocesanos.es\/blogs\/radiopvi\/wp-content\/uploads\/sites\/18\/2016\/12\/2016-12-02-PHOTO-00000418.jpg 1600w\" sizes=\"auto, (max-width: 273px) 100vw, 273px\" \/><\/a> <a href=\"https:\/\/diocesanos.es\/blogs\/radiopvi\/wp-content\/uploads\/sites\/18\/2016\/12\/2016-12-02-PHOTO-00000419.jpg\"><img loading=\"lazy\" decoding=\"async\" class=\" wp-image-369 alignleft\" src=\"https:\/\/diocesanos.es\/blogs\/radiopvi\/wp-content\/uploads\/sites\/18\/2016\/12\/2016-12-02-PHOTO-00000419-300x225.jpg\" alt=\"2016-12-02-photo-00000419\" width=\"272\" height=\"204\" srcset=\"https:\/\/diocesanos.es\/blogs\/radiopvi\/wp-content\/uploads\/sites\/18\/2016\/12\/2016-12-02-PHOTO-00000419-300x225.jpg 300w, https:\/\/diocesanos.es\/blogs\/radiopvi\/wp-content\/uploads\/sites\/18\/2016\/12\/2016-12-02-PHOTO-00000419-768x576.jpg 768w, https:\/\/diocesanos.es\/blogs\/radiopvi\/wp-content\/uploads\/sites\/18\/2016\/12\/2016-12-02-PHOTO-00000419-1024x768.jpg 1024w, https:\/\/diocesanos.es\/blogs\/radiopvi\/wp-content\/uploads\/sites\/18\/2016\/12\/2016-12-02-PHOTO-00000419.jpg 1600w\" sizes=\"auto, (max-width: 272px) 100vw, 272px\" \/><\/a> <a href=\"https:\/\/diocesanos.es\/blogs\/radiopvi\/wp-content\/uploads\/sites\/18\/2016\/12\/2016-12-02-PHOTO-00000421.jpg\"><img loading=\"lazy\" decoding=\"async\" class=\"aligncenter  wp-image-371\" src=\"https:\/\/diocesanos.es\/blogs\/radiopvi\/wp-content\/uploads\/sites\/18\/2016\/12\/2016-12-02-PHOTO-00000421-300x225.jpg\" alt=\"2016-12-02-photo-00000421\" width=\"518\" height=\"388\" srcset=\"https:\/\/diocesanos.es\/blogs\/radiopvi\/wp-content\/uploads\/sites\/18\/2016\/12\/2016-12-02-PHOTO-00000421-300x225.jpg 300w, https:\/\/diocesanos.es\/blogs\/radiopvi\/wp-content\/uploads\/sites\/18\/2016\/12\/2016-12-02-PHOTO-00000421-768x576.jpg 768w, https:\/\/diocesanos.es\/blogs\/radiopvi\/wp-content\/uploads\/sites\/18\/2016\/12\/2016-12-02-PHOTO-00000421-1024x768.jpg 1024w, https:\/\/diocesanos.es\/blogs\/radiopvi\/wp-content\/uploads\/sites\/18\/2016\/12\/2016-12-02-PHOTO-00000421.jpg 1600w\" sizes=\"auto, (max-width: 518px) 100vw, 518px\" \/><\/a> <a href=\"https:\/\/diocesanos.es\/blogs\/radiopvi\/wp-content\/uploads\/sites\/18\/2016\/12\/2016-12-02-PHOTO-00000422.jpg\"><img loading=\"lazy\" decoding=\"async\" class=\" wp-image-372 alignleft\" src=\"https:\/\/diocesanos.es\/blogs\/radiopvi\/wp-content\/uploads\/sites\/18\/2016\/12\/2016-12-02-PHOTO-00000422-300x225.jpg\" alt=\"2016-12-02-photo-00000422\" width=\"276\" height=\"207\" srcset=\"https:\/\/diocesanos.es\/blogs\/radiopvi\/wp-content\/uploads\/sites\/18\/2016\/12\/2016-12-02-PHOTO-00000422-300x225.jpg 300w, https:\/\/diocesanos.es\/blogs\/radiopvi\/wp-content\/uploads\/sites\/18\/2016\/12\/2016-12-02-PHOTO-00000422-768x576.jpg 768w, https:\/\/diocesanos.es\/blogs\/radiopvi\/wp-content\/uploads\/sites\/18\/2016\/12\/2016-12-02-PHOTO-00000422-1024x768.jpg 1024w, https:\/\/diocesanos.es\/blogs\/radiopvi\/wp-content\/uploads\/sites\/18\/2016\/12\/2016-12-02-PHOTO-00000422.jpg 1600w\" sizes=\"auto, (max-width: 276px) 100vw, 276px\" \/><\/a> <a href=\"https:\/\/diocesanos.es\/blogs\/radiopvi\/wp-content\/uploads\/sites\/18\/2016\/12\/2016-12-02-PHOTO-00000423.jpg\"><img loading=\"lazy\" decoding=\"async\" class=\" wp-image-373 alignleft\" src=\"https:\/\/diocesanos.es\/blogs\/radiopvi\/wp-content\/uploads\/sites\/18\/2016\/12\/2016-12-02-PHOTO-00000423-300x225.jpg\" alt=\"2016-12-02-photo-00000423\" width=\"276\" height=\"207\" srcset=\"https:\/\/diocesanos.es\/blogs\/radiopvi\/wp-content\/uploads\/sites\/18\/2016\/12\/2016-12-02-PHOTO-00000423-300x225.jpg 300w, https:\/\/diocesanos.es\/blogs\/radiopvi\/wp-content\/uploads\/sites\/18\/2016\/12\/2016-12-02-PHOTO-00000423-768x576.jpg 768w, https:\/\/diocesanos.es\/blogs\/radiopvi\/wp-content\/uploads\/sites\/18\/2016\/12\/2016-12-02-PHOTO-00000423-1024x768.jpg 1024w, https:\/\/diocesanos.es\/blogs\/radiopvi\/wp-content\/uploads\/sites\/18\/2016\/12\/2016-12-02-PHOTO-00000423.jpg 1600w\" sizes=\"auto, (max-width: 276px) 100vw, 276px\" \/><\/a> <a href=\"https:\/\/diocesanos.es\/blogs\/radiopvi\/wp-content\/uploads\/sites\/18\/2016\/12\/2016-12-02-PHOTO-00000424.jpg\"><img loading=\"lazy\" decoding=\"async\" class=\"wp-image-374 alignleft\" src=\"https:\/\/diocesanos.es\/blogs\/radiopvi\/wp-content\/uploads\/sites\/18\/2016\/12\/2016-12-02-PHOTO-00000424-300x225.jpg\" alt=\"2016-12-02-photo-00000424\" width=\"575\" height=\"431\" srcset=\"https:\/\/diocesanos.es\/blogs\/radiopvi\/wp-content\/uploads\/sites\/18\/2016\/12\/2016-12-02-PHOTO-00000424-300x225.jpg 300w, https:\/\/diocesanos.es\/blogs\/radiopvi\/wp-content\/uploads\/sites\/18\/2016\/12\/2016-12-02-PHOTO-00000424-768x576.jpg 768w, https:\/\/diocesanos.es\/blogs\/radiopvi\/wp-content\/uploads\/sites\/18\/2016\/12\/2016-12-02-PHOTO-00000424-1024x768.jpg 1024w, https:\/\/diocesanos.es\/blogs\/radiopvi\/wp-content\/uploads\/sites\/18\/2016\/12\/2016-12-02-PHOTO-00000424.jpg 1600w\" sizes=\"auto, (max-width: 575px) 100vw, 575px\" \/><\/a><\/p>\n","protected":false},"excerpt":{"rendered":"<p>Buenos d\u00edas de nuevo en la radio m\u00e1s molana de las ondas informativas. Hoy os saludan Adri\u00e1n y Borja, dos \u00abterremotos\u00bb que nos har\u00e1n vibrar con la actualidad, un invitado especial para ellos y chistes \u00absupermegadivertidos\u00bb&#8230;\u00bfos lo vais a perder? Vamos, dale al Play y disfruta con nosotros de \u00abRadio Club 3\u00baA\u00bb<\/p>\n","protected":false},"author":12,"featured_media":0,"comment_status":"open","ping_status":"open","sticky":false,"template":"","format":"standard","meta":{"footnotes":""},"categories":[1],"tags":[],"class_list":["post-366","post","type-post","status-publish","format-standard","hentry","category-sin-categoria"],"_links":{"self":[{"href":"https:\/\/diocesanos.es\/blogs\/radiopvi\/wp-json\/wp\/v2\/posts\/366","targetHints":{"allow":["GET"]}}],"collection":[{"href":"https:\/\/diocesanos.es\/blogs\/radiopvi\/wp-json\/wp\/v2\/posts"}],"about":[{"href":"https:\/\/diocesanos.es\/blogs\/radiopvi\/wp-json\/wp\/v2\/types\/post"}],"author":[{"embeddable":true,"href":"https:\/\/diocesanos.es\/blogs\/radiopvi\/wp-json\/wp\/v2\/users\/12"}],"replies":[{"embeddable":true,"href":"https:\/\/diocesanos.es\/blogs\/radiopvi\/wp-json\/wp\/v2\/comments?post=366"}],"version-history":[{"count":1,"href":"https:\/\/diocesanos.es\/blogs\/radiopvi\/wp-json\/wp\/v2\/posts\/366\/revisions"}],"predecessor-version":[{"id":375,"href":"https:\/\/diocesanos.es\/blogs\/radiopvi\/wp-json\/wp\/v2\/posts\/366\/revisions\/375"}],"wp:attachment":[{"href":"https:\/\/diocesanos.es\/blogs\/radiopvi\/wp-json\/wp\/v2\/media?parent=366"}],"wp:term":[{"taxonomy":"category","embeddable":true,"href":"https:\/\/diocesanos.es\/blogs\/radiopvi\/wp-json\/wp\/v2\/categories?post=366"},{"taxonomy":"post_tag","embeddable":true,"href":"https:\/\/diocesanos.es\/blogs\/radiopvi\/wp-json\/wp\/v2\/tags?post=366"}],"curies":[{"name":"wp","href":"https:\/\/api.w.org\/{rel}","templated":true}]}}