{"id":347,"date":"2016-11-18T14:21:21","date_gmt":"2016-11-18T14:21:21","guid":{"rendered":"https:\/\/diocesanos.es\/blogs\/radiopvi\/?p=347"},"modified":"2016-11-18T14:21:21","modified_gmt":"2016-11-18T14:21:21","slug":"programa-del-18-de-noviembre-javier-e-iker","status":"publish","type":"post","link":"https:\/\/diocesanos.es\/blogs\/radiopvi\/2016\/11\/18\/programa-del-18-de-noviembre-javier-e-iker\/","title":{"rendered":"Programa del 18 de noviembre. Javier e Iker."},"content":{"rendered":"<audio class=\"wp-audio-shortcode\" id=\"audio-347-1\" preload=\"none\" style=\"width: 100%;\" controls=\"controls\"><source type=\"audio\/mpeg\" src=\"https:\/\/diocesanos.es\/blogs\/radiopvi\/wp-content\/uploads\/sites\/18\/2016\/11\/Javier-Y-Iker.m4a?_=1\" \/><a href=\"https:\/\/diocesanos.es\/blogs\/radiopvi\/wp-content\/uploads\/sites\/18\/2016\/11\/Javier-Y-Iker.m4a\">https:\/\/diocesanos.es\/blogs\/radiopvi\/wp-content\/uploads\/sites\/18\/2016\/11\/Javier-Y-Iker.m4a<\/a><\/audio>\n<p>Buenos d\u00edas, ya estamos aqu\u00ed de nuevo para acercaros, de la mano de Javier e Iker a las noticias m\u00e1s actuales, a los chistes m\u00e1s chistosos y a conocer a un personaje sorpresa que nos ayudar\u00e1 a entender un poco m\u00e1s alguna de las funciones de la Guardia Civil&#8230;\u00a1Todos firmes!<\/p>\n<p>Escucha nuestro programa de hoy y participa dejando alg\u00fan comentario para nuestros amigos Javier e Iker.<\/p>\n<p><a href=\"https:\/\/diocesanos.es\/blogs\/radiopvi\/wp-content\/uploads\/sites\/18\/2016\/11\/FullSizeRender1.jpg\"><img loading=\"lazy\" decoding=\"async\" class=\"aligncenter  wp-image-349\" src=\"https:\/\/diocesanos.es\/blogs\/radiopvi\/wp-content\/uploads\/sites\/18\/2016\/11\/FullSizeRender1-300x225.jpg\" alt=\"fullsizerender1\" width=\"503\" height=\"377\" srcset=\"https:\/\/diocesanos.es\/blogs\/radiopvi\/wp-content\/uploads\/sites\/18\/2016\/11\/FullSizeRender1-300x225.jpg 300w, https:\/\/diocesanos.es\/blogs\/radiopvi\/wp-content\/uploads\/sites\/18\/2016\/11\/FullSizeRender1-768x576.jpg 768w, https:\/\/diocesanos.es\/blogs\/radiopvi\/wp-content\/uploads\/sites\/18\/2016\/11\/FullSizeRender1-1024x768.jpg 1024w\" sizes=\"auto, (max-width: 503px) 100vw, 503px\" \/><\/a> <a href=\"https:\/\/diocesanos.es\/blogs\/radiopvi\/wp-content\/uploads\/sites\/18\/2016\/11\/FullSizeRender2.jpg\"><img loading=\"lazy\" decoding=\"async\" class=\" wp-image-350 alignleft\" src=\"https:\/\/diocesanos.es\/blogs\/radiopvi\/wp-content\/uploads\/sites\/18\/2016\/11\/FullSizeRender2-300x225.jpg\" alt=\"fullsizerender2\" width=\"283\" height=\"212\" srcset=\"https:\/\/diocesanos.es\/blogs\/radiopvi\/wp-content\/uploads\/sites\/18\/2016\/11\/FullSizeRender2-300x225.jpg 300w, https:\/\/diocesanos.es\/blogs\/radiopvi\/wp-content\/uploads\/sites\/18\/2016\/11\/FullSizeRender2-768x576.jpg 768w, https:\/\/diocesanos.es\/blogs\/radiopvi\/wp-content\/uploads\/sites\/18\/2016\/11\/FullSizeRender2-1024x768.jpg 1024w\" sizes=\"auto, (max-width: 283px) 100vw, 283px\" \/><\/a> <a href=\"https:\/\/diocesanos.es\/blogs\/radiopvi\/wp-content\/uploads\/sites\/18\/2016\/11\/FullSizeRender3.jpg\"><img loading=\"lazy\" decoding=\"async\" class=\" wp-image-351 alignright\" src=\"https:\/\/diocesanos.es\/blogs\/radiopvi\/wp-content\/uploads\/sites\/18\/2016\/11\/FullSizeRender3-300x225.jpg\" alt=\"fullsizerender3\" width=\"278\" height=\"209\" srcset=\"https:\/\/diocesanos.es\/blogs\/radiopvi\/wp-content\/uploads\/sites\/18\/2016\/11\/FullSizeRender3-300x225.jpg 300w, https:\/\/diocesanos.es\/blogs\/radiopvi\/wp-content\/uploads\/sites\/18\/2016\/11\/FullSizeRender3-768x576.jpg 768w, https:\/\/diocesanos.es\/blogs\/radiopvi\/wp-content\/uploads\/sites\/18\/2016\/11\/FullSizeRender3-1024x768.jpg 1024w\" sizes=\"auto, (max-width: 278px) 100vw, 278px\" \/><\/a> <a href=\"https:\/\/diocesanos.es\/blogs\/radiopvi\/wp-content\/uploads\/sites\/18\/2016\/11\/FullSizeRender.jpg\"><img loading=\"lazy\" decoding=\"async\" class=\"aligncenter  wp-image-352\" src=\"https:\/\/diocesanos.es\/blogs\/radiopvi\/wp-content\/uploads\/sites\/18\/2016\/11\/FullSizeRender-300x225.jpg\" alt=\"fullsizerender\" width=\"563\" height=\"422\" srcset=\"https:\/\/diocesanos.es\/blogs\/radiopvi\/wp-content\/uploads\/sites\/18\/2016\/11\/FullSizeRender-300x225.jpg 300w, https:\/\/diocesanos.es\/blogs\/radiopvi\/wp-content\/uploads\/sites\/18\/2016\/11\/FullSizeRender-768x576.jpg 768w, https:\/\/diocesanos.es\/blogs\/radiopvi\/wp-content\/uploads\/sites\/18\/2016\/11\/FullSizeRender-1024x768.jpg 1024w\" sizes=\"auto, (max-width: 563px) 100vw, 563px\" \/><\/a><\/p>\n","protected":false},"excerpt":{"rendered":"<p>Buenos d\u00edas, ya estamos aqu\u00ed de nuevo para acercaros, de la mano de Javier e Iker a las noticias m\u00e1s actuales, a los chistes m\u00e1s chistosos y a conocer a un personaje sorpresa que nos ayudar\u00e1 a entender un poco m\u00e1s alguna de las funciones de la Guardia Civil&#8230;\u00a1Todos firmes! Escucha nuestro programa de hoy &hellip; <a class=\"read-excerpt\" href=\"https:\/\/diocesanos.es\/blogs\/radiopvi\/2016\/11\/18\/programa-del-18-de-noviembre-javier-e-iker\/\">Continue reading <span class=\"meta-nav\">&raquo;<\/span><\/a><\/p>\n","protected":false},"author":12,"featured_media":0,"comment_status":"open","ping_status":"open","sticky":false,"template":"","format":"standard","meta":{"footnotes":""},"categories":[1],"tags":[],"class_list":["post-347","post","type-post","status-publish","format-standard","hentry","category-sin-categoria"],"_links":{"self":[{"href":"https:\/\/diocesanos.es\/blogs\/radiopvi\/wp-json\/wp\/v2\/posts\/347","targetHints":{"allow":["GET"]}}],"collection":[{"href":"https:\/\/diocesanos.es\/blogs\/radiopvi\/wp-json\/wp\/v2\/posts"}],"about":[{"href":"https:\/\/diocesanos.es\/blogs\/radiopvi\/wp-json\/wp\/v2\/types\/post"}],"author":[{"embeddable":true,"href":"https:\/\/diocesanos.es\/blogs\/radiopvi\/wp-json\/wp\/v2\/users\/12"}],"replies":[{"embeddable":true,"href":"https:\/\/diocesanos.es\/blogs\/radiopvi\/wp-json\/wp\/v2\/comments?post=347"}],"version-history":[{"count":1,"href":"https:\/\/diocesanos.es\/blogs\/radiopvi\/wp-json\/wp\/v2\/posts\/347\/revisions"}],"predecessor-version":[{"id":353,"href":"https:\/\/diocesanos.es\/blogs\/radiopvi\/wp-json\/wp\/v2\/posts\/347\/revisions\/353"}],"wp:attachment":[{"href":"https:\/\/diocesanos.es\/blogs\/radiopvi\/wp-json\/wp\/v2\/media?parent=347"}],"wp:term":[{"taxonomy":"category","embeddable":true,"href":"https:\/\/diocesanos.es\/blogs\/radiopvi\/wp-json\/wp\/v2\/categories?post=347"},{"taxonomy":"post_tag","embeddable":true,"href":"https:\/\/diocesanos.es\/blogs\/radiopvi\/wp-json\/wp\/v2\/tags?post=347"}],"curies":[{"name":"wp","href":"https:\/\/api.w.org\/{rel}","templated":true}]}}