{"id":297,"date":"2016-02-26T08:39:25","date_gmt":"2016-02-26T08:39:25","guid":{"rendered":"https:\/\/diocesanos.es\/blogs\/radiopvi\/?p=297"},"modified":"2016-11-11T00:18:31","modified_gmt":"2016-11-11T00:18:31","slug":"programa-del-25-de-febrero-daniel-rios-y-victor","status":"publish","type":"post","link":"https:\/\/diocesanos.es\/blogs\/radiopvi\/2016\/02\/26\/programa-del-25-de-febrero-daniel-rios-y-victor\/","title":{"rendered":"Programa del 25 de Febrero. Daniel R\u00edos y V\u00edctor."},"content":{"rendered":"<audio class=\"wp-audio-shortcode\" id=\"audio-297-1\" preload=\"none\" style=\"width: 100%;\" controls=\"controls\"><source type=\"audio\/mpeg\" src=\"https:\/\/diocesanos.es\/blogs\/radiopvi\/wp-content\/uploads\/sites\/18\/2016\/02\/V\u00edctor-DaniR\u00edos.m4a?_=1\" \/><a href=\"https:\/\/diocesanos.es\/blogs\/radiopvi\/wp-content\/uploads\/sites\/18\/2016\/02\/V\u00edctor-DaniR\u00edos.m4a\">https:\/\/diocesanos.es\/blogs\/radiopvi\/wp-content\/uploads\/sites\/18\/2016\/02\/V\u00edctor-DaniR\u00edos.m4a<\/a><\/audio>\n<p>Buenos d\u00edas queridos oyentes de Radio Club 4\u00baC. Hoy llegamos con un programa fresquito como el tiempo que nos acompa\u00f1a, guiados por V\u00edctor y Daniel R\u00edos, nos adentraremos en la noticias del cole y del mundo, conoceremos un poco m\u00e1s a Javier Gal\u00e1n, experto jugador de \u00abjuegos populares\u00bb como \u00abla Rana\u00bb y entrenador de JOrge cuando era peque\u00f1o, seguro que nos cuenta algunas an\u00e9cdotas de nuestro \u00abprofe\u00bb.<\/p>\n<p>No faltar\u00e1n nuestros corresponsales y los chistes para despedirno. Nos vemos la semana que viene.<\/p>\n<p><a href=\"https:\/\/diocesanos.es\/blogs\/radiopvi\/wp-content\/uploads\/sites\/18\/2016\/02\/IMG_20160225_114716.jpg\" rel=\"attachment wp-att-299\"><img loading=\"lazy\" decoding=\"async\" class=\"size-medium wp-image-299 alignleft\" src=\"https:\/\/diocesanos.es\/blogs\/radiopvi\/wp-content\/uploads\/sites\/18\/2016\/02\/IMG_20160225_114716-300x225.jpg\" alt=\"IMG_20160225_114716\" width=\"300\" height=\"225\" srcset=\"https:\/\/diocesanos.es\/blogs\/radiopvi\/wp-content\/uploads\/sites\/18\/2016\/02\/IMG_20160225_114716-300x225.jpg 300w, https:\/\/diocesanos.es\/blogs\/radiopvi\/wp-content\/uploads\/sites\/18\/2016\/02\/IMG_20160225_114716-768x576.jpg 768w, https:\/\/diocesanos.es\/blogs\/radiopvi\/wp-content\/uploads\/sites\/18\/2016\/02\/IMG_20160225_114716-1024x768.jpg 1024w\" sizes=\"auto, (max-width: 300px) 100vw, 300px\" \/><\/a> <a href=\"https:\/\/diocesanos.es\/blogs\/radiopvi\/wp-content\/uploads\/sites\/18\/2016\/02\/IMG_20160225_115052.jpg\" rel=\"attachment wp-att-300\"><img loading=\"lazy\" decoding=\"async\" class=\"size-medium wp-image-300 alignleft\" src=\"https:\/\/diocesanos.es\/blogs\/radiopvi\/wp-content\/uploads\/sites\/18\/2016\/02\/IMG_20160225_115052-300x225.jpg\" alt=\"IMG_20160225_115052\" width=\"300\" height=\"225\" srcset=\"https:\/\/diocesanos.es\/blogs\/radiopvi\/wp-content\/uploads\/sites\/18\/2016\/02\/IMG_20160225_115052-300x225.jpg 300w, https:\/\/diocesanos.es\/blogs\/radiopvi\/wp-content\/uploads\/sites\/18\/2016\/02\/IMG_20160225_115052-768x576.jpg 768w, https:\/\/diocesanos.es\/blogs\/radiopvi\/wp-content\/uploads\/sites\/18\/2016\/02\/IMG_20160225_115052-1024x768.jpg 1024w\" sizes=\"auto, (max-width: 300px) 100vw, 300px\" \/><\/a> <a href=\"https:\/\/diocesanos.es\/blogs\/radiopvi\/wp-content\/uploads\/sites\/18\/2016\/02\/IMG_20160225_115106.jpg\" rel=\"attachment wp-att-301\"><img loading=\"lazy\" decoding=\"async\" class=\"size-medium wp-image-301 alignleft\" src=\"https:\/\/diocesanos.es\/blogs\/radiopvi\/wp-content\/uploads\/sites\/18\/2016\/02\/IMG_20160225_115106-300x225.jpg\" alt=\"IMG_20160225_115106\" width=\"300\" height=\"225\" srcset=\"https:\/\/diocesanos.es\/blogs\/radiopvi\/wp-content\/uploads\/sites\/18\/2016\/02\/IMG_20160225_115106-300x225.jpg 300w, https:\/\/diocesanos.es\/blogs\/radiopvi\/wp-content\/uploads\/sites\/18\/2016\/02\/IMG_20160225_115106-768x576.jpg 768w, https:\/\/diocesanos.es\/blogs\/radiopvi\/wp-content\/uploads\/sites\/18\/2016\/02\/IMG_20160225_115106-1024x768.jpg 1024w\" sizes=\"auto, (max-width: 300px) 100vw, 300px\" \/><\/a> <a href=\"https:\/\/diocesanos.es\/blogs\/radiopvi\/wp-content\/uploads\/sites\/18\/2016\/02\/IMG_20160225_115242.jpg\" rel=\"attachment wp-att-302\"><img loading=\"lazy\" decoding=\"async\" class=\"size-medium wp-image-302 alignleft\" src=\"https:\/\/diocesanos.es\/blogs\/radiopvi\/wp-content\/uploads\/sites\/18\/2016\/02\/IMG_20160225_115242-300x225.jpg\" alt=\"IMG_20160225_115242\" width=\"300\" height=\"225\" srcset=\"https:\/\/diocesanos.es\/blogs\/radiopvi\/wp-content\/uploads\/sites\/18\/2016\/02\/IMG_20160225_115242-300x225.jpg 300w, https:\/\/diocesanos.es\/blogs\/radiopvi\/wp-content\/uploads\/sites\/18\/2016\/02\/IMG_20160225_115242-768x576.jpg 768w, https:\/\/diocesanos.es\/blogs\/radiopvi\/wp-content\/uploads\/sites\/18\/2016\/02\/IMG_20160225_115242-1024x768.jpg 1024w\" sizes=\"auto, (max-width: 300px) 100vw, 300px\" \/><\/a> <a href=\"https:\/\/diocesanos.es\/blogs\/radiopvi\/wp-content\/uploads\/sites\/18\/2016\/02\/IMG_20160225_115320.jpg\" rel=\"attachment wp-att-303\"><img loading=\"lazy\" decoding=\"async\" class=\"size-medium wp-image-303 alignleft\" src=\"https:\/\/diocesanos.es\/blogs\/radiopvi\/wp-content\/uploads\/sites\/18\/2016\/02\/IMG_20160225_115320-300x225.jpg\" alt=\"IMG_20160225_115320\" width=\"300\" height=\"225\" srcset=\"https:\/\/diocesanos.es\/blogs\/radiopvi\/wp-content\/uploads\/sites\/18\/2016\/02\/IMG_20160225_115320-300x225.jpg 300w, https:\/\/diocesanos.es\/blogs\/radiopvi\/wp-content\/uploads\/sites\/18\/2016\/02\/IMG_20160225_115320-768x576.jpg 768w, https:\/\/diocesanos.es\/blogs\/radiopvi\/wp-content\/uploads\/sites\/18\/2016\/02\/IMG_20160225_115320-1024x768.jpg 1024w\" sizes=\"auto, (max-width: 300px) 100vw, 300px\" \/><\/a> <a href=\"https:\/\/diocesanos.es\/blogs\/radiopvi\/wp-content\/uploads\/sites\/18\/2016\/02\/IMG_20160225_115611.jpg\" rel=\"attachment wp-att-304\"><img loading=\"lazy\" decoding=\"async\" class=\"size-medium wp-image-304 alignleft\" src=\"https:\/\/diocesanos.es\/blogs\/radiopvi\/wp-content\/uploads\/sites\/18\/2016\/02\/IMG_20160225_115611-300x225.jpg\" alt=\"IMG_20160225_115611\" width=\"300\" height=\"225\" srcset=\"https:\/\/diocesanos.es\/blogs\/radiopvi\/wp-content\/uploads\/sites\/18\/2016\/02\/IMG_20160225_115611-300x225.jpg 300w, https:\/\/diocesanos.es\/blogs\/radiopvi\/wp-content\/uploads\/sites\/18\/2016\/02\/IMG_20160225_115611-768x576.jpg 768w, https:\/\/diocesanos.es\/blogs\/radiopvi\/wp-content\/uploads\/sites\/18\/2016\/02\/IMG_20160225_115611-1024x768.jpg 1024w\" sizes=\"auto, (max-width: 300px) 100vw, 300px\" \/><\/a><\/p>\n","protected":false},"excerpt":{"rendered":"<p>Buenos d\u00edas queridos oyentes de Radio Club 4\u00baC. Hoy llegamos con un programa fresquito como el tiempo que nos acompa\u00f1a, guiados por V\u00edctor y Daniel R\u00edos, nos adentraremos en la noticias del cole y del mundo, conoceremos un poco m\u00e1s a Javier Gal\u00e1n, experto jugador de \u00abjuegos populares\u00bb como \u00abla Rana\u00bb y entrenador de JOrge &hellip; <a class=\"read-excerpt\" href=\"https:\/\/diocesanos.es\/blogs\/radiopvi\/2016\/02\/26\/programa-del-25-de-febrero-daniel-rios-y-victor\/\">Continue reading <span class=\"meta-nav\">&raquo;<\/span><\/a><\/p>\n","protected":false},"author":12,"featured_media":0,"comment_status":"open","ping_status":"open","sticky":false,"template":"","format":"standard","meta":{"footnotes":""},"categories":[2,1],"tags":[],"class_list":["post-297","post","type-post","status-publish","format-standard","hentry","category-curso-1516","category-sin-categoria"],"_links":{"self":[{"href":"https:\/\/diocesanos.es\/blogs\/radiopvi\/wp-json\/wp\/v2\/posts\/297","targetHints":{"allow":["GET"]}}],"collection":[{"href":"https:\/\/diocesanos.es\/blogs\/radiopvi\/wp-json\/wp\/v2\/posts"}],"about":[{"href":"https:\/\/diocesanos.es\/blogs\/radiopvi\/wp-json\/wp\/v2\/types\/post"}],"author":[{"embeddable":true,"href":"https:\/\/diocesanos.es\/blogs\/radiopvi\/wp-json\/wp\/v2\/users\/12"}],"replies":[{"embeddable":true,"href":"https:\/\/diocesanos.es\/blogs\/radiopvi\/wp-json\/wp\/v2\/comments?post=297"}],"version-history":[{"count":1,"href":"https:\/\/diocesanos.es\/blogs\/radiopvi\/wp-json\/wp\/v2\/posts\/297\/revisions"}],"predecessor-version":[{"id":305,"href":"https:\/\/diocesanos.es\/blogs\/radiopvi\/wp-json\/wp\/v2\/posts\/297\/revisions\/305"}],"wp:attachment":[{"href":"https:\/\/diocesanos.es\/blogs\/radiopvi\/wp-json\/wp\/v2\/media?parent=297"}],"wp:term":[{"taxonomy":"category","embeddable":true,"href":"https:\/\/diocesanos.es\/blogs\/radiopvi\/wp-json\/wp\/v2\/categories?post=297"},{"taxonomy":"post_tag","embeddable":true,"href":"https:\/\/diocesanos.es\/blogs\/radiopvi\/wp-json\/wp\/v2\/tags?post=297"}],"curies":[{"name":"wp","href":"https:\/\/api.w.org\/{rel}","templated":true}]}}