{"id":285,"date":"2016-02-19T08:21:02","date_gmt":"2016-02-19T08:21:02","guid":{"rendered":"https:\/\/diocesanos.es\/blogs\/radiopvi\/?p=285"},"modified":"2016-11-11T00:18:31","modified_gmt":"2016-11-11T00:18:31","slug":"programa-del-18-de-febrero-hugo-y-johanna","status":"publish","type":"post","link":"https:\/\/diocesanos.es\/blogs\/radiopvi\/2016\/02\/19\/programa-del-18-de-febrero-hugo-y-johanna\/","title":{"rendered":"Programa del 18 de Febrero. Hugo y Johanna."},"content":{"rendered":"<audio class=\"wp-audio-shortcode\" id=\"audio-285-1\" preload=\"none\" style=\"width: 100%;\" controls=\"controls\"><source type=\"audio\/mpeg\" src=\"https:\/\/diocesanos.es\/blogs\/radiopvi\/wp-content\/uploads\/sites\/18\/2016\/02\/Hugo-Y-Johana.m4a?_=1\" \/><a href=\"https:\/\/diocesanos.es\/blogs\/radiopvi\/wp-content\/uploads\/sites\/18\/2016\/02\/Hugo-Y-Johana.m4a\">https:\/\/diocesanos.es\/blogs\/radiopvi\/wp-content\/uploads\/sites\/18\/2016\/02\/Hugo-Y-Johana.m4a<\/a><\/audio>\n<p>Buenos d\u00edas amigos. Hoy tenemos un programa fresco y din\u00e1mico en el que vamos a repasar todas las noticias de la semana, conoceremos un poco m\u00e1s a Mercedes, profesora del Colegio y escucharemos varios chistes muy bueno. Nuestros reporteros Hugo y Johanna han preparado con detalle el programa para que disfrutemos de un rato divertido y entretenido. Adem\u00e1s Alonso y Daniel nos contar\u00e1n todo lo referente a cuarto A y B.<\/p>\n<p>\u00a1Hasta la pr\u00f3xima semana!<\/p>\n<p><a href=\"https:\/\/diocesanos.es\/blogs\/radiopvi\/wp-content\/uploads\/sites\/18\/2016\/02\/IMG_20160218_114826.jpg\" rel=\"attachment wp-att-287\"><img loading=\"lazy\" decoding=\"async\" class=\"size-medium wp-image-287 alignleft\" src=\"https:\/\/diocesanos.es\/blogs\/radiopvi\/wp-content\/uploads\/sites\/18\/2016\/02\/IMG_20160218_114826-300x225.jpg\" alt=\"IMG_20160218_114826\" width=\"300\" height=\"225\" srcset=\"https:\/\/diocesanos.es\/blogs\/radiopvi\/wp-content\/uploads\/sites\/18\/2016\/02\/IMG_20160218_114826-300x225.jpg 300w, https:\/\/diocesanos.es\/blogs\/radiopvi\/wp-content\/uploads\/sites\/18\/2016\/02\/IMG_20160218_114826-768x576.jpg 768w, https:\/\/diocesanos.es\/blogs\/radiopvi\/wp-content\/uploads\/sites\/18\/2016\/02\/IMG_20160218_114826-1024x768.jpg 1024w\" sizes=\"auto, (max-width: 300px) 100vw, 300px\" \/><\/a> <a href=\"https:\/\/diocesanos.es\/blogs\/radiopvi\/wp-content\/uploads\/sites\/18\/2016\/02\/IMG_20160218_115220.jpg\" rel=\"attachment wp-att-288\"><img loading=\"lazy\" decoding=\"async\" class=\"size-medium wp-image-288 alignleft\" src=\"https:\/\/diocesanos.es\/blogs\/radiopvi\/wp-content\/uploads\/sites\/18\/2016\/02\/IMG_20160218_115220-300x225.jpg\" alt=\"IMG_20160218_115220\" width=\"300\" height=\"225\" srcset=\"https:\/\/diocesanos.es\/blogs\/radiopvi\/wp-content\/uploads\/sites\/18\/2016\/02\/IMG_20160218_115220-300x225.jpg 300w, https:\/\/diocesanos.es\/blogs\/radiopvi\/wp-content\/uploads\/sites\/18\/2016\/02\/IMG_20160218_115220-768x576.jpg 768w, https:\/\/diocesanos.es\/blogs\/radiopvi\/wp-content\/uploads\/sites\/18\/2016\/02\/IMG_20160218_115220-1024x768.jpg 1024w\" sizes=\"auto, (max-width: 300px) 100vw, 300px\" \/><\/a> <a href=\"https:\/\/diocesanos.es\/blogs\/radiopvi\/wp-content\/uploads\/sites\/18\/2016\/02\/IMG_20160218_1152281.jpg\" rel=\"attachment wp-att-289\"><img loading=\"lazy\" decoding=\"async\" class=\"size-medium wp-image-289 alignleft\" src=\"https:\/\/diocesanos.es\/blogs\/radiopvi\/wp-content\/uploads\/sites\/18\/2016\/02\/IMG_20160218_1152281-300x225.jpg\" alt=\"IMG_20160218_115228(1)\" width=\"300\" height=\"225\" srcset=\"https:\/\/diocesanos.es\/blogs\/radiopvi\/wp-content\/uploads\/sites\/18\/2016\/02\/IMG_20160218_1152281-300x225.jpg 300w, https:\/\/diocesanos.es\/blogs\/radiopvi\/wp-content\/uploads\/sites\/18\/2016\/02\/IMG_20160218_1152281-768x576.jpg 768w, https:\/\/diocesanos.es\/blogs\/radiopvi\/wp-content\/uploads\/sites\/18\/2016\/02\/IMG_20160218_1152281-1024x768.jpg 1024w\" sizes=\"auto, (max-width: 300px) 100vw, 300px\" \/><\/a>\u00a0<a href=\"https:\/\/diocesanos.es\/blogs\/radiopvi\/wp-content\/uploads\/sites\/18\/2016\/02\/IMG_20160218_115510.jpg\" rel=\"attachment wp-att-292\"><img loading=\"lazy\" decoding=\"async\" class=\"size-medium wp-image-292 alignleft\" src=\"https:\/\/diocesanos.es\/blogs\/radiopvi\/wp-content\/uploads\/sites\/18\/2016\/02\/IMG_20160218_115510-300x225.jpg\" alt=\"IMG_20160218_115510\" width=\"300\" height=\"225\" srcset=\"https:\/\/diocesanos.es\/blogs\/radiopvi\/wp-content\/uploads\/sites\/18\/2016\/02\/IMG_20160218_115510-300x225.jpg 300w, https:\/\/diocesanos.es\/blogs\/radiopvi\/wp-content\/uploads\/sites\/18\/2016\/02\/IMG_20160218_115510-768x576.jpg 768w, https:\/\/diocesanos.es\/blogs\/radiopvi\/wp-content\/uploads\/sites\/18\/2016\/02\/IMG_20160218_115510-1024x768.jpg 1024w\" sizes=\"auto, (max-width: 300px) 100vw, 300px\" \/><\/a><a href=\"https:\/\/diocesanos.es\/blogs\/radiopvi\/wp-content\/uploads\/sites\/18\/2016\/02\/IMG_20160218_115947.jpg\" rel=\"attachment wp-att-295\"><img loading=\"lazy\" decoding=\"async\" class=\"size-medium wp-image-295 alignleft\" src=\"https:\/\/diocesanos.es\/blogs\/radiopvi\/wp-content\/uploads\/sites\/18\/2016\/02\/IMG_20160218_115947-300x225.jpg\" alt=\"IMG_20160218_115947\" width=\"300\" height=\"225\" srcset=\"https:\/\/diocesanos.es\/blogs\/radiopvi\/wp-content\/uploads\/sites\/18\/2016\/02\/IMG_20160218_115947-300x225.jpg 300w, https:\/\/diocesanos.es\/blogs\/radiopvi\/wp-content\/uploads\/sites\/18\/2016\/02\/IMG_20160218_115947-768x576.jpg 768w, https:\/\/diocesanos.es\/blogs\/radiopvi\/wp-content\/uploads\/sites\/18\/2016\/02\/IMG_20160218_115947-1024x768.jpg 1024w\" sizes=\"auto, (max-width: 300px) 100vw, 300px\" \/><\/a> <a href=\"https:\/\/diocesanos.es\/blogs\/radiopvi\/wp-content\/uploads\/sites\/18\/2016\/02\/IMG_20160218_1156021.jpg\" rel=\"attachment wp-att-293\"><img loading=\"lazy\" decoding=\"async\" class=\"size-medium wp-image-293 alignleft\" src=\"https:\/\/diocesanos.es\/blogs\/radiopvi\/wp-content\/uploads\/sites\/18\/2016\/02\/IMG_20160218_1156021-300x225.jpg\" alt=\"IMG_20160218_115602(1)\" width=\"300\" height=\"225\" srcset=\"https:\/\/diocesanos.es\/blogs\/radiopvi\/wp-content\/uploads\/sites\/18\/2016\/02\/IMG_20160218_1156021-300x225.jpg 300w, https:\/\/diocesanos.es\/blogs\/radiopvi\/wp-content\/uploads\/sites\/18\/2016\/02\/IMG_20160218_1156021-768x576.jpg 768w, https:\/\/diocesanos.es\/blogs\/radiopvi\/wp-content\/uploads\/sites\/18\/2016\/02\/IMG_20160218_1156021-1024x768.jpg 1024w\" sizes=\"auto, (max-width: 300px) 100vw, 300px\" \/><\/a><\/p>\n","protected":false},"excerpt":{"rendered":"<p>Buenos d\u00edas amigos. Hoy tenemos un programa fresco y din\u00e1mico en el que vamos a repasar todas las noticias de la semana, conoceremos un poco m\u00e1s a Mercedes, profesora del Colegio y escucharemos varios chistes muy bueno. Nuestros reporteros Hugo y Johanna han preparado con detalle el programa para que disfrutemos de un rato divertido &hellip; <a class=\"read-excerpt\" href=\"https:\/\/diocesanos.es\/blogs\/radiopvi\/2016\/02\/19\/programa-del-18-de-febrero-hugo-y-johanna\/\">Continue reading <span class=\"meta-nav\">&raquo;<\/span><\/a><\/p>\n","protected":false},"author":12,"featured_media":0,"comment_status":"open","ping_status":"open","sticky":false,"template":"","format":"standard","meta":{"footnotes":""},"categories":[2,1],"tags":[],"class_list":["post-285","post","type-post","status-publish","format-standard","hentry","category-curso-1516","category-sin-categoria"],"_links":{"self":[{"href":"https:\/\/diocesanos.es\/blogs\/radiopvi\/wp-json\/wp\/v2\/posts\/285","targetHints":{"allow":["GET"]}}],"collection":[{"href":"https:\/\/diocesanos.es\/blogs\/radiopvi\/wp-json\/wp\/v2\/posts"}],"about":[{"href":"https:\/\/diocesanos.es\/blogs\/radiopvi\/wp-json\/wp\/v2\/types\/post"}],"author":[{"embeddable":true,"href":"https:\/\/diocesanos.es\/blogs\/radiopvi\/wp-json\/wp\/v2\/users\/12"}],"replies":[{"embeddable":true,"href":"https:\/\/diocesanos.es\/blogs\/radiopvi\/wp-json\/wp\/v2\/comments?post=285"}],"version-history":[{"count":1,"href":"https:\/\/diocesanos.es\/blogs\/radiopvi\/wp-json\/wp\/v2\/posts\/285\/revisions"}],"predecessor-version":[{"id":296,"href":"https:\/\/diocesanos.es\/blogs\/radiopvi\/wp-json\/wp\/v2\/posts\/285\/revisions\/296"}],"wp:attachment":[{"href":"https:\/\/diocesanos.es\/blogs\/radiopvi\/wp-json\/wp\/v2\/media?parent=285"}],"wp:term":[{"taxonomy":"category","embeddable":true,"href":"https:\/\/diocesanos.es\/blogs\/radiopvi\/wp-json\/wp\/v2\/categories?post=285"},{"taxonomy":"post_tag","embeddable":true,"href":"https:\/\/diocesanos.es\/blogs\/radiopvi\/wp-json\/wp\/v2\/tags?post=285"}],"curies":[{"name":"wp","href":"https:\/\/api.w.org\/{rel}","templated":true}]}}