{"id":274,"date":"2016-02-12T08:54:39","date_gmt":"2016-02-12T08:54:39","guid":{"rendered":"https:\/\/diocesanos.es\/blogs\/radiopvi\/?p=274"},"modified":"2016-11-11T00:18:31","modified_gmt":"2016-11-11T00:18:31","slug":"programa-del-11-de-febrero-sergio-y-clara-corresponsales-claudia-y-paula","status":"publish","type":"post","link":"https:\/\/diocesanos.es\/blogs\/radiopvi\/2016\/02\/12\/programa-del-11-de-febrero-sergio-y-clara-corresponsales-claudia-y-paula\/","title":{"rendered":"Programa del 11 de Febrero. Sergio y Clara. Corresponsales Claudia y Paula."},"content":{"rendered":"<audio class=\"wp-audio-shortcode\" id=\"audio-274-1\" preload=\"none\" style=\"width: 100%;\" controls=\"controls\"><source type=\"audio\/mpeg\" src=\"https:\/\/diocesanos.es\/blogs\/radiopvi\/wp-content\/uploads\/sites\/18\/2016\/02\/Sergio-y-Clara-1.mp3?_=1\" \/><a href=\"https:\/\/diocesanos.es\/blogs\/radiopvi\/wp-content\/uploads\/sites\/18\/2016\/02\/Sergio-y-Clara-1.mp3\">https:\/\/diocesanos.es\/blogs\/radiopvi\/wp-content\/uploads\/sites\/18\/2016\/02\/Sergio-y-Clara-1.mp3<\/a><\/audio>\n<audio class=\"wp-audio-shortcode\" id=\"audio-274-2\" preload=\"none\" style=\"width: 100%;\" controls=\"controls\"><source type=\"audio\/mpeg\" src=\"https:\/\/diocesanos.es\/blogs\/radiopvi\/wp-content\/uploads\/sites\/18\/2016\/02\/Sergio-y-Clara-1.mp3?_=2\" \/><a href=\"https:\/\/diocesanos.es\/blogs\/radiopvi\/wp-content\/uploads\/sites\/18\/2016\/02\/Sergio-y-Clara-1.mp3\">https:\/\/diocesanos.es\/blogs\/radiopvi\/wp-content\/uploads\/sites\/18\/2016\/02\/Sergio-y-Clara-1.mp3<\/a><\/audio>\n<p>Buenos d\u00edas amigos y amigas de Radio Club 4\u00baB. Hoy estamos con Sergio y Clara que nos van a contar un poquito de todo lo que ha pasado en nuestra clase esta semana y en el mundo. Adem\u00e1s nos sumergir\u00e1n en el apasionante mundo de la Semana Santa, que la tenemos a la vuelta de la esquina, inform\u00e1ndonos y con un invitado especial, Roberto Ponce, que sabe mucho de la Semana Santa abulense adem\u00e1s de ser un periodista contrastado en la ciudad y regi\u00f3n.<\/p>\n<p>Hoy adem\u00e1s nos sorprender\u00e1n con la secci\u00f3n \u00abla entrevista absurda\u00bb imitando a la Cadena 100.<\/p>\n<p>!NO LO DUDES, DALE AL PLAY!<\/p>\n<p><a href=\"https:\/\/diocesanos.es\/blogs\/radiopvi\/wp-content\/uploads\/sites\/18\/2016\/02\/IMG_20160211_114840.jpg\" rel=\"attachment wp-att-277\"><img loading=\"lazy\" decoding=\"async\" class=\"size-medium wp-image-277 alignleft\" src=\"https:\/\/diocesanos.es\/blogs\/radiopvi\/wp-content\/uploads\/sites\/18\/2016\/02\/IMG_20160211_114840-300x225.jpg\" alt=\"IMG_20160211_114840\" width=\"300\" height=\"225\" srcset=\"https:\/\/diocesanos.es\/blogs\/radiopvi\/wp-content\/uploads\/sites\/18\/2016\/02\/IMG_20160211_114840-300x225.jpg 300w, https:\/\/diocesanos.es\/blogs\/radiopvi\/wp-content\/uploads\/sites\/18\/2016\/02\/IMG_20160211_114840-768x576.jpg 768w, https:\/\/diocesanos.es\/blogs\/radiopvi\/wp-content\/uploads\/sites\/18\/2016\/02\/IMG_20160211_114840-1024x768.jpg 1024w\" sizes=\"auto, (max-width: 300px) 100vw, 300px\" \/><\/a> <a href=\"https:\/\/diocesanos.es\/blogs\/radiopvi\/wp-content\/uploads\/sites\/18\/2016\/02\/IMG_20160211_114946.jpg\" rel=\"attachment wp-att-278\"><img loading=\"lazy\" decoding=\"async\" class=\"size-medium wp-image-278 alignleft\" src=\"https:\/\/diocesanos.es\/blogs\/radiopvi\/wp-content\/uploads\/sites\/18\/2016\/02\/IMG_20160211_114946-300x225.jpg\" alt=\"IMG_20160211_114946\" width=\"300\" height=\"225\" srcset=\"https:\/\/diocesanos.es\/blogs\/radiopvi\/wp-content\/uploads\/sites\/18\/2016\/02\/IMG_20160211_114946-300x225.jpg 300w, https:\/\/diocesanos.es\/blogs\/radiopvi\/wp-content\/uploads\/sites\/18\/2016\/02\/IMG_20160211_114946-768x576.jpg 768w, https:\/\/diocesanos.es\/blogs\/radiopvi\/wp-content\/uploads\/sites\/18\/2016\/02\/IMG_20160211_114946-1024x768.jpg 1024w\" sizes=\"auto, (max-width: 300px) 100vw, 300px\" \/><\/a> <a href=\"https:\/\/diocesanos.es\/blogs\/radiopvi\/wp-content\/uploads\/sites\/18\/2016\/02\/IMG_20160211_115141.jpg\" rel=\"attachment wp-att-279\"><img loading=\"lazy\" decoding=\"async\" class=\"size-medium wp-image-279 alignleft\" src=\"https:\/\/diocesanos.es\/blogs\/radiopvi\/wp-content\/uploads\/sites\/18\/2016\/02\/IMG_20160211_115141-300x225.jpg\" alt=\"IMG_20160211_115141\" width=\"300\" height=\"225\" srcset=\"https:\/\/diocesanos.es\/blogs\/radiopvi\/wp-content\/uploads\/sites\/18\/2016\/02\/IMG_20160211_115141-300x225.jpg 300w, https:\/\/diocesanos.es\/blogs\/radiopvi\/wp-content\/uploads\/sites\/18\/2016\/02\/IMG_20160211_115141-768x576.jpg 768w, https:\/\/diocesanos.es\/blogs\/radiopvi\/wp-content\/uploads\/sites\/18\/2016\/02\/IMG_20160211_115141-1024x768.jpg 1024w\" sizes=\"auto, (max-width: 300px) 100vw, 300px\" \/><\/a> <a href=\"https:\/\/diocesanos.es\/blogs\/radiopvi\/wp-content\/uploads\/sites\/18\/2016\/02\/IMG_20160211_115529.jpg\" rel=\"attachment wp-att-280\"><img loading=\"lazy\" decoding=\"async\" class=\"size-medium wp-image-280 alignleft\" src=\"https:\/\/diocesanos.es\/blogs\/radiopvi\/wp-content\/uploads\/sites\/18\/2016\/02\/IMG_20160211_115529-300x225.jpg\" alt=\"IMG_20160211_115529\" width=\"300\" height=\"225\" srcset=\"https:\/\/diocesanos.es\/blogs\/radiopvi\/wp-content\/uploads\/sites\/18\/2016\/02\/IMG_20160211_115529-300x225.jpg 300w, https:\/\/diocesanos.es\/blogs\/radiopvi\/wp-content\/uploads\/sites\/18\/2016\/02\/IMG_20160211_115529-768x576.jpg 768w, https:\/\/diocesanos.es\/blogs\/radiopvi\/wp-content\/uploads\/sites\/18\/2016\/02\/IMG_20160211_115529-1024x768.jpg 1024w\" sizes=\"auto, (max-width: 300px) 100vw, 300px\" \/><\/a> <a href=\"https:\/\/diocesanos.es\/blogs\/radiopvi\/wp-content\/uploads\/sites\/18\/2016\/02\/IMG_20160211_115609.jpg\" rel=\"attachment wp-att-281\"><img loading=\"lazy\" decoding=\"async\" class=\"size-medium wp-image-281 alignleft\" src=\"https:\/\/diocesanos.es\/blogs\/radiopvi\/wp-content\/uploads\/sites\/18\/2016\/02\/IMG_20160211_115609-300x225.jpg\" alt=\"IMG_20160211_115609\" width=\"300\" height=\"225\" srcset=\"https:\/\/diocesanos.es\/blogs\/radiopvi\/wp-content\/uploads\/sites\/18\/2016\/02\/IMG_20160211_115609-300x225.jpg 300w, https:\/\/diocesanos.es\/blogs\/radiopvi\/wp-content\/uploads\/sites\/18\/2016\/02\/IMG_20160211_115609-768x576.jpg 768w, https:\/\/diocesanos.es\/blogs\/radiopvi\/wp-content\/uploads\/sites\/18\/2016\/02\/IMG_20160211_115609-1024x768.jpg 1024w\" sizes=\"auto, (max-width: 300px) 100vw, 300px\" \/><\/a> <a href=\"https:\/\/diocesanos.es\/blogs\/radiopvi\/wp-content\/uploads\/sites\/18\/2016\/02\/IMG_20160211_115653.jpg\" rel=\"attachment wp-att-282\"><img loading=\"lazy\" decoding=\"async\" class=\"size-medium wp-image-282 alignleft\" src=\"https:\/\/diocesanos.es\/blogs\/radiopvi\/wp-content\/uploads\/sites\/18\/2016\/02\/IMG_20160211_115653-300x225.jpg\" alt=\"IMG_20160211_115653\" width=\"300\" height=\"225\" srcset=\"https:\/\/diocesanos.es\/blogs\/radiopvi\/wp-content\/uploads\/sites\/18\/2016\/02\/IMG_20160211_115653-300x225.jpg 300w, https:\/\/diocesanos.es\/blogs\/radiopvi\/wp-content\/uploads\/sites\/18\/2016\/02\/IMG_20160211_115653-768x576.jpg 768w, https:\/\/diocesanos.es\/blogs\/radiopvi\/wp-content\/uploads\/sites\/18\/2016\/02\/IMG_20160211_115653-1024x768.jpg 1024w\" sizes=\"auto, (max-width: 300px) 100vw, 300px\" \/><\/a><\/p>\n<p>&nbsp;<\/p>\n<p>&nbsp;<\/p>\n","protected":false},"excerpt":{"rendered":"<p>Buenos d\u00edas amigos y amigas de Radio Club 4\u00baB. Hoy estamos con Sergio y Clara que nos van a contar un poquito de todo lo que ha pasado en nuestra clase esta semana y en el mundo. Adem\u00e1s nos sumergir\u00e1n en el apasionante mundo de la Semana Santa, que la tenemos a la vuelta de &hellip; <a class=\"read-excerpt\" href=\"https:\/\/diocesanos.es\/blogs\/radiopvi\/2016\/02\/12\/programa-del-11-de-febrero-sergio-y-clara-corresponsales-claudia-y-paula\/\">Continue reading <span class=\"meta-nav\">&raquo;<\/span><\/a><\/p>\n","protected":false},"author":12,"featured_media":0,"comment_status":"open","ping_status":"open","sticky":false,"template":"","format":"standard","meta":{"footnotes":""},"categories":[2,1],"tags":[],"class_list":["post-274","post","type-post","status-publish","format-standard","hentry","category-curso-1516","category-sin-categoria"],"_links":{"self":[{"href":"https:\/\/diocesanos.es\/blogs\/radiopvi\/wp-json\/wp\/v2\/posts\/274","targetHints":{"allow":["GET"]}}],"collection":[{"href":"https:\/\/diocesanos.es\/blogs\/radiopvi\/wp-json\/wp\/v2\/posts"}],"about":[{"href":"https:\/\/diocesanos.es\/blogs\/radiopvi\/wp-json\/wp\/v2\/types\/post"}],"author":[{"embeddable":true,"href":"https:\/\/diocesanos.es\/blogs\/radiopvi\/wp-json\/wp\/v2\/users\/12"}],"replies":[{"embeddable":true,"href":"https:\/\/diocesanos.es\/blogs\/radiopvi\/wp-json\/wp\/v2\/comments?post=274"}],"version-history":[{"count":1,"href":"https:\/\/diocesanos.es\/blogs\/radiopvi\/wp-json\/wp\/v2\/posts\/274\/revisions"}],"predecessor-version":[{"id":283,"href":"https:\/\/diocesanos.es\/blogs\/radiopvi\/wp-json\/wp\/v2\/posts\/274\/revisions\/283"}],"wp:attachment":[{"href":"https:\/\/diocesanos.es\/blogs\/radiopvi\/wp-json\/wp\/v2\/media?parent=274"}],"wp:term":[{"taxonomy":"category","embeddable":true,"href":"https:\/\/diocesanos.es\/blogs\/radiopvi\/wp-json\/wp\/v2\/categories?post=274"},{"taxonomy":"post_tag","embeddable":true,"href":"https:\/\/diocesanos.es\/blogs\/radiopvi\/wp-json\/wp\/v2\/tags?post=274"}],"curies":[{"name":"wp","href":"https:\/\/api.w.org\/{rel}","templated":true}]}}