{"id":254,"date":"2016-01-30T19:51:40","date_gmt":"2016-01-30T19:51:40","guid":{"rendered":"https:\/\/diocesanos.es\/blogs\/radiopvi\/?p=254"},"modified":"2016-11-11T00:18:31","modified_gmt":"2016-11-11T00:18:31","slug":"programa-del-28-de-enero-claudia-y-daniel","status":"publish","type":"post","link":"https:\/\/diocesanos.es\/blogs\/radiopvi\/2016\/01\/30\/programa-del-28-de-enero-claudia-y-daniel\/","title":{"rendered":"Programa del 28 de Enero. Claudia y Daniel."},"content":{"rendered":"<audio class=\"wp-audio-shortcode\" id=\"audio-254-1\" preload=\"none\" style=\"width: 100%;\" controls=\"controls\"><source type=\"audio\/mpeg\" src=\"https:\/\/diocesanos.es\/blogs\/radiopvi\/wp-content\/uploads\/sites\/18\/2016\/01\/Clau-Y-Dani.m4a?_=1\" \/><a href=\"https:\/\/diocesanos.es\/blogs\/radiopvi\/wp-content\/uploads\/sites\/18\/2016\/01\/Clau-Y-Dani.m4a\">https:\/\/diocesanos.es\/blogs\/radiopvi\/wp-content\/uploads\/sites\/18\/2016\/01\/Clau-Y-Dani.m4a<\/a><\/audio>\n<p>Un \u00abJuernes\u00bb m\u00e1s os presentamos nuestro programa de radio en el quye nuestros peque\u00f1os reporteros nos informan de la actualidad del colegio y de todo lo que nos puede interesar de las noticias tanto provinciales como nacionales. Hoy adem\u00e1s tendremos tres corresponsales que nos hablar\u00e1n sobre la excursi\u00f3n al patinaje sobre hielo y sobre la metodolog\u00eda empleada para la unidad de las fracciones.<\/p>\n<p>Hoy adem\u00e1s tenemos un invitado de lujo que nos llevar\u00e1 de \u00abpaseo\u00bb por los sitios m\u00e1s emblem\u00e1ticos de \u00c1vila y nos hablar\u00e1 sobre la profesi\u00f3n de gu\u00eda tur\u00edstico. No faltar\u00e1n los chistes y las adivinanzas como cada semana.<\/p>\n<p>Os esperamos!!!<\/p>\n<p><a href=\"https:\/\/diocesanos.es\/blogs\/radiopvi\/wp-content\/uploads\/sites\/18\/2016\/01\/FullSizeRender1.jpg\" rel=\"attachment wp-att-256\"><img loading=\"lazy\" decoding=\"async\" class=\"size-medium wp-image-256 alignleft\" src=\"https:\/\/diocesanos.es\/blogs\/radiopvi\/wp-content\/uploads\/sites\/18\/2016\/01\/FullSizeRender1-300x190.jpg\" alt=\"FullSizeRender(1)\" width=\"300\" height=\"190\" srcset=\"https:\/\/diocesanos.es\/blogs\/radiopvi\/wp-content\/uploads\/sites\/18\/2016\/01\/FullSizeRender1-300x190.jpg 300w, https:\/\/diocesanos.es\/blogs\/radiopvi\/wp-content\/uploads\/sites\/18\/2016\/01\/FullSizeRender1-768x487.jpg 768w, https:\/\/diocesanos.es\/blogs\/radiopvi\/wp-content\/uploads\/sites\/18\/2016\/01\/FullSizeRender1-1024x649.jpg 1024w\" sizes=\"auto, (max-width: 300px) 100vw, 300px\" \/><\/a><a href=\"https:\/\/diocesanos.es\/blogs\/radiopvi\/wp-content\/uploads\/sites\/18\/2016\/01\/FullSizeRender6.jpg\" rel=\"attachment wp-att-259\"><img loading=\"lazy\" decoding=\"async\" class=\"aligncenter size-medium wp-image-259\" src=\"https:\/\/diocesanos.es\/blogs\/radiopvi\/wp-content\/uploads\/sites\/18\/2016\/01\/FullSizeRender6-300x225.jpg\" alt=\"FullSizeRender(6)\" width=\"300\" height=\"225\" srcset=\"https:\/\/diocesanos.es\/blogs\/radiopvi\/wp-content\/uploads\/sites\/18\/2016\/01\/FullSizeRender6-300x225.jpg 300w, https:\/\/diocesanos.es\/blogs\/radiopvi\/wp-content\/uploads\/sites\/18\/2016\/01\/FullSizeRender6-768x576.jpg 768w, https:\/\/diocesanos.es\/blogs\/radiopvi\/wp-content\/uploads\/sites\/18\/2016\/01\/FullSizeRender6-1024x768.jpg 1024w\" sizes=\"auto, (max-width: 300px) 100vw, 300px\" \/><\/a><a href=\"https:\/\/diocesanos.es\/blogs\/radiopvi\/wp-content\/uploads\/sites\/18\/2016\/01\/FullSizeRender3.jpg\" rel=\"attachment wp-att-257\"><img loading=\"lazy\" decoding=\"async\" class=\"size-medium wp-image-257 alignleft\" src=\"https:\/\/diocesanos.es\/blogs\/radiopvi\/wp-content\/uploads\/sites\/18\/2016\/01\/FullSizeRender3-300x221.jpg\" alt=\"FullSizeRender(3)\" width=\"300\" height=\"221\" srcset=\"https:\/\/diocesanos.es\/blogs\/radiopvi\/wp-content\/uploads\/sites\/18\/2016\/01\/FullSizeRender3-300x221.jpg 300w, https:\/\/diocesanos.es\/blogs\/radiopvi\/wp-content\/uploads\/sites\/18\/2016\/01\/FullSizeRender3-768x567.jpg 768w, https:\/\/diocesanos.es\/blogs\/radiopvi\/wp-content\/uploads\/sites\/18\/2016\/01\/FullSizeRender3-1024x756.jpg 1024w\" sizes=\"auto, (max-width: 300px) 100vw, 300px\" \/><\/a> <a href=\"https:\/\/diocesanos.es\/blogs\/radiopvi\/wp-content\/uploads\/sites\/18\/2016\/01\/FullSizeRender5.jpg\" rel=\"attachment wp-att-258\"><img loading=\"lazy\" decoding=\"async\" class=\"aligncenter size-medium wp-image-258\" src=\"https:\/\/diocesanos.es\/blogs\/radiopvi\/wp-content\/uploads\/sites\/18\/2016\/01\/FullSizeRender5-300x212.jpg\" alt=\"FullSizeRender(5)\" width=\"300\" height=\"212\" srcset=\"https:\/\/diocesanos.es\/blogs\/radiopvi\/wp-content\/uploads\/sites\/18\/2016\/01\/FullSizeRender5-300x212.jpg 300w, https:\/\/diocesanos.es\/blogs\/radiopvi\/wp-content\/uploads\/sites\/18\/2016\/01\/FullSizeRender5-768x543.jpg 768w, https:\/\/diocesanos.es\/blogs\/radiopvi\/wp-content\/uploads\/sites\/18\/2016\/01\/FullSizeRender5-1024x724.jpg 1024w\" sizes=\"auto, (max-width: 300px) 100vw, 300px\" \/><\/a> <a href=\"https:\/\/diocesanos.es\/blogs\/radiopvi\/wp-content\/uploads\/sites\/18\/2016\/01\/FullSizeRender.jpg\" rel=\"attachment wp-att-260\"><img loading=\"lazy\" decoding=\"async\" class=\"wp-image-260 alignleft\" src=\"https:\/\/diocesanos.es\/blogs\/radiopvi\/wp-content\/uploads\/sites\/18\/2016\/01\/FullSizeRender-300x188.jpg\" alt=\"FullSizeRender\" width=\"476\" height=\"298\" srcset=\"https:\/\/diocesanos.es\/blogs\/radiopvi\/wp-content\/uploads\/sites\/18\/2016\/01\/FullSizeRender-300x188.jpg 300w, https:\/\/diocesanos.es\/blogs\/radiopvi\/wp-content\/uploads\/sites\/18\/2016\/01\/FullSizeRender-768x482.jpg 768w, https:\/\/diocesanos.es\/blogs\/radiopvi\/wp-content\/uploads\/sites\/18\/2016\/01\/FullSizeRender-1024x642.jpg 1024w, https:\/\/diocesanos.es\/blogs\/radiopvi\/wp-content\/uploads\/sites\/18\/2016\/01\/FullSizeRender.jpg 1622w\" sizes=\"auto, (max-width: 476px) 100vw, 476px\" \/><\/a><\/p>\n","protected":false},"excerpt":{"rendered":"<p>Un \u00abJuernes\u00bb m\u00e1s os presentamos nuestro programa de radio en el quye nuestros peque\u00f1os reporteros nos informan de la actualidad del colegio y de todo lo que nos puede interesar de las noticias tanto provinciales como nacionales. Hoy adem\u00e1s tendremos tres corresponsales que nos hablar\u00e1n sobre la excursi\u00f3n al patinaje sobre hielo y sobre la &hellip; <a class=\"read-excerpt\" href=\"https:\/\/diocesanos.es\/blogs\/radiopvi\/2016\/01\/30\/programa-del-28-de-enero-claudia-y-daniel\/\">Continue reading <span class=\"meta-nav\">&raquo;<\/span><\/a><\/p>\n","protected":false},"author":12,"featured_media":0,"comment_status":"open","ping_status":"open","sticky":false,"template":"","format":"standard","meta":{"footnotes":""},"categories":[2,1],"tags":[],"class_list":["post-254","post","type-post","status-publish","format-standard","hentry","category-curso-1516","category-sin-categoria"],"_links":{"self":[{"href":"https:\/\/diocesanos.es\/blogs\/radiopvi\/wp-json\/wp\/v2\/posts\/254","targetHints":{"allow":["GET"]}}],"collection":[{"href":"https:\/\/diocesanos.es\/blogs\/radiopvi\/wp-json\/wp\/v2\/posts"}],"about":[{"href":"https:\/\/diocesanos.es\/blogs\/radiopvi\/wp-json\/wp\/v2\/types\/post"}],"author":[{"embeddable":true,"href":"https:\/\/diocesanos.es\/blogs\/radiopvi\/wp-json\/wp\/v2\/users\/12"}],"replies":[{"embeddable":true,"href":"https:\/\/diocesanos.es\/blogs\/radiopvi\/wp-json\/wp\/v2\/comments?post=254"}],"version-history":[{"count":1,"href":"https:\/\/diocesanos.es\/blogs\/radiopvi\/wp-json\/wp\/v2\/posts\/254\/revisions"}],"predecessor-version":[{"id":261,"href":"https:\/\/diocesanos.es\/blogs\/radiopvi\/wp-json\/wp\/v2\/posts\/254\/revisions\/261"}],"wp:attachment":[{"href":"https:\/\/diocesanos.es\/blogs\/radiopvi\/wp-json\/wp\/v2\/media?parent=254"}],"wp:term":[{"taxonomy":"category","embeddable":true,"href":"https:\/\/diocesanos.es\/blogs\/radiopvi\/wp-json\/wp\/v2\/categories?post=254"},{"taxonomy":"post_tag","embeddable":true,"href":"https:\/\/diocesanos.es\/blogs\/radiopvi\/wp-json\/wp\/v2\/tags?post=254"}],"curies":[{"name":"wp","href":"https:\/\/api.w.org\/{rel}","templated":true}]}}