{"id":247,"date":"2016-01-26T08:08:33","date_gmt":"2016-01-26T08:08:33","guid":{"rendered":"https:\/\/diocesanos.es\/blogs\/radiopvi\/?p=247"},"modified":"2016-11-11T00:18:31","modified_gmt":"2016-11-11T00:18:31","slug":"programa-21-de-enero-alex-y-aitor-camila-y-aitor-corresponsales","status":"publish","type":"post","link":"https:\/\/diocesanos.es\/blogs\/radiopvi\/2016\/01\/26\/programa-21-de-enero-alex-y-aitor-camila-y-aitor-corresponsales\/","title":{"rendered":"Programa 21 de Enero. Alex y Aitor. Camila y Aitor (corresponsales)"},"content":{"rendered":"<audio class=\"wp-audio-shortcode\" id=\"audio-247-1\" preload=\"none\" style=\"width: 100%;\" controls=\"controls\"><source type=\"audio\/mpeg\" src=\"https:\/\/diocesanos.es\/blogs\/radiopvi\/wp-content\/uploads\/sites\/18\/2016\/01\/Aitor-Alex.m4a?_=1\" \/><a href=\"https:\/\/diocesanos.es\/blogs\/radiopvi\/wp-content\/uploads\/sites\/18\/2016\/01\/Aitor-Alex.m4a\">https:\/\/diocesanos.es\/blogs\/radiopvi\/wp-content\/uploads\/sites\/18\/2016\/01\/Aitor-Alex.m4a<\/a><\/audio>\n<p>Buenos dias una semana m\u00e1s desde nuestro estudio de radio en 4\u00baC. Hoy tenemos un programa cargado de noticias, que vendr\u00e1n de la mano de nuestros compa\u00f1eros Alex y Aitor y sus dos corresponsales Camila y Aitor. Adem\u00e1s conoceremos todos los secretos de las artes marciales de la mano de nuestro invitado sorpresa.<\/p>\n<p>Como siempre, no faltar\u00e1n los chistes y alguna adivinanza.<\/p>\n<p>\u00a1Pasar un gran d\u00eda!<\/p>\n<p><a href=\"https:\/\/diocesanos.es\/blogs\/radiopvi\/wp-content\/uploads\/sites\/18\/2016\/01\/IMG_6987.jpg\" rel=\"attachment wp-att-249\"><img loading=\"lazy\" decoding=\"async\" class=\"aligncenter size-medium wp-image-249\" src=\"https:\/\/diocesanos.es\/blogs\/radiopvi\/wp-content\/uploads\/sites\/18\/2016\/01\/IMG_6987-300x225.jpg\" alt=\"IMG_6987\" width=\"300\" height=\"225\" srcset=\"https:\/\/diocesanos.es\/blogs\/radiopvi\/wp-content\/uploads\/sites\/18\/2016\/01\/IMG_6987-300x225.jpg 300w, https:\/\/diocesanos.es\/blogs\/radiopvi\/wp-content\/uploads\/sites\/18\/2016\/01\/IMG_6987-768x576.jpg 768w, https:\/\/diocesanos.es\/blogs\/radiopvi\/wp-content\/uploads\/sites\/18\/2016\/01\/IMG_6987-1024x768.jpg 1024w\" sizes=\"auto, (max-width: 300px) 100vw, 300px\" \/><\/a> <a href=\"https:\/\/diocesanos.es\/blogs\/radiopvi\/wp-content\/uploads\/sites\/18\/2016\/01\/IMG_6989.jpg\" rel=\"attachment wp-att-250\"><img loading=\"lazy\" decoding=\"async\" class=\"aligncenter size-medium wp-image-250\" src=\"https:\/\/diocesanos.es\/blogs\/radiopvi\/wp-content\/uploads\/sites\/18\/2016\/01\/IMG_6989-300x225.jpg\" alt=\"IMG_6989\" width=\"300\" height=\"225\" srcset=\"https:\/\/diocesanos.es\/blogs\/radiopvi\/wp-content\/uploads\/sites\/18\/2016\/01\/IMG_6989-300x225.jpg 300w, https:\/\/diocesanos.es\/blogs\/radiopvi\/wp-content\/uploads\/sites\/18\/2016\/01\/IMG_6989-768x576.jpg 768w, https:\/\/diocesanos.es\/blogs\/radiopvi\/wp-content\/uploads\/sites\/18\/2016\/01\/IMG_6989-1024x768.jpg 1024w\" sizes=\"auto, (max-width: 300px) 100vw, 300px\" \/><\/a> <a href=\"https:\/\/diocesanos.es\/blogs\/radiopvi\/wp-content\/uploads\/sites\/18\/2016\/01\/IMG_6990.jpg\" rel=\"attachment wp-att-251\"><img loading=\"lazy\" decoding=\"async\" class=\"aligncenter size-medium wp-image-251\" src=\"https:\/\/diocesanos.es\/blogs\/radiopvi\/wp-content\/uploads\/sites\/18\/2016\/01\/IMG_6990-300x225.jpg\" alt=\"IMG_6990\" width=\"300\" height=\"225\" srcset=\"https:\/\/diocesanos.es\/blogs\/radiopvi\/wp-content\/uploads\/sites\/18\/2016\/01\/IMG_6990-300x225.jpg 300w, https:\/\/diocesanos.es\/blogs\/radiopvi\/wp-content\/uploads\/sites\/18\/2016\/01\/IMG_6990-768x576.jpg 768w, https:\/\/diocesanos.es\/blogs\/radiopvi\/wp-content\/uploads\/sites\/18\/2016\/01\/IMG_6990-1024x768.jpg 1024w\" sizes=\"auto, (max-width: 300px) 100vw, 300px\" \/><\/a> <a href=\"https:\/\/diocesanos.es\/blogs\/radiopvi\/wp-content\/uploads\/sites\/18\/2016\/01\/IMG_6991.jpg\" rel=\"attachment wp-att-252\"><img loading=\"lazy\" decoding=\"async\" class=\"aligncenter size-medium wp-image-252\" src=\"https:\/\/diocesanos.es\/blogs\/radiopvi\/wp-content\/uploads\/sites\/18\/2016\/01\/IMG_6991-300x225.jpg\" alt=\"IMG_6991\" width=\"300\" height=\"225\" srcset=\"https:\/\/diocesanos.es\/blogs\/radiopvi\/wp-content\/uploads\/sites\/18\/2016\/01\/IMG_6991-300x225.jpg 300w, https:\/\/diocesanos.es\/blogs\/radiopvi\/wp-content\/uploads\/sites\/18\/2016\/01\/IMG_6991-768x576.jpg 768w, https:\/\/diocesanos.es\/blogs\/radiopvi\/wp-content\/uploads\/sites\/18\/2016\/01\/IMG_6991-1024x768.jpg 1024w\" sizes=\"auto, (max-width: 300px) 100vw, 300px\" \/><\/a><\/p>\n","protected":false},"excerpt":{"rendered":"<p>Buenos dias una semana m\u00e1s desde nuestro estudio de radio en 4\u00baC. Hoy tenemos un programa cargado de noticias, que vendr\u00e1n de la mano de nuestros compa\u00f1eros Alex y Aitor y sus dos corresponsales Camila y Aitor. Adem\u00e1s conoceremos todos los secretos de las artes marciales de la mano de nuestro invitado sorpresa. Como siempre, &hellip; <a class=\"read-excerpt\" href=\"https:\/\/diocesanos.es\/blogs\/radiopvi\/2016\/01\/26\/programa-21-de-enero-alex-y-aitor-camila-y-aitor-corresponsales\/\">Continue reading <span class=\"meta-nav\">&raquo;<\/span><\/a><\/p>\n","protected":false},"author":12,"featured_media":0,"comment_status":"open","ping_status":"open","sticky":false,"template":"","format":"standard","meta":{"footnotes":""},"categories":[2,1],"tags":[],"class_list":["post-247","post","type-post","status-publish","format-standard","hentry","category-curso-1516","category-sin-categoria"],"_links":{"self":[{"href":"https:\/\/diocesanos.es\/blogs\/radiopvi\/wp-json\/wp\/v2\/posts\/247","targetHints":{"allow":["GET"]}}],"collection":[{"href":"https:\/\/diocesanos.es\/blogs\/radiopvi\/wp-json\/wp\/v2\/posts"}],"about":[{"href":"https:\/\/diocesanos.es\/blogs\/radiopvi\/wp-json\/wp\/v2\/types\/post"}],"author":[{"embeddable":true,"href":"https:\/\/diocesanos.es\/blogs\/radiopvi\/wp-json\/wp\/v2\/users\/12"}],"replies":[{"embeddable":true,"href":"https:\/\/diocesanos.es\/blogs\/radiopvi\/wp-json\/wp\/v2\/comments?post=247"}],"version-history":[{"count":1,"href":"https:\/\/diocesanos.es\/blogs\/radiopvi\/wp-json\/wp\/v2\/posts\/247\/revisions"}],"predecessor-version":[{"id":253,"href":"https:\/\/diocesanos.es\/blogs\/radiopvi\/wp-json\/wp\/v2\/posts\/247\/revisions\/253"}],"wp:attachment":[{"href":"https:\/\/diocesanos.es\/blogs\/radiopvi\/wp-json\/wp\/v2\/media?parent=247"}],"wp:term":[{"taxonomy":"category","embeddable":true,"href":"https:\/\/diocesanos.es\/blogs\/radiopvi\/wp-json\/wp\/v2\/categories?post=247"},{"taxonomy":"post_tag","embeddable":true,"href":"https:\/\/diocesanos.es\/blogs\/radiopvi\/wp-json\/wp\/v2\/tags?post=247"}],"curies":[{"name":"wp","href":"https:\/\/api.w.org\/{rel}","templated":true}]}}