{"id":235,"date":"2016-01-15T08:28:31","date_gmt":"2016-01-15T08:28:31","guid":{"rendered":"https:\/\/diocesanos.es\/blogs\/radiopvi\/?p=235"},"modified":"2016-11-11T00:18:31","modified_gmt":"2016-11-11T00:18:31","slug":"programa-14-de-enero-alba-y-lucia-corresponsales-carla-y-nico","status":"publish","type":"post","link":"https:\/\/diocesanos.es\/blogs\/radiopvi\/2016\/01\/15\/programa-14-de-enero-alba-y-lucia-corresponsales-carla-y-nico\/","title":{"rendered":"Programa 14 de Enero. Alba y Luc\u00eda. Corresponsales Carla y Nico."},"content":{"rendered":"<audio class=\"wp-audio-shortcode\" id=\"audio-235-1\" preload=\"none\" style=\"width: 100%;\" controls=\"controls\"><source type=\"audio\/mpeg\" src=\"https:\/\/diocesanos.es\/blogs\/radiopvi\/wp-content\/uploads\/sites\/18\/2016\/01\/Lucia-alba.m4a?_=1\" \/><a href=\"https:\/\/diocesanos.es\/blogs\/radiopvi\/wp-content\/uploads\/sites\/18\/2016\/01\/Lucia-alba.m4a\">https:\/\/diocesanos.es\/blogs\/radiopvi\/wp-content\/uploads\/sites\/18\/2016\/01\/Lucia-alba.m4a<\/a><\/audio>\n<p>Buenos d\u00edas una semana m\u00e1s a nuestros taller de radio. esta semana de la mano e Alba y luc\u00eda conoceremos todas las noticias del cole, el tiempo, curiosidades de la clase y nos acercar\u00e1n a nuestro ex profesor de pr\u00e1cticas \u00c1lvaro.<\/p>\n<p>Nico y Carla nos contar\u00e1s cosas de nuestros amigos del A y del B y como siempre terminaremos nuestro programa con algo de humor.<\/p>\n<p>Dale al Play y disfruta.<\/p>\n<p><a href=\"https:\/\/diocesanos.es\/blogs\/radiopvi\/wp-content\/uploads\/sites\/18\/2016\/01\/IMG_6724.jpg\" rel=\"attachment wp-att-243\"><img loading=\"lazy\" decoding=\"async\" class=\" wp-image-243 aligncenter\" src=\"https:\/\/diocesanos.es\/blogs\/radiopvi\/wp-content\/uploads\/sites\/18\/2016\/01\/IMG_6724-300x225.jpg\" alt=\"IMG_6724\" width=\"370\" height=\"277\" srcset=\"https:\/\/diocesanos.es\/blogs\/radiopvi\/wp-content\/uploads\/sites\/18\/2016\/01\/IMG_6724-300x225.jpg 300w, https:\/\/diocesanos.es\/blogs\/radiopvi\/wp-content\/uploads\/sites\/18\/2016\/01\/IMG_6724-768x576.jpg 768w, https:\/\/diocesanos.es\/blogs\/radiopvi\/wp-content\/uploads\/sites\/18\/2016\/01\/IMG_6724-1024x768.jpg 1024w\" sizes=\"auto, (max-width: 370px) 100vw, 370px\" \/><\/a> <a href=\"https:\/\/diocesanos.es\/blogs\/radiopvi\/wp-content\/uploads\/sites\/18\/2016\/01\/DSC_0022.jpg\" rel=\"attachment wp-att-241\"><img loading=\"lazy\" decoding=\"async\" class=\" wp-image-241 alignleft\" src=\"https:\/\/diocesanos.es\/blogs\/radiopvi\/wp-content\/uploads\/sites\/18\/2016\/01\/DSC_0022-300x169.jpg\" alt=\"DSC_0022\" width=\"325\" height=\"183\" srcset=\"https:\/\/diocesanos.es\/blogs\/radiopvi\/wp-content\/uploads\/sites\/18\/2016\/01\/DSC_0022-300x169.jpg 300w, https:\/\/diocesanos.es\/blogs\/radiopvi\/wp-content\/uploads\/sites\/18\/2016\/01\/DSC_0022-768x432.jpg 768w, https:\/\/diocesanos.es\/blogs\/radiopvi\/wp-content\/uploads\/sites\/18\/2016\/01\/DSC_0022-1024x576.jpg 1024w\" sizes=\"auto, (max-width: 325px) 100vw, 325px\" \/><\/a>\u00a0 <a href=\"https:\/\/diocesanos.es\/blogs\/radiopvi\/wp-content\/uploads\/sites\/18\/2016\/01\/DSC_0013.jpg\" rel=\"attachment wp-att-237\"><img loading=\"lazy\" decoding=\"async\" class=\" wp-image-237 alignright\" src=\"https:\/\/diocesanos.es\/blogs\/radiopvi\/wp-content\/uploads\/sites\/18\/2016\/01\/DSC_0013-300x169.jpg\" alt=\"DSC_0013\" width=\"360\" height=\"203\" srcset=\"https:\/\/diocesanos.es\/blogs\/radiopvi\/wp-content\/uploads\/sites\/18\/2016\/01\/DSC_0013-300x169.jpg 300w, https:\/\/diocesanos.es\/blogs\/radiopvi\/wp-content\/uploads\/sites\/18\/2016\/01\/DSC_0013-768x432.jpg 768w, https:\/\/diocesanos.es\/blogs\/radiopvi\/wp-content\/uploads\/sites\/18\/2016\/01\/DSC_0013-1024x576.jpg 1024w\" sizes=\"auto, (max-width: 360px) 100vw, 360px\" \/><\/a><\/p>\n<p>&nbsp;<\/p>\n","protected":false},"excerpt":{"rendered":"<p>Buenos d\u00edas una semana m\u00e1s a nuestros taller de radio. esta semana de la mano e Alba y luc\u00eda conoceremos todas las noticias del cole, el tiempo, curiosidades de la clase y nos acercar\u00e1n a nuestro ex profesor de pr\u00e1cticas \u00c1lvaro. Nico y Carla nos contar\u00e1s cosas de nuestros amigos del A y del B &hellip; <a class=\"read-excerpt\" href=\"https:\/\/diocesanos.es\/blogs\/radiopvi\/2016\/01\/15\/programa-14-de-enero-alba-y-lucia-corresponsales-carla-y-nico\/\">Continue reading <span class=\"meta-nav\">&raquo;<\/span><\/a><\/p>\n","protected":false},"author":12,"featured_media":0,"comment_status":"open","ping_status":"open","sticky":false,"template":"","format":"standard","meta":{"footnotes":""},"categories":[2,1],"tags":[],"class_list":["post-235","post","type-post","status-publish","format-standard","hentry","category-curso-1516","category-sin-categoria"],"_links":{"self":[{"href":"https:\/\/diocesanos.es\/blogs\/radiopvi\/wp-json\/wp\/v2\/posts\/235","targetHints":{"allow":["GET"]}}],"collection":[{"href":"https:\/\/diocesanos.es\/blogs\/radiopvi\/wp-json\/wp\/v2\/posts"}],"about":[{"href":"https:\/\/diocesanos.es\/blogs\/radiopvi\/wp-json\/wp\/v2\/types\/post"}],"author":[{"embeddable":true,"href":"https:\/\/diocesanos.es\/blogs\/radiopvi\/wp-json\/wp\/v2\/users\/12"}],"replies":[{"embeddable":true,"href":"https:\/\/diocesanos.es\/blogs\/radiopvi\/wp-json\/wp\/v2\/comments?post=235"}],"version-history":[{"count":1,"href":"https:\/\/diocesanos.es\/blogs\/radiopvi\/wp-json\/wp\/v2\/posts\/235\/revisions"}],"predecessor-version":[{"id":245,"href":"https:\/\/diocesanos.es\/blogs\/radiopvi\/wp-json\/wp\/v2\/posts\/235\/revisions\/245"}],"wp:attachment":[{"href":"https:\/\/diocesanos.es\/blogs\/radiopvi\/wp-json\/wp\/v2\/media?parent=235"}],"wp:term":[{"taxonomy":"category","embeddable":true,"href":"https:\/\/diocesanos.es\/blogs\/radiopvi\/wp-json\/wp\/v2\/categories?post=235"},{"taxonomy":"post_tag","embeddable":true,"href":"https:\/\/diocesanos.es\/blogs\/radiopvi\/wp-json\/wp\/v2\/tags?post=235"}],"curies":[{"name":"wp","href":"https:\/\/api.w.org\/{rel}","templated":true}]}}