{"id":224,"date":"2015-12-17T17:32:15","date_gmt":"2015-12-17T17:32:15","guid":{"rendered":"https:\/\/diocesanos.es\/blogs\/radiopvi\/?p=224"},"modified":"2016-11-11T00:18:31","modified_gmt":"2016-11-11T00:18:31","slug":"programa-17-de-diciembre-ainara-y-sergio-correponsales-sara-y-lander","status":"publish","type":"post","link":"https:\/\/diocesanos.es\/blogs\/radiopvi\/2015\/12\/17\/programa-17-de-diciembre-ainara-y-sergio-correponsales-sara-y-lander\/","title":{"rendered":"Programa 17 de Diciembre. Ainara y Sergio. Correponsales Sara y Lander."},"content":{"rendered":"<audio class=\"wp-audio-shortcode\" id=\"audio-224-1\" preload=\"none\" style=\"width: 100%;\" controls=\"controls\"><source type=\"audio\/mpeg\" src=\"https:\/\/diocesanos.es\/blogs\/radiopvi\/wp-content\/uploads\/sites\/18\/2015\/12\/SergioMesoneroAinara.m4a?_=1\" \/><a href=\"https:\/\/diocesanos.es\/blogs\/radiopvi\/wp-content\/uploads\/sites\/18\/2015\/12\/SergioMesoneroAinara.m4a\">https:\/\/diocesanos.es\/blogs\/radiopvi\/wp-content\/uploads\/sites\/18\/2015\/12\/SergioMesoneroAinara.m4a<\/a><\/audio>\n<p>Bienvenidos otro JUENES m\u00e1s a nuestro espacio semanal de radio.<\/p>\n<p>Hoy Sergio y Ainara nos sumergir\u00e1n en las fiestas navide\u00f1as y nos contar\u00e1n todo lo que debemos saber de este final de trimestre: visitas de los reyes, salidas, y sensaciones que todos tenemos ante la importante llegada de Jes\u00fas.<\/p>\n<p>Despu\u00e9s, unos invitados muy especiales, se convertir\u00e1n en ni\u00f1os por un ratito y nos contar\u00e1n sus experiencias y sus deseos de ni\u00f1ez, hasta se han atrevido con algunas de nuestras adivinanza&#8230; Sin olvidarnos de nuestros corresponsales de 4\u00baA y 4\u00baB que nos contar\u00e1n cosas de nuestras clases vecinas.<\/p>\n<p>Un saludo y disfrutad del \u00faltimo programa del 2015<\/p>\n<p><a href=\"https:\/\/diocesanos.es\/blogs\/radiopvi\/wp-content\/uploads\/sites\/18\/2015\/12\/IMG_5146.jpg\" rel=\"attachment wp-att-231\"><img loading=\"lazy\" decoding=\"async\" class=\" wp-image-231 alignleft\" src=\"https:\/\/diocesanos.es\/blogs\/radiopvi\/wp-content\/uploads\/sites\/18\/2015\/12\/IMG_5146-300x225.jpg\" alt=\"IMG_5146\" width=\"376\" height=\"282\" srcset=\"https:\/\/diocesanos.es\/blogs\/radiopvi\/wp-content\/uploads\/sites\/18\/2015\/12\/IMG_5146-300x225.jpg 300w, https:\/\/diocesanos.es\/blogs\/radiopvi\/wp-content\/uploads\/sites\/18\/2015\/12\/IMG_5146-768x576.jpg 768w, https:\/\/diocesanos.es\/blogs\/radiopvi\/wp-content\/uploads\/sites\/18\/2015\/12\/IMG_5146-1024x768.jpg 1024w\" sizes=\"auto, (max-width: 376px) 100vw, 376px\" \/><\/a> <a href=\"https:\/\/diocesanos.es\/blogs\/radiopvi\/wp-content\/uploads\/sites\/18\/2015\/12\/DSC_1011.jpg\" rel=\"attachment wp-att-229\"><img loading=\"lazy\" decoding=\"async\" class=\"size-medium wp-image-229 alignleft\" src=\"https:\/\/diocesanos.es\/blogs\/radiopvi\/wp-content\/uploads\/sites\/18\/2015\/12\/DSC_1011-300x169.jpg\" alt=\"DSC_1011\" width=\"300\" height=\"169\" srcset=\"https:\/\/diocesanos.es\/blogs\/radiopvi\/wp-content\/uploads\/sites\/18\/2015\/12\/DSC_1011-300x169.jpg 300w, https:\/\/diocesanos.es\/blogs\/radiopvi\/wp-content\/uploads\/sites\/18\/2015\/12\/DSC_1011-768x432.jpg 768w, https:\/\/diocesanos.es\/blogs\/radiopvi\/wp-content\/uploads\/sites\/18\/2015\/12\/DSC_1011-1024x576.jpg 1024w\" sizes=\"auto, (max-width: 300px) 100vw, 300px\" \/><\/a> <a href=\"https:\/\/diocesanos.es\/blogs\/radiopvi\/wp-content\/uploads\/sites\/18\/2015\/12\/DSC_1010.jpg\" rel=\"attachment wp-att-228\"><img loading=\"lazy\" decoding=\"async\" class=\"size-medium wp-image-228 alignleft\" src=\"https:\/\/diocesanos.es\/blogs\/radiopvi\/wp-content\/uploads\/sites\/18\/2015\/12\/DSC_1010-300x169.jpg\" alt=\"DSC_1010\" width=\"300\" height=\"169\" srcset=\"https:\/\/diocesanos.es\/blogs\/radiopvi\/wp-content\/uploads\/sites\/18\/2015\/12\/DSC_1010-300x169.jpg 300w, https:\/\/diocesanos.es\/blogs\/radiopvi\/wp-content\/uploads\/sites\/18\/2015\/12\/DSC_1010-768x432.jpg 768w, https:\/\/diocesanos.es\/blogs\/radiopvi\/wp-content\/uploads\/sites\/18\/2015\/12\/DSC_1010-1024x576.jpg 1024w\" sizes=\"auto, (max-width: 300px) 100vw, 300px\" \/><\/a> <a href=\"https:\/\/diocesanos.es\/blogs\/radiopvi\/wp-content\/uploads\/sites\/18\/2015\/12\/DSC_1008.jpg\" rel=\"attachment wp-att-227\"><img loading=\"lazy\" decoding=\"async\" class=\"size-medium wp-image-227 alignleft\" src=\"https:\/\/diocesanos.es\/blogs\/radiopvi\/wp-content\/uploads\/sites\/18\/2015\/12\/DSC_1008-300x169.jpg\" alt=\"DSC_1008\" width=\"300\" height=\"169\" srcset=\"https:\/\/diocesanos.es\/blogs\/radiopvi\/wp-content\/uploads\/sites\/18\/2015\/12\/DSC_1008-300x169.jpg 300w, https:\/\/diocesanos.es\/blogs\/radiopvi\/wp-content\/uploads\/sites\/18\/2015\/12\/DSC_1008-768x432.jpg 768w, https:\/\/diocesanos.es\/blogs\/radiopvi\/wp-content\/uploads\/sites\/18\/2015\/12\/DSC_1008-1024x576.jpg 1024w\" sizes=\"auto, (max-width: 300px) 100vw, 300px\" \/><\/a> <a href=\"https:\/\/diocesanos.es\/blogs\/radiopvi\/wp-content\/uploads\/sites\/18\/2015\/12\/DSC_1007.jpg\" rel=\"attachment wp-att-226\"><img loading=\"lazy\" decoding=\"async\" class=\"size-medium wp-image-226 alignleft\" src=\"https:\/\/diocesanos.es\/blogs\/radiopvi\/wp-content\/uploads\/sites\/18\/2015\/12\/DSC_1007-300x169.jpg\" alt=\"DSC_1007\" width=\"300\" height=\"169\" srcset=\"https:\/\/diocesanos.es\/blogs\/radiopvi\/wp-content\/uploads\/sites\/18\/2015\/12\/DSC_1007-300x169.jpg 300w, https:\/\/diocesanos.es\/blogs\/radiopvi\/wp-content\/uploads\/sites\/18\/2015\/12\/DSC_1007-768x432.jpg 768w, https:\/\/diocesanos.es\/blogs\/radiopvi\/wp-content\/uploads\/sites\/18\/2015\/12\/DSC_1007-1024x576.jpg 1024w\" sizes=\"auto, (max-width: 300px) 100vw, 300px\" \/><\/a><\/p>\n","protected":false},"excerpt":{"rendered":"<p>Bienvenidos otro JUENES m\u00e1s a nuestro espacio semanal de radio. Hoy Sergio y Ainara nos sumergir\u00e1n en las fiestas navide\u00f1as y nos contar\u00e1n todo lo que debemos saber de este final de trimestre: visitas de los reyes, salidas, y sensaciones que todos tenemos ante la importante llegada de Jes\u00fas. Despu\u00e9s, unos invitados muy especiales, se &hellip; <a class=\"read-excerpt\" href=\"https:\/\/diocesanos.es\/blogs\/radiopvi\/2015\/12\/17\/programa-17-de-diciembre-ainara-y-sergio-correponsales-sara-y-lander\/\">Continue reading <span class=\"meta-nav\">&raquo;<\/span><\/a><\/p>\n","protected":false},"author":12,"featured_media":0,"comment_status":"open","ping_status":"open","sticky":false,"template":"","format":"standard","meta":{"footnotes":""},"categories":[2,1],"tags":[],"class_list":["post-224","post","type-post","status-publish","format-standard","hentry","category-curso-1516","category-sin-categoria"],"_links":{"self":[{"href":"https:\/\/diocesanos.es\/blogs\/radiopvi\/wp-json\/wp\/v2\/posts\/224","targetHints":{"allow":["GET"]}}],"collection":[{"href":"https:\/\/diocesanos.es\/blogs\/radiopvi\/wp-json\/wp\/v2\/posts"}],"about":[{"href":"https:\/\/diocesanos.es\/blogs\/radiopvi\/wp-json\/wp\/v2\/types\/post"}],"author":[{"embeddable":true,"href":"https:\/\/diocesanos.es\/blogs\/radiopvi\/wp-json\/wp\/v2\/users\/12"}],"replies":[{"embeddable":true,"href":"https:\/\/diocesanos.es\/blogs\/radiopvi\/wp-json\/wp\/v2\/comments?post=224"}],"version-history":[{"count":1,"href":"https:\/\/diocesanos.es\/blogs\/radiopvi\/wp-json\/wp\/v2\/posts\/224\/revisions"}],"predecessor-version":[{"id":232,"href":"https:\/\/diocesanos.es\/blogs\/radiopvi\/wp-json\/wp\/v2\/posts\/224\/revisions\/232"}],"wp:attachment":[{"href":"https:\/\/diocesanos.es\/blogs\/radiopvi\/wp-json\/wp\/v2\/media?parent=224"}],"wp:term":[{"taxonomy":"category","embeddable":true,"href":"https:\/\/diocesanos.es\/blogs\/radiopvi\/wp-json\/wp\/v2\/categories?post=224"},{"taxonomy":"post_tag","embeddable":true,"href":"https:\/\/diocesanos.es\/blogs\/radiopvi\/wp-json\/wp\/v2\/tags?post=224"}],"curies":[{"name":"wp","href":"https:\/\/api.w.org\/{rel}","templated":true}]}}