{"id":203,"date":"2015-12-04T08:20:03","date_gmt":"2015-12-04T08:20:03","guid":{"rendered":"https:\/\/diocesanos.es\/blogs\/radiopvi\/?p=203"},"modified":"2016-11-11T00:18:32","modified_gmt":"2016-11-11T00:18:32","slug":"programa-3-de-diciembre-juanma-y-angela-diego-y-pablo-corresponsales","status":"publish","type":"post","link":"https:\/\/diocesanos.es\/blogs\/radiopvi\/2015\/12\/04\/programa-3-de-diciembre-juanma-y-angela-diego-y-pablo-corresponsales\/","title":{"rendered":"Programa 3 de Diciembre. Juanma y \u00c1ngela (Diego y Pablo corresponsales)"},"content":{"rendered":"<audio class=\"wp-audio-shortcode\" id=\"audio-203-1\" preload=\"none\" style=\"width: 100%;\" controls=\"controls\"><source type=\"audio\/mpeg\" src=\"https:\/\/diocesanos.es\/blogs\/radiopvi\/wp-content\/uploads\/sites\/18\/2015\/12\/Radio-Juanma-Y-Angela.m4a?_=1\" \/><a href=\"https:\/\/diocesanos.es\/blogs\/radiopvi\/wp-content\/uploads\/sites\/18\/2015\/12\/Radio-Juanma-Y-Angela.m4a\">https:\/\/diocesanos.es\/blogs\/radiopvi\/wp-content\/uploads\/sites\/18\/2015\/12\/Radio-Juanma-Y-Angela.m4a<\/a><\/audio>\n<p><a href=\"https:\/\/diocesanos.es\/blogs\/radiopvi\/wp-content\/uploads\/sites\/18\/2015\/12\/DSC_0956.jpg\">\u00a1<\/a>Buenos d\u00edas queridos radio oyentes!<\/p>\n<p>Aqu\u00ed estamos otro \u00abjuernes\u00bb m\u00e1s con toda la actualidad del colegio en nuestro taller de radio. Esta semana Juanma y \u00c1ngela nos traen muchas noticias, el tiempo, adivinanzas imposibles, chistes irresistibles y nos acercar\u00e1n las vivencias de varias alumnas que han estado de intercambio en otro pa\u00eds.<\/p>\n<p>Esta semana la secci\u00f3n biling\u00fce ser\u00e1 una entrevista a nuestra profesora de pr\u00e1cticas Mar\u00eda, que domina muy bien el idioma. No depegu\u00e9is la oreja del auricular que empieza un nuevo programa de radio. Esta semana Diego y Pablo han sido nuestros corresponsales en 4\u00baA y 4\u00baB.<\/p>\n<p>&nbsp;<\/p>\n<p><a href=\"https:\/\/diocesanos.es\/blogs\/radiopvi\/wp-content\/uploads\/sites\/18\/2015\/12\/IMG_4307.jpg\"><img loading=\"lazy\" decoding=\"async\" class=\"wp-image-207 alignleft\" src=\"https:\/\/diocesanos.es\/blogs\/radiopvi\/wp-content\/uploads\/sites\/18\/2015\/12\/IMG_4307-300x225.jpg\" alt=\"IMG_4307\" width=\"452\" height=\"339\" srcset=\"https:\/\/diocesanos.es\/blogs\/radiopvi\/wp-content\/uploads\/sites\/18\/2015\/12\/IMG_4307-300x225.jpg 300w, https:\/\/diocesanos.es\/blogs\/radiopvi\/wp-content\/uploads\/sites\/18\/2015\/12\/IMG_4307-1024x768.jpg 1024w\" sizes=\"auto, (max-width: 452px) 100vw, 452px\" \/><\/a><a href=\"https:\/\/diocesanos.es\/blogs\/radiopvi\/wp-content\/uploads\/sites\/18\/2015\/12\/DSC_0956.jpg\"><img loading=\"lazy\" decoding=\"async\" class=\"size-medium wp-image-204 alignleft\" src=\"https:\/\/diocesanos.es\/blogs\/radiopvi\/wp-content\/uploads\/sites\/18\/2015\/12\/DSC_0956-300x169.jpg\" alt=\"DSC_0956\" width=\"300\" height=\"169\" srcset=\"https:\/\/diocesanos.es\/blogs\/radiopvi\/wp-content\/uploads\/sites\/18\/2015\/12\/DSC_0956-300x169.jpg 300w, https:\/\/diocesanos.es\/blogs\/radiopvi\/wp-content\/uploads\/sites\/18\/2015\/12\/DSC_0956-1024x576.jpg 1024w\" sizes=\"auto, (max-width: 300px) 100vw, 300px\" \/><\/a><\/p>\n<p><a href=\"https:\/\/diocesanos.es\/blogs\/radiopvi\/wp-content\/uploads\/sites\/18\/2015\/12\/DSC_0957.jpg\"><img loading=\"lazy\" decoding=\"async\" class=\"size-medium wp-image-205 alignleft\" src=\"https:\/\/diocesanos.es\/blogs\/radiopvi\/wp-content\/uploads\/sites\/18\/2015\/12\/DSC_0957-300x169.jpg\" alt=\"DSC_0957\" width=\"300\" height=\"169\" srcset=\"https:\/\/diocesanos.es\/blogs\/radiopvi\/wp-content\/uploads\/sites\/18\/2015\/12\/DSC_0957-300x169.jpg 300w, https:\/\/diocesanos.es\/blogs\/radiopvi\/wp-content\/uploads\/sites\/18\/2015\/12\/DSC_0957-1024x576.jpg 1024w\" sizes=\"auto, (max-width: 300px) 100vw, 300px\" \/><\/a><\/p>\n<p><a href=\"https:\/\/diocesanos.es\/blogs\/radiopvi\/wp-content\/uploads\/sites\/18\/2015\/12\/DSC_0960.jpg\"><img loading=\"lazy\" decoding=\"async\" class=\"wp-image-206 alignleft\" src=\"https:\/\/diocesanos.es\/blogs\/radiopvi\/wp-content\/uploads\/sites\/18\/2015\/12\/DSC_0960-300x169.jpg\" alt=\"DSC_0960\" width=\"453\" height=\"255\" srcset=\"https:\/\/diocesanos.es\/blogs\/radiopvi\/wp-content\/uploads\/sites\/18\/2015\/12\/DSC_0960-300x169.jpg 300w, https:\/\/diocesanos.es\/blogs\/radiopvi\/wp-content\/uploads\/sites\/18\/2015\/12\/DSC_0960-1024x576.jpg 1024w\" sizes=\"auto, (max-width: 453px) 100vw, 453px\" \/><\/a><\/p>\n<p><a href=\"https:\/\/diocesanos.es\/blogs\/radiopvi\/wp-content\/uploads\/sites\/18\/2015\/12\/IMG_43081.jpg\"><img loading=\"lazy\" decoding=\"async\" class=\"size-medium wp-image-208 alignleft\" src=\"https:\/\/diocesanos.es\/blogs\/radiopvi\/wp-content\/uploads\/sites\/18\/2015\/12\/IMG_43081-300x225.jpg\" alt=\"IMG_4308(1)\" width=\"300\" height=\"225\" srcset=\"https:\/\/diocesanos.es\/blogs\/radiopvi\/wp-content\/uploads\/sites\/18\/2015\/12\/IMG_43081-300x225.jpg 300w, https:\/\/diocesanos.es\/blogs\/radiopvi\/wp-content\/uploads\/sites\/18\/2015\/12\/IMG_43081-1024x768.jpg 1024w\" sizes=\"auto, (max-width: 300px) 100vw, 300px\" \/><\/a><\/p>\n<p>&nbsp;<\/p>\n<p>&nbsp;<\/p>\n<p>&nbsp;<\/p>\n","protected":false},"excerpt":{"rendered":"<p>\u00a1Buenos d\u00edas queridos radio oyentes! Aqu\u00ed estamos otro \u00abjuernes\u00bb m\u00e1s con toda la actualidad del colegio en nuestro taller de radio. Esta semana Juanma y \u00c1ngela nos traen muchas noticias, el tiempo, adivinanzas imposibles, chistes irresistibles y nos acercar\u00e1n las vivencias de varias alumnas que han estado de intercambio en otro pa\u00eds. Esta semana la &hellip; <a class=\"read-excerpt\" href=\"https:\/\/diocesanos.es\/blogs\/radiopvi\/2015\/12\/04\/programa-3-de-diciembre-juanma-y-angela-diego-y-pablo-corresponsales\/\">Continue reading <span class=\"meta-nav\">&raquo;<\/span><\/a><\/p>\n","protected":false},"author":12,"featured_media":0,"comment_status":"open","ping_status":"open","sticky":false,"template":"","format":"standard","meta":{"footnotes":""},"categories":[2,1],"tags":[],"class_list":["post-203","post","type-post","status-publish","format-standard","hentry","category-curso-1516","category-sin-categoria"],"_links":{"self":[{"href":"https:\/\/diocesanos.es\/blogs\/radiopvi\/wp-json\/wp\/v2\/posts\/203","targetHints":{"allow":["GET"]}}],"collection":[{"href":"https:\/\/diocesanos.es\/blogs\/radiopvi\/wp-json\/wp\/v2\/posts"}],"about":[{"href":"https:\/\/diocesanos.es\/blogs\/radiopvi\/wp-json\/wp\/v2\/types\/post"}],"author":[{"embeddable":true,"href":"https:\/\/diocesanos.es\/blogs\/radiopvi\/wp-json\/wp\/v2\/users\/12"}],"replies":[{"embeddable":true,"href":"https:\/\/diocesanos.es\/blogs\/radiopvi\/wp-json\/wp\/v2\/comments?post=203"}],"version-history":[{"count":1,"href":"https:\/\/diocesanos.es\/blogs\/radiopvi\/wp-json\/wp\/v2\/posts\/203\/revisions"}],"predecessor-version":[{"id":210,"href":"https:\/\/diocesanos.es\/blogs\/radiopvi\/wp-json\/wp\/v2\/posts\/203\/revisions\/210"}],"wp:attachment":[{"href":"https:\/\/diocesanos.es\/blogs\/radiopvi\/wp-json\/wp\/v2\/media?parent=203"}],"wp:term":[{"taxonomy":"category","embeddable":true,"href":"https:\/\/diocesanos.es\/blogs\/radiopvi\/wp-json\/wp\/v2\/categories?post=203"},{"taxonomy":"post_tag","embeddable":true,"href":"https:\/\/diocesanos.es\/blogs\/radiopvi\/wp-json\/wp\/v2\/tags?post=203"}],"curies":[{"name":"wp","href":"https:\/\/api.w.org\/{rel}","templated":true}]}}