{"id":188,"date":"2015-11-26T20:45:02","date_gmt":"2015-11-26T20:45:02","guid":{"rendered":"https:\/\/diocesanos.es\/blogs\/radiopvi\/?p=188"},"modified":"2016-11-11T00:18:32","modified_gmt":"2016-11-11T00:18:32","slug":"programa-del-25-de-noviembre-celia-y-diego-corresponsales-zaira-y-lucia","status":"publish","type":"post","link":"https:\/\/diocesanos.es\/blogs\/radiopvi\/2015\/11\/26\/programa-del-25-de-noviembre-celia-y-diego-corresponsales-zaira-y-lucia\/","title":{"rendered":"Programa del 25 de Noviembre. Celia y Diego. Corresponsales Zaira y Luc\u00eda."},"content":{"rendered":"<p>&nbsp;<\/p>\n<audio class=\"wp-audio-shortcode\" id=\"audio-188-1\" preload=\"none\" style=\"width: 100%;\" controls=\"controls\"><source type=\"audio\/mpeg\" src=\"https:\/\/diocesanos.es\/blogs\/radiopvi\/wp-content\/uploads\/sites\/18\/2015\/11\/Diego-Y-Celia-4Primaria.m4a?_=1\" \/><a href=\"https:\/\/diocesanos.es\/blogs\/radiopvi\/wp-content\/uploads\/sites\/18\/2015\/11\/Diego-Y-Celia-4Primaria.m4a\">https:\/\/diocesanos.es\/blogs\/radiopvi\/wp-content\/uploads\/sites\/18\/2015\/11\/Diego-Y-Celia-4Primaria.m4a<\/a><\/audio>\n<p>Llegan los \u00abJuernes\u00bb a nuestro Club de radio y con mucha fuerza de la mano de Celia y Diego que nos van a contar como siempre la noticias, curiosidades, chistes y nos acercar\u00e1n un poco la personalidad de Jorge Esquilas, una de las personas que nos hacen la vida m\u00e1s f\u00e1cil a todos con esos papeleos del d\u00eda a d\u00eda del colegio.<\/p>\n<p>Estrenamos secci\u00f3n, \u00abnuestros corresponsales\u00bb, donde alumnos de 4\u00baA y 4\u00baB nos acercar\u00e1n tambi\u00e9n la actualidad de nuestros \u00abvecinos\u00bb. Comienzan en esta secci\u00f3n Zaida y Luc\u00eda que \u00a1lo han hecho genial!.<\/p>\n<p>Bueno, os dejo con estos grandes periodistas que os har\u00e1n pasar un rato muy divertido.<\/p>\n<p><a href=\"https:\/\/diocesanos.es\/blogs\/radiopvi\/wp-content\/uploads\/sites\/18\/2015\/11\/DSC_0934.jpg\"><img loading=\"lazy\" decoding=\"async\" class=\"size-medium wp-image-189 alignleft\" src=\"https:\/\/diocesanos.es\/blogs\/radiopvi\/wp-content\/uploads\/sites\/18\/2015\/11\/DSC_0934-300x169.jpg\" alt=\"DSC_0934\" width=\"300\" height=\"169\" srcset=\"https:\/\/diocesanos.es\/blogs\/radiopvi\/wp-content\/uploads\/sites\/18\/2015\/11\/DSC_0934-300x169.jpg 300w, https:\/\/diocesanos.es\/blogs\/radiopvi\/wp-content\/uploads\/sites\/18\/2015\/11\/DSC_0934-1024x576.jpg 1024w\" sizes=\"auto, (max-width: 300px) 100vw, 300px\" \/><\/a><a href=\"https:\/\/diocesanos.es\/blogs\/radiopvi\/wp-content\/uploads\/sites\/18\/2015\/11\/diego-celia.jpg\"><img loading=\"lazy\" decoding=\"async\" class=\"size-medium wp-image-196 alignleft\" src=\"https:\/\/diocesanos.es\/blogs\/radiopvi\/wp-content\/uploads\/sites\/18\/2015\/11\/diego-celia-281x300.jpg\" alt=\"diego celia\" width=\"281\" height=\"300\" srcset=\"https:\/\/diocesanos.es\/blogs\/radiopvi\/wp-content\/uploads\/sites\/18\/2015\/11\/diego-celia-281x300.jpg 281w, https:\/\/diocesanos.es\/blogs\/radiopvi\/wp-content\/uploads\/sites\/18\/2015\/11\/diego-celia-958x1024.jpg 958w, https:\/\/diocesanos.es\/blogs\/radiopvi\/wp-content\/uploads\/sites\/18\/2015\/11\/diego-celia.jpg 1370w\" sizes=\"auto, (max-width: 281px) 100vw, 281px\" \/><\/a><\/p>\n<p>&nbsp;<\/p>\n<p>&nbsp;<\/p>\n<p>&nbsp;<\/p>\n<p>&nbsp;<\/p>\n<p>&nbsp;<\/p>\n<p>&nbsp;<\/p>\n<p>&nbsp;<\/p>\n<p>&nbsp;<\/p>\n<p><a href=\"https:\/\/diocesanos.es\/blogs\/radiopvi\/wp-content\/uploads\/sites\/18\/2015\/11\/DSC_0939.jpg\"><img loading=\"lazy\" decoding=\"async\" class=\"size-medium wp-image-190 alignleft\" src=\"https:\/\/diocesanos.es\/blogs\/radiopvi\/wp-content\/uploads\/sites\/18\/2015\/11\/DSC_0939-300x169.jpg\" alt=\"DSC_0939\" width=\"300\" height=\"169\" srcset=\"https:\/\/diocesanos.es\/blogs\/radiopvi\/wp-content\/uploads\/sites\/18\/2015\/11\/DSC_0939-300x169.jpg 300w, https:\/\/diocesanos.es\/blogs\/radiopvi\/wp-content\/uploads\/sites\/18\/2015\/11\/DSC_0939-1024x576.jpg 1024w\" sizes=\"auto, (max-width: 300px) 100vw, 300px\" \/><\/a> <a href=\"https:\/\/diocesanos.es\/blogs\/radiopvi\/wp-content\/uploads\/sites\/18\/2015\/11\/DSC_0947.jpg\"><img loading=\"lazy\" decoding=\"async\" class=\"size-medium wp-image-193 alignleft\" src=\"https:\/\/diocesanos.es\/blogs\/radiopvi\/wp-content\/uploads\/sites\/18\/2015\/11\/DSC_0947-300x169.jpg\" alt=\"DSC_0947\" width=\"300\" height=\"169\" srcset=\"https:\/\/diocesanos.es\/blogs\/radiopvi\/wp-content\/uploads\/sites\/18\/2015\/11\/DSC_0947-300x169.jpg 300w, https:\/\/diocesanos.es\/blogs\/radiopvi\/wp-content\/uploads\/sites\/18\/2015\/11\/DSC_0947-1024x576.jpg 1024w\" sizes=\"auto, (max-width: 300px) 100vw, 300px\" \/><\/a><\/p>\n<p>&nbsp;<\/p>\n","protected":false},"excerpt":{"rendered":"<p>&nbsp; Llegan los \u00abJuernes\u00bb a nuestro Club de radio y con mucha fuerza de la mano de Celia y Diego que nos van a contar como siempre la noticias, curiosidades, chistes y nos acercar\u00e1n un poco la personalidad de Jorge Esquilas, una de las personas que nos hacen la vida m\u00e1s f\u00e1cil a todos con &hellip; <a class=\"read-excerpt\" href=\"https:\/\/diocesanos.es\/blogs\/radiopvi\/2015\/11\/26\/programa-del-25-de-noviembre-celia-y-diego-corresponsales-zaira-y-lucia\/\">Continue reading <span class=\"meta-nav\">&raquo;<\/span><\/a><\/p>\n","protected":false},"author":12,"featured_media":0,"comment_status":"open","ping_status":"open","sticky":false,"template":"","format":"standard","meta":{"footnotes":""},"categories":[2,1],"tags":[],"class_list":["post-188","post","type-post","status-publish","format-standard","hentry","category-curso-1516","category-sin-categoria"],"_links":{"self":[{"href":"https:\/\/diocesanos.es\/blogs\/radiopvi\/wp-json\/wp\/v2\/posts\/188","targetHints":{"allow":["GET"]}}],"collection":[{"href":"https:\/\/diocesanos.es\/blogs\/radiopvi\/wp-json\/wp\/v2\/posts"}],"about":[{"href":"https:\/\/diocesanos.es\/blogs\/radiopvi\/wp-json\/wp\/v2\/types\/post"}],"author":[{"embeddable":true,"href":"https:\/\/diocesanos.es\/blogs\/radiopvi\/wp-json\/wp\/v2\/users\/12"}],"replies":[{"embeddable":true,"href":"https:\/\/diocesanos.es\/blogs\/radiopvi\/wp-json\/wp\/v2\/comments?post=188"}],"version-history":[{"count":2,"href":"https:\/\/diocesanos.es\/blogs\/radiopvi\/wp-json\/wp\/v2\/posts\/188\/revisions"}],"predecessor-version":[{"id":198,"href":"https:\/\/diocesanos.es\/blogs\/radiopvi\/wp-json\/wp\/v2\/posts\/188\/revisions\/198"}],"wp:attachment":[{"href":"https:\/\/diocesanos.es\/blogs\/radiopvi\/wp-json\/wp\/v2\/media?parent=188"}],"wp:term":[{"taxonomy":"category","embeddable":true,"href":"https:\/\/diocesanos.es\/blogs\/radiopvi\/wp-json\/wp\/v2\/categories?post=188"},{"taxonomy":"post_tag","embeddable":true,"href":"https:\/\/diocesanos.es\/blogs\/radiopvi\/wp-json\/wp\/v2\/tags?post=188"}],"curies":[{"name":"wp","href":"https:\/\/api.w.org\/{rel}","templated":true}]}}