{"id":174,"date":"2015-06-05T20:27:53","date_gmt":"2015-06-05T20:27:53","guid":{"rendered":"https:\/\/diocesanos.es\/blogs\/radiopvi\/?p=174"},"modified":"2016-11-11T00:18:32","modified_gmt":"2016-11-11T00:18:32","slug":"programa-viernes-5-de-junio-aitor-y-elena","status":"publish","type":"post","link":"https:\/\/diocesanos.es\/blogs\/radiopvi\/2015\/06\/05\/programa-viernes-5-de-junio-aitor-y-elena\/","title":{"rendered":"Programa Viernes 5 de Junio. Aitor y Elena."},"content":{"rendered":"<audio class=\"wp-audio-shortcode\" id=\"audio-174-1\" preload=\"none\" style=\"width: 100%;\" controls=\"controls\"><source type=\"audio\/mpeg\" src=\"https:\/\/diocesanos.es\/blogs\/radiopvi\/wp-content\/uploads\/sites\/18\/2015\/06\/Aitor-y-Elena.mp3?_=1\" \/><a href=\"https:\/\/diocesanos.es\/blogs\/radiopvi\/wp-content\/uploads\/sites\/18\/2015\/06\/Aitor-y-Elena.mp3\">https:\/\/diocesanos.es\/blogs\/radiopvi\/wp-content\/uploads\/sites\/18\/2015\/06\/Aitor-y-Elena.mp3<\/a><\/audio>\n<p>Buenos y especiales d\u00edas queridos oyentes, hoy nos despediremos de esta actividad y pondremos fin a un proyecto ilusionante en el que hemos trabajado padres, profes y sobretodo los ni\u00f1os con una gran ilusi\u00f3n.<\/p>\n<p>Hoy tienen el honor de terminar el Taller de radio del curso 2014\/15 Elena y Aitor, dos alumnos muy diferentes y muy especiales, por eso han praparado un programa tan especial como el d\u00eda lo merec\u00eda. Disfrutaremos de la m\u00e1s rabiosa actualidad, de unos chistes buen\u00edsimos y conoceremos un poco m\u00e1s a Sonsoles, profesora de M\u00fasica de nuestros peques.<\/p>\n<p>Desde aqu\u00ed agradecer la disposici\u00f3n de todas las familias y ni\u00f1os a hacer realidad este proyecto que como dirian nuestros ni\u00f1os&#8230;<\/p>\n<p>\u00a1HA SIDO GUAY!<\/p>\n<p><a href=\"https:\/\/diocesanos.es\/blogs\/radiopvi\/wp-content\/uploads\/sites\/18\/2015\/06\/IMG_6667.jpg\"><img loading=\"lazy\" decoding=\"async\" class=\"  wp-image-176 alignleft\" src=\"https:\/\/diocesanos.es\/blogs\/radiopvi\/wp-content\/uploads\/sites\/18\/2015\/06\/IMG_6667-300x225.jpg\" alt=\"IMG_6667\" width=\"702\" height=\"527\" srcset=\"https:\/\/diocesanos.es\/blogs\/radiopvi\/wp-content\/uploads\/sites\/18\/2015\/06\/IMG_6667-300x225.jpg 300w, https:\/\/diocesanos.es\/blogs\/radiopvi\/wp-content\/uploads\/sites\/18\/2015\/06\/IMG_6667-1024x768.jpg 1024w\" sizes=\"auto, (max-width: 702px) 100vw, 702px\" \/><\/a> <a href=\"https:\/\/diocesanos.es\/blogs\/radiopvi\/wp-content\/uploads\/sites\/18\/2015\/06\/IMG_6668.jpg\"><img loading=\"lazy\" decoding=\"async\" class=\" size-medium wp-image-177 alignleft\" src=\"https:\/\/diocesanos.es\/blogs\/radiopvi\/wp-content\/uploads\/sites\/18\/2015\/06\/IMG_6668-300x225.jpg\" alt=\"IMG_6668\" width=\"300\" height=\"225\" srcset=\"https:\/\/diocesanos.es\/blogs\/radiopvi\/wp-content\/uploads\/sites\/18\/2015\/06\/IMG_6668-300x225.jpg 300w, https:\/\/diocesanos.es\/blogs\/radiopvi\/wp-content\/uploads\/sites\/18\/2015\/06\/IMG_6668-1024x768.jpg 1024w\" sizes=\"auto, (max-width: 300px) 100vw, 300px\" \/><\/a><\/p>\n<p>&nbsp;<\/p>\n<p>&nbsp;<\/p>\n<p>&nbsp;<\/p>\n<p>&nbsp;<\/p>\n<p>&nbsp;<\/p>\n<p><a href=\"https:\/\/diocesanos.es\/blogs\/radiopvi\/wp-content\/uploads\/sites\/18\/2015\/06\/IMG_66691.jpg\"><img loading=\"lazy\" decoding=\"async\" class=\" size-medium wp-image-178 alignnone\" src=\"https:\/\/diocesanos.es\/blogs\/radiopvi\/wp-content\/uploads\/sites\/18\/2015\/06\/IMG_66691-300x225.jpg\" alt=\"IMG_6669(1)\" width=\"300\" height=\"225\" srcset=\"https:\/\/diocesanos.es\/blogs\/radiopvi\/wp-content\/uploads\/sites\/18\/2015\/06\/IMG_66691-300x225.jpg 300w, https:\/\/diocesanos.es\/blogs\/radiopvi\/wp-content\/uploads\/sites\/18\/2015\/06\/IMG_66691-1024x768.jpg 1024w\" sizes=\"auto, (max-width: 300px) 100vw, 300px\" \/><\/a><\/p>\n<p><a href=\"https:\/\/diocesanos.es\/blogs\/radiopvi\/wp-content\/uploads\/sites\/18\/2015\/06\/IMG_6670.jpg\"><img loading=\"lazy\" decoding=\"async\" class=\"  wp-image-179 aligncenter\" src=\"https:\/\/diocesanos.es\/blogs\/radiopvi\/wp-content\/uploads\/sites\/18\/2015\/06\/IMG_6670-300x225.jpg\" alt=\"IMG_6670\" width=\"484\" height=\"363\" srcset=\"https:\/\/diocesanos.es\/blogs\/radiopvi\/wp-content\/uploads\/sites\/18\/2015\/06\/IMG_6670-300x225.jpg 300w, https:\/\/diocesanos.es\/blogs\/radiopvi\/wp-content\/uploads\/sites\/18\/2015\/06\/IMG_6670-1024x768.jpg 1024w\" sizes=\"auto, (max-width: 484px) 100vw, 484px\" \/><\/a><\/p>\n","protected":false},"excerpt":{"rendered":"<p>Buenos y especiales d\u00edas queridos oyentes, hoy nos despediremos de esta actividad y pondremos fin a un proyecto ilusionante en el que hemos trabajado padres, profes y sobretodo los ni\u00f1os con una gran ilusi\u00f3n. Hoy tienen el honor de terminar el Taller de radio del curso 2014\/15 Elena y Aitor, dos alumnos muy diferentes y &hellip; <a class=\"read-excerpt\" href=\"https:\/\/diocesanos.es\/blogs\/radiopvi\/2015\/06\/05\/programa-viernes-5-de-junio-aitor-y-elena\/\">Continue reading <span class=\"meta-nav\">&raquo;<\/span><\/a><\/p>\n","protected":false},"author":12,"featured_media":0,"comment_status":"open","ping_status":"open","sticky":false,"template":"","format":"standard","meta":{"footnotes":""},"categories":[2,1],"tags":[],"class_list":["post-174","post","type-post","status-publish","format-standard","hentry","category-curso-1516","category-sin-categoria"],"_links":{"self":[{"href":"https:\/\/diocesanos.es\/blogs\/radiopvi\/wp-json\/wp\/v2\/posts\/174","targetHints":{"allow":["GET"]}}],"collection":[{"href":"https:\/\/diocesanos.es\/blogs\/radiopvi\/wp-json\/wp\/v2\/posts"}],"about":[{"href":"https:\/\/diocesanos.es\/blogs\/radiopvi\/wp-json\/wp\/v2\/types\/post"}],"author":[{"embeddable":true,"href":"https:\/\/diocesanos.es\/blogs\/radiopvi\/wp-json\/wp\/v2\/users\/12"}],"replies":[{"embeddable":true,"href":"https:\/\/diocesanos.es\/blogs\/radiopvi\/wp-json\/wp\/v2\/comments?post=174"}],"version-history":[{"count":1,"href":"https:\/\/diocesanos.es\/blogs\/radiopvi\/wp-json\/wp\/v2\/posts\/174\/revisions"}],"predecessor-version":[{"id":311,"href":"https:\/\/diocesanos.es\/blogs\/radiopvi\/wp-json\/wp\/v2\/posts\/174\/revisions\/311"}],"wp:attachment":[{"href":"https:\/\/diocesanos.es\/blogs\/radiopvi\/wp-json\/wp\/v2\/media?parent=174"}],"wp:term":[{"taxonomy":"category","embeddable":true,"href":"https:\/\/diocesanos.es\/blogs\/radiopvi\/wp-json\/wp\/v2\/categories?post=174"},{"taxonomy":"post_tag","embeddable":true,"href":"https:\/\/diocesanos.es\/blogs\/radiopvi\/wp-json\/wp\/v2\/tags?post=174"}],"curies":[{"name":"wp","href":"https:\/\/api.w.org\/{rel}","templated":true}]}}