{"id":164,"date":"2015-05-22T10:52:54","date_gmt":"2015-05-22T10:52:54","guid":{"rendered":"https:\/\/diocesanos.es\/blogs\/radiopvi\/?p=164"},"modified":"2016-11-11T00:18:32","modified_gmt":"2016-11-11T00:18:32","slug":"programa-del-22-de-mayo-juanma-y-daniel-rios","status":"publish","type":"post","link":"https:\/\/diocesanos.es\/blogs\/radiopvi\/2015\/05\/22\/programa-del-22-de-mayo-juanma-y-daniel-rios\/","title":{"rendered":"Programa del 22 de Mayo. Juanma y Daniel R\u00edos."},"content":{"rendered":"<audio class=\"wp-audio-shortcode\" id=\"audio-164-1\" preload=\"none\" style=\"width: 100%;\" controls=\"controls\"><source type=\"audio\/mpeg\" src=\"https:\/\/diocesanos.es\/blogs\/radiopvi\/wp-content\/uploads\/sites\/18\/2015\/05\/Juanma-Y-Daniel.m4a?_=1\" \/><a href=\"https:\/\/diocesanos.es\/blogs\/radiopvi\/wp-content\/uploads\/sites\/18\/2015\/05\/Juanma-Y-Daniel.m4a\">https:\/\/diocesanos.es\/blogs\/radiopvi\/wp-content\/uploads\/sites\/18\/2015\/05\/Juanma-Y-Daniel.m4a<\/a><\/audio>\n<p>Buenos d\u00edas. \u00a1Qu\u00e9 programa tenemos hoy! Uno de los m\u00e1s divertidos de los que hemos grabado hasta ahora. Juanma y Daniel R\u00edos han organizado un original programa donde nos adentraremos en el mundo de la pol\u00edtica, pero desde un punto de vista muy especial&#8230; \u00bfa qui\u00e9n votar\u00edan nuestros alumnos de primero de infantil?o \u00bfquienes son para ellos Mariano Rajoy o Pablo Iglesias? Ver\u00e9is que divertido.<\/p>\n<p>Adem\u00e1s, como siempre, noticias, el tiempo, la secci\u00f3n biling\u00fce y adivinazas y chistes. \u00a1NO TE LO PIERDAS!<\/p>\n<p>Disfruta de nuestro programa aqu\u00ed en Radio Club Tercero C.<\/p>\n<p><a href=\"https:\/\/diocesanos.es\/blogs\/radiopvi\/wp-content\/uploads\/sites\/18\/2015\/05\/IMG_6301.jpg\"><img loading=\"lazy\" decoding=\"async\" class=\"  wp-image-166 alignleft\" src=\"https:\/\/diocesanos.es\/blogs\/radiopvi\/wp-content\/uploads\/sites\/18\/2015\/05\/IMG_6301-300x225.jpg\" alt=\"IMG_6301\" width=\"502\" height=\"376\" srcset=\"https:\/\/diocesanos.es\/blogs\/radiopvi\/wp-content\/uploads\/sites\/18\/2015\/05\/IMG_6301-300x225.jpg 300w, https:\/\/diocesanos.es\/blogs\/radiopvi\/wp-content\/uploads\/sites\/18\/2015\/05\/IMG_6301-1024x768.jpg 1024w, https:\/\/diocesanos.es\/blogs\/radiopvi\/wp-content\/uploads\/sites\/18\/2015\/05\/IMG_6301.jpg 1280w\" sizes=\"auto, (max-width: 502px) 100vw, 502px\" \/><\/a> <a href=\"https:\/\/diocesanos.es\/blogs\/radiopvi\/wp-content\/uploads\/sites\/18\/2015\/05\/IMG_6302.jpg\"><img loading=\"lazy\" decoding=\"async\" class=\"  wp-image-167 alignleft\" src=\"https:\/\/diocesanos.es\/blogs\/radiopvi\/wp-content\/uploads\/sites\/18\/2015\/05\/IMG_6302-225x300.jpg\" alt=\"IMG_6302\" width=\"396\" height=\"528\" srcset=\"https:\/\/diocesanos.es\/blogs\/radiopvi\/wp-content\/uploads\/sites\/18\/2015\/05\/IMG_6302-225x300.jpg 225w, https:\/\/diocesanos.es\/blogs\/radiopvi\/wp-content\/uploads\/sites\/18\/2015\/05\/IMG_6302-768x1024.jpg 768w, https:\/\/diocesanos.es\/blogs\/radiopvi\/wp-content\/uploads\/sites\/18\/2015\/05\/IMG_6302.jpg 960w\" sizes=\"auto, (max-width: 396px) 100vw, 396px\" \/><\/a> <a href=\"https:\/\/diocesanos.es\/blogs\/radiopvi\/wp-content\/uploads\/sites\/18\/2015\/05\/IMG_6303.jpg\"><img loading=\"lazy\" decoding=\"async\" class=\" size-medium wp-image-168 alignleft\" src=\"https:\/\/diocesanos.es\/blogs\/radiopvi\/wp-content\/uploads\/sites\/18\/2015\/05\/IMG_6303-300x225.jpg\" alt=\"IMG_6303\" width=\"300\" height=\"225\" srcset=\"https:\/\/diocesanos.es\/blogs\/radiopvi\/wp-content\/uploads\/sites\/18\/2015\/05\/IMG_6303-300x225.jpg 300w, https:\/\/diocesanos.es\/blogs\/radiopvi\/wp-content\/uploads\/sites\/18\/2015\/05\/IMG_6303-1024x768.jpg 1024w, https:\/\/diocesanos.es\/blogs\/radiopvi\/wp-content\/uploads\/sites\/18\/2015\/05\/IMG_6303.jpg 1280w\" sizes=\"auto, (max-width: 300px) 100vw, 300px\" \/><\/a> <a href=\"https:\/\/diocesanos.es\/blogs\/radiopvi\/wp-content\/uploads\/sites\/18\/2015\/05\/IMG_6304.jpg\"><img loading=\"lazy\" decoding=\"async\" class=\" size-medium wp-image-169 alignleft\" src=\"https:\/\/diocesanos.es\/blogs\/radiopvi\/wp-content\/uploads\/sites\/18\/2015\/05\/IMG_6304-300x225.jpg\" alt=\"IMG_6304\" width=\"300\" height=\"225\" srcset=\"https:\/\/diocesanos.es\/blogs\/radiopvi\/wp-content\/uploads\/sites\/18\/2015\/05\/IMG_6304-300x225.jpg 300w, https:\/\/diocesanos.es\/blogs\/radiopvi\/wp-content\/uploads\/sites\/18\/2015\/05\/IMG_6304-1024x768.jpg 1024w, https:\/\/diocesanos.es\/blogs\/radiopvi\/wp-content\/uploads\/sites\/18\/2015\/05\/IMG_6304.jpg 1280w\" sizes=\"auto, (max-width: 300px) 100vw, 300px\" \/><\/a><\/p>\n<p><a href=\"https:\/\/diocesanos.es\/blogs\/radiopvi\/wp-content\/uploads\/sites\/18\/2015\/05\/IMG_6306.jpg\"><img loading=\"lazy\" decoding=\"async\" class=\" size-medium wp-image-171 alignleft\" src=\"https:\/\/diocesanos.es\/blogs\/radiopvi\/wp-content\/uploads\/sites\/18\/2015\/05\/IMG_6306-300x225.jpg\" alt=\"IMG_6306\" width=\"300\" height=\"225\" srcset=\"https:\/\/diocesanos.es\/blogs\/radiopvi\/wp-content\/uploads\/sites\/18\/2015\/05\/IMG_6306-300x225.jpg 300w, https:\/\/diocesanos.es\/blogs\/radiopvi\/wp-content\/uploads\/sites\/18\/2015\/05\/IMG_6306-1024x768.jpg 1024w, https:\/\/diocesanos.es\/blogs\/radiopvi\/wp-content\/uploads\/sites\/18\/2015\/05\/IMG_6306.jpg 1280w\" sizes=\"auto, (max-width: 300px) 100vw, 300px\" \/><\/a><a href=\"https:\/\/diocesanos.es\/blogs\/radiopvi\/wp-content\/uploads\/sites\/18\/2015\/05\/IMG_6305.jpg\"><img loading=\"lazy\" decoding=\"async\" class=\" size-medium wp-image-170 alignleft\" src=\"https:\/\/diocesanos.es\/blogs\/radiopvi\/wp-content\/uploads\/sites\/18\/2015\/05\/IMG_6305-300x225.jpg\" alt=\"IMG_6305\" width=\"300\" height=\"225\" srcset=\"https:\/\/diocesanos.es\/blogs\/radiopvi\/wp-content\/uploads\/sites\/18\/2015\/05\/IMG_6305-300x225.jpg 300w, https:\/\/diocesanos.es\/blogs\/radiopvi\/wp-content\/uploads\/sites\/18\/2015\/05\/IMG_6305-1024x768.jpg 1024w, https:\/\/diocesanos.es\/blogs\/radiopvi\/wp-content\/uploads\/sites\/18\/2015\/05\/IMG_6305.jpg 1280w\" sizes=\"auto, (max-width: 300px) 100vw, 300px\" \/><\/a><\/p>\n","protected":false},"excerpt":{"rendered":"<p>Buenos d\u00edas. \u00a1Qu\u00e9 programa tenemos hoy! Uno de los m\u00e1s divertidos de los que hemos grabado hasta ahora. Juanma y Daniel R\u00edos han organizado un original programa donde nos adentraremos en el mundo de la pol\u00edtica, pero desde un punto de vista muy especial&#8230; \u00bfa qui\u00e9n votar\u00edan nuestros alumnos de primero de infantil?o \u00bfquienes son &hellip; <a class=\"read-excerpt\" href=\"https:\/\/diocesanos.es\/blogs\/radiopvi\/2015\/05\/22\/programa-del-22-de-mayo-juanma-y-daniel-rios\/\">Continue reading <span class=\"meta-nav\">&raquo;<\/span><\/a><\/p>\n","protected":false},"author":12,"featured_media":0,"comment_status":"open","ping_status":"open","sticky":false,"template":"","format":"standard","meta":{"footnotes":""},"categories":[2,1],"tags":[],"class_list":["post-164","post","type-post","status-publish","format-standard","hentry","category-curso-1516","category-sin-categoria"],"_links":{"self":[{"href":"https:\/\/diocesanos.es\/blogs\/radiopvi\/wp-json\/wp\/v2\/posts\/164","targetHints":{"allow":["GET"]}}],"collection":[{"href":"https:\/\/diocesanos.es\/blogs\/radiopvi\/wp-json\/wp\/v2\/posts"}],"about":[{"href":"https:\/\/diocesanos.es\/blogs\/radiopvi\/wp-json\/wp\/v2\/types\/post"}],"author":[{"embeddable":true,"href":"https:\/\/diocesanos.es\/blogs\/radiopvi\/wp-json\/wp\/v2\/users\/12"}],"replies":[{"embeddable":true,"href":"https:\/\/diocesanos.es\/blogs\/radiopvi\/wp-json\/wp\/v2\/comments?post=164"}],"version-history":[{"count":1,"href":"https:\/\/diocesanos.es\/blogs\/radiopvi\/wp-json\/wp\/v2\/posts\/164\/revisions"}],"predecessor-version":[{"id":312,"href":"https:\/\/diocesanos.es\/blogs\/radiopvi\/wp-json\/wp\/v2\/posts\/164\/revisions\/312"}],"wp:attachment":[{"href":"https:\/\/diocesanos.es\/blogs\/radiopvi\/wp-json\/wp\/v2\/media?parent=164"}],"wp:term":[{"taxonomy":"category","embeddable":true,"href":"https:\/\/diocesanos.es\/blogs\/radiopvi\/wp-json\/wp\/v2\/categories?post=164"},{"taxonomy":"post_tag","embeddable":true,"href":"https:\/\/diocesanos.es\/blogs\/radiopvi\/wp-json\/wp\/v2\/tags?post=164"}],"curies":[{"name":"wp","href":"https:\/\/api.w.org\/{rel}","templated":true}]}}