{"id":148,"date":"2015-05-11T10:19:08","date_gmt":"2015-05-11T10:19:08","guid":{"rendered":"https:\/\/diocesanos.es\/blogs\/radiopvi\/?p=148"},"modified":"2016-11-11T00:18:32","modified_gmt":"2016-11-11T00:18:32","slug":"programa-del-8-de-mayo-lucia-y-sergio-mesonero","status":"publish","type":"post","link":"https:\/\/diocesanos.es\/blogs\/radiopvi\/2015\/05\/11\/programa-del-8-de-mayo-lucia-y-sergio-mesonero\/","title":{"rendered":"Programa del 8 de Mayo. Luc\u00eda y Sergio Mesonero."},"content":{"rendered":"<audio class=\"wp-audio-shortcode\" id=\"audio-148-1\" preload=\"none\" style=\"width: 100%;\" controls=\"controls\"><source type=\"audio\/mpeg\" src=\"https:\/\/diocesanos.es\/blogs\/radiopvi\/wp-content\/uploads\/sites\/18\/2015\/05\/Sergio-Lucia.m4a?_=1\" \/><a href=\"https:\/\/diocesanos.es\/blogs\/radiopvi\/wp-content\/uploads\/sites\/18\/2015\/05\/Sergio-Lucia.m4a\">https:\/\/diocesanos.es\/blogs\/radiopvi\/wp-content\/uploads\/sites\/18\/2015\/05\/Sergio-Lucia.m4a<\/a><\/audio>\n<p>Buenos d\u00edas de nuevo en una entrega m\u00e1s de nuestro programa semanal de radio. Hoy tenemos un programa \u00abde altura\u00bb, ya que entre otras cosas nos van a acompa\u00f1ar los chicos del equipo de baloncesto \u00bfquereis saber cuanto mide el m\u00e1s alto de ellos o quien va a ganar la NBA? pues escuchad atentamente a nuestros alumnos y jugadores del club Luc\u00eda y Sergio que hoy magistralmete dirigen este programa. Estos dos peque\u00f1os son muy met\u00f3dicos y perfeccionistas en todo lo que hacen pero por encima de todo, lo que hacen, lo hacen con el coraz\u00f3n, y eso se nota. Preparense para disfrutar.<\/p>\n<p>Bienvenidos a nuestro \u00abRadio Club 3\u00baC\u00bb<\/p>\n<p><a href=\"https:\/\/diocesanos.es\/blogs\/radiopvi\/wp-content\/uploads\/sites\/18\/2015\/05\/IMG_6108.jpg\"><img loading=\"lazy\" decoding=\"async\" class=\"wp-image-152 aligncenter\" src=\"https:\/\/diocesanos.es\/blogs\/radiopvi\/wp-content\/uploads\/sites\/18\/2015\/05\/IMG_6108-300x225.jpg\" alt=\"IMG_6108\" width=\"600\" height=\"450\" srcset=\"https:\/\/diocesanos.es\/blogs\/radiopvi\/wp-content\/uploads\/sites\/18\/2015\/05\/IMG_6108-300x225.jpg 300w, https:\/\/diocesanos.es\/blogs\/radiopvi\/wp-content\/uploads\/sites\/18\/2015\/05\/IMG_6108-1024x767.jpg 1024w, https:\/\/diocesanos.es\/blogs\/radiopvi\/wp-content\/uploads\/sites\/18\/2015\/05\/IMG_6108.jpg 1280w\" sizes=\"auto, (max-width: 600px) 100vw, 600px\" \/><\/a> <a href=\"https:\/\/diocesanos.es\/blogs\/radiopvi\/wp-content\/uploads\/sites\/18\/2015\/05\/IMG_6109.jpg\"><img loading=\"lazy\" decoding=\"async\" class=\" size-medium wp-image-153 alignleft\" src=\"https:\/\/diocesanos.es\/blogs\/radiopvi\/wp-content\/uploads\/sites\/18\/2015\/05\/IMG_6109-300x225.jpg\" alt=\"IMG_6109\" width=\"300\" height=\"225\" srcset=\"https:\/\/diocesanos.es\/blogs\/radiopvi\/wp-content\/uploads\/sites\/18\/2015\/05\/IMG_6109-300x225.jpg 300w, https:\/\/diocesanos.es\/blogs\/radiopvi\/wp-content\/uploads\/sites\/18\/2015\/05\/IMG_6109-1024x767.jpg 1024w, https:\/\/diocesanos.es\/blogs\/radiopvi\/wp-content\/uploads\/sites\/18\/2015\/05\/IMG_6109.jpg 1280w\" sizes=\"auto, (max-width: 300px) 100vw, 300px\" \/><\/a> <a href=\"https:\/\/diocesanos.es\/blogs\/radiopvi\/wp-content\/uploads\/sites\/18\/2015\/05\/IMG_6106.jpg\"><img loading=\"lazy\" decoding=\"async\" class=\" size-medium wp-image-149 alignleft\" src=\"https:\/\/diocesanos.es\/blogs\/radiopvi\/wp-content\/uploads\/sites\/18\/2015\/05\/IMG_6106-300x225.jpg\" alt=\"IMG_6106\" width=\"300\" height=\"225\" srcset=\"https:\/\/diocesanos.es\/blogs\/radiopvi\/wp-content\/uploads\/sites\/18\/2015\/05\/IMG_6106-300x225.jpg 300w, https:\/\/diocesanos.es\/blogs\/radiopvi\/wp-content\/uploads\/sites\/18\/2015\/05\/IMG_6106-1024x767.jpg 1024w, https:\/\/diocesanos.es\/blogs\/radiopvi\/wp-content\/uploads\/sites\/18\/2015\/05\/IMG_6106.jpg 1280w\" sizes=\"auto, (max-width: 300px) 100vw, 300px\" \/><\/a> <a href=\"https:\/\/diocesanos.es\/blogs\/radiopvi\/wp-content\/uploads\/sites\/18\/2015\/05\/IMG_6107.jpg\"><img loading=\"lazy\" decoding=\"async\" class=\" size-medium wp-image-151 alignleft\" src=\"https:\/\/diocesanos.es\/blogs\/radiopvi\/wp-content\/uploads\/sites\/18\/2015\/05\/IMG_6107-300x225.jpg\" alt=\"IMG_6107\" width=\"300\" height=\"225\" srcset=\"https:\/\/diocesanos.es\/blogs\/radiopvi\/wp-content\/uploads\/sites\/18\/2015\/05\/IMG_6107-300x225.jpg 300w, https:\/\/diocesanos.es\/blogs\/radiopvi\/wp-content\/uploads\/sites\/18\/2015\/05\/IMG_6107-1024x767.jpg 1024w, https:\/\/diocesanos.es\/blogs\/radiopvi\/wp-content\/uploads\/sites\/18\/2015\/05\/IMG_6107.jpg 1280w\" sizes=\"auto, (max-width: 300px) 100vw, 300px\" \/><\/a> <a href=\"https:\/\/diocesanos.es\/blogs\/radiopvi\/wp-content\/uploads\/sites\/18\/2015\/05\/IMG_6110.jpg\"><img loading=\"lazy\" decoding=\"async\" class=\"  wp-image-154 alignleft\" src=\"https:\/\/diocesanos.es\/blogs\/radiopvi\/wp-content\/uploads\/sites\/18\/2015\/05\/IMG_6110-300x225.jpg\" alt=\"IMG_6110\" width=\"779\" height=\"584\" srcset=\"https:\/\/diocesanos.es\/blogs\/radiopvi\/wp-content\/uploads\/sites\/18\/2015\/05\/IMG_6110-300x225.jpg 300w, https:\/\/diocesanos.es\/blogs\/radiopvi\/wp-content\/uploads\/sites\/18\/2015\/05\/IMG_6110.jpg 640w\" sizes=\"auto, (max-width: 779px) 100vw, 779px\" \/><\/a><\/p>\n<p>&nbsp;<\/p>\n","protected":false},"excerpt":{"rendered":"<p>Buenos d\u00edas de nuevo en una entrega m\u00e1s de nuestro programa semanal de radio. Hoy tenemos un programa \u00abde altura\u00bb, ya que entre otras cosas nos van a acompa\u00f1ar los chicos del equipo de baloncesto \u00bfquereis saber cuanto mide el m\u00e1s alto de ellos o quien va a ganar la NBA? pues escuchad atentamente a &hellip; <a class=\"read-excerpt\" href=\"https:\/\/diocesanos.es\/blogs\/radiopvi\/2015\/05\/11\/programa-del-8-de-mayo-lucia-y-sergio-mesonero\/\">Continue reading <span class=\"meta-nav\">&raquo;<\/span><\/a><\/p>\n","protected":false},"author":12,"featured_media":0,"comment_status":"open","ping_status":"open","sticky":false,"template":"","format":"standard","meta":{"footnotes":""},"categories":[2,1],"tags":[],"class_list":["post-148","post","type-post","status-publish","format-standard","hentry","category-curso-1516","category-sin-categoria"],"_links":{"self":[{"href":"https:\/\/diocesanos.es\/blogs\/radiopvi\/wp-json\/wp\/v2\/posts\/148","targetHints":{"allow":["GET"]}}],"collection":[{"href":"https:\/\/diocesanos.es\/blogs\/radiopvi\/wp-json\/wp\/v2\/posts"}],"about":[{"href":"https:\/\/diocesanos.es\/blogs\/radiopvi\/wp-json\/wp\/v2\/types\/post"}],"author":[{"embeddable":true,"href":"https:\/\/diocesanos.es\/blogs\/radiopvi\/wp-json\/wp\/v2\/users\/12"}],"replies":[{"embeddable":true,"href":"https:\/\/diocesanos.es\/blogs\/radiopvi\/wp-json\/wp\/v2\/comments?post=148"}],"version-history":[{"count":1,"href":"https:\/\/diocesanos.es\/blogs\/radiopvi\/wp-json\/wp\/v2\/posts\/148\/revisions"}],"predecessor-version":[{"id":314,"href":"https:\/\/diocesanos.es\/blogs\/radiopvi\/wp-json\/wp\/v2\/posts\/148\/revisions\/314"}],"wp:attachment":[{"href":"https:\/\/diocesanos.es\/blogs\/radiopvi\/wp-json\/wp\/v2\/media?parent=148"}],"wp:term":[{"taxonomy":"category","embeddable":true,"href":"https:\/\/diocesanos.es\/blogs\/radiopvi\/wp-json\/wp\/v2\/categories?post=148"},{"taxonomy":"post_tag","embeddable":true,"href":"https:\/\/diocesanos.es\/blogs\/radiopvi\/wp-json\/wp\/v2\/tags?post=148"}],"curies":[{"name":"wp","href":"https:\/\/api.w.org\/{rel}","templated":true}]}}