{"id":140,"date":"2015-04-30T11:04:06","date_gmt":"2015-04-30T11:04:06","guid":{"rendered":"https:\/\/diocesanos.es\/blogs\/radiopvi\/?p=140"},"modified":"2016-11-11T00:18:32","modified_gmt":"2016-11-11T00:18:32","slug":"programa-del-30-de-abril-johanna-y-ruben","status":"publish","type":"post","link":"https:\/\/diocesanos.es\/blogs\/radiopvi\/2015\/04\/30\/programa-del-30-de-abril-johanna-y-ruben\/","title":{"rendered":"Programa del 30 de Abril. Johanna y Rub\u00e9n."},"content":{"rendered":"<audio class=\"wp-audio-shortcode\" id=\"audio-140-1\" preload=\"none\" style=\"width: 100%;\" controls=\"controls\"><source type=\"audio\/mpeg\" src=\"https:\/\/diocesanos.es\/blogs\/radiopvi\/wp-content\/uploads\/sites\/18\/2015\/04\/Ruben-Y-Johanna.m4a?_=1\" \/><a href=\"https:\/\/diocesanos.es\/blogs\/radiopvi\/wp-content\/uploads\/sites\/18\/2015\/04\/Ruben-Y-Johanna.m4a\">https:\/\/diocesanos.es\/blogs\/radiopvi\/wp-content\/uploads\/sites\/18\/2015\/04\/Ruben-Y-Johanna.m4a<\/a><\/audio>\n<p>Buenos d\u00edas radio oyentes, hoy tenemos un programa cargado de ilusi\u00f3n y de energ\u00eda. Johanna y rub\u00e9n se han encargado de preparar el d\u00eda de hoy un programa vibrante y lleno de noticias, chistes divertid\u00edsimos, adivinanzas imposibles y con un invitado que nos aportar\u00e1 su sabidur\u00eda y sus experiencias.<\/p>\n<p>No os perdais nuestra secci\u00f3n biling\u00fce de hoy, que viene muy \u00abnutritiva!!! a ver si sois capaces de realizar la receta que os dir\u00e1n nuestros ni\u00f1os en Ingl\u00e9s. ya nos contar\u00e9is en los comentarios si sois capaces de apuntar todos los ingredientes.<\/p>\n<p>Una semana m\u00e1s nos despedimos esperando que hayais pasado un rato divertido con nosotros. Y recordad, somos \u00abRadio Club 3\u00baB\u00bb.<\/p>\n<p><a href=\"https:\/\/diocesanos.es\/blogs\/radiopvi\/wp-content\/uploads\/sites\/18\/2015\/04\/la-foto-1.jpg\"><img loading=\"lazy\" decoding=\"async\" class=\"  wp-image-141 alignleft\" src=\"https:\/\/diocesanos.es\/blogs\/radiopvi\/wp-content\/uploads\/sites\/18\/2015\/04\/la-foto-1-300x225.jpg\" alt=\"la foto 1\" width=\"647\" height=\"485\" srcset=\"https:\/\/diocesanos.es\/blogs\/radiopvi\/wp-content\/uploads\/sites\/18\/2015\/04\/la-foto-1-300x225.jpg 300w, https:\/\/diocesanos.es\/blogs\/radiopvi\/wp-content\/uploads\/sites\/18\/2015\/04\/la-foto-1.jpg 640w\" sizes=\"auto, (max-width: 647px) 100vw, 647px\" \/><\/a><\/p>\n<p><a href=\"https:\/\/diocesanos.es\/blogs\/radiopvi\/wp-content\/uploads\/sites\/18\/2015\/04\/la-foto-2.jpg\"><img loading=\"lazy\" decoding=\"async\" class=\"  wp-image-142 alignleft\" src=\"https:\/\/diocesanos.es\/blogs\/radiopvi\/wp-content\/uploads\/sites\/18\/2015\/04\/la-foto-2-300x225.jpg\" alt=\"la foto 2\" width=\"325\" height=\"244\" srcset=\"https:\/\/diocesanos.es\/blogs\/radiopvi\/wp-content\/uploads\/sites\/18\/2015\/04\/la-foto-2-300x225.jpg 300w, https:\/\/diocesanos.es\/blogs\/radiopvi\/wp-content\/uploads\/sites\/18\/2015\/04\/la-foto-2.jpg 640w\" sizes=\"auto, (max-width: 325px) 100vw, 325px\" \/><\/a><\/p>\n<p>&nbsp;<\/p>\n<p>&nbsp;<\/p>\n<p>&nbsp;<\/p>\n<p>&nbsp;<\/p>\n<p>&nbsp;<\/p>\n<p>&nbsp;<\/p>\n<p>&nbsp;<\/p>\n<p>&nbsp;<\/p>\n<p>&nbsp;<\/p>\n<p>&nbsp;<\/p>\n<p><a href=\"https:\/\/diocesanos.es\/blogs\/radiopvi\/wp-content\/uploads\/sites\/18\/2015\/04\/la-foto-4.jpg\"><img loading=\"lazy\" decoding=\"async\" class=\"  wp-image-144 alignleft\" src=\"https:\/\/diocesanos.es\/blogs\/radiopvi\/wp-content\/uploads\/sites\/18\/2015\/04\/la-foto-4-300x225.jpg\" alt=\"la foto 4\" width=\"323\" height=\"243\" srcset=\"https:\/\/diocesanos.es\/blogs\/radiopvi\/wp-content\/uploads\/sites\/18\/2015\/04\/la-foto-4-300x225.jpg 300w, https:\/\/diocesanos.es\/blogs\/radiopvi\/wp-content\/uploads\/sites\/18\/2015\/04\/la-foto-4.jpg 640w\" sizes=\"auto, (max-width: 323px) 100vw, 323px\" \/><\/a><\/p>\n<p>&nbsp;<\/p>\n<p>&nbsp;<\/p>\n<p>&nbsp;<\/p>\n<p>&nbsp;<\/p>\n<p>&nbsp;<\/p>\n<p>&nbsp;<\/p>\n<p><a href=\"https:\/\/diocesanos.es\/blogs\/radiopvi\/wp-content\/uploads\/sites\/18\/2015\/04\/la-foto-3.jpg\"><img loading=\"lazy\" decoding=\"async\" class=\"  wp-image-143 alignnone\" src=\"https:\/\/diocesanos.es\/blogs\/radiopvi\/wp-content\/uploads\/sites\/18\/2015\/04\/la-foto-3-300x225.jpg\" alt=\"la foto 3\" width=\"649\" height=\"487\" srcset=\"https:\/\/diocesanos.es\/blogs\/radiopvi\/wp-content\/uploads\/sites\/18\/2015\/04\/la-foto-3-300x225.jpg 300w, https:\/\/diocesanos.es\/blogs\/radiopvi\/wp-content\/uploads\/sites\/18\/2015\/04\/la-foto-3.jpg 640w\" sizes=\"auto, (max-width: 649px) 100vw, 649px\" \/><\/a><\/p>\n","protected":false},"excerpt":{"rendered":"<p>Buenos d\u00edas radio oyentes, hoy tenemos un programa cargado de ilusi\u00f3n y de energ\u00eda. Johanna y rub\u00e9n se han encargado de preparar el d\u00eda de hoy un programa vibrante y lleno de noticias, chistes divertid\u00edsimos, adivinanzas imposibles y con un invitado que nos aportar\u00e1 su sabidur\u00eda y sus experiencias. No os perdais nuestra secci\u00f3n biling\u00fce &hellip; <a class=\"read-excerpt\" href=\"https:\/\/diocesanos.es\/blogs\/radiopvi\/2015\/04\/30\/programa-del-30-de-abril-johanna-y-ruben\/\">Continue reading <span class=\"meta-nav\">&raquo;<\/span><\/a><\/p>\n","protected":false},"author":12,"featured_media":0,"comment_status":"open","ping_status":"open","sticky":false,"template":"","format":"standard","meta":{"footnotes":""},"categories":[2,1],"tags":[],"class_list":["post-140","post","type-post","status-publish","format-standard","hentry","category-curso-1516","category-sin-categoria"],"_links":{"self":[{"href":"https:\/\/diocesanos.es\/blogs\/radiopvi\/wp-json\/wp\/v2\/posts\/140","targetHints":{"allow":["GET"]}}],"collection":[{"href":"https:\/\/diocesanos.es\/blogs\/radiopvi\/wp-json\/wp\/v2\/posts"}],"about":[{"href":"https:\/\/diocesanos.es\/blogs\/radiopvi\/wp-json\/wp\/v2\/types\/post"}],"author":[{"embeddable":true,"href":"https:\/\/diocesanos.es\/blogs\/radiopvi\/wp-json\/wp\/v2\/users\/12"}],"replies":[{"embeddable":true,"href":"https:\/\/diocesanos.es\/blogs\/radiopvi\/wp-json\/wp\/v2\/comments?post=140"}],"version-history":[{"count":1,"href":"https:\/\/diocesanos.es\/blogs\/radiopvi\/wp-json\/wp\/v2\/posts\/140\/revisions"}],"predecessor-version":[{"id":315,"href":"https:\/\/diocesanos.es\/blogs\/radiopvi\/wp-json\/wp\/v2\/posts\/140\/revisions\/315"}],"wp:attachment":[{"href":"https:\/\/diocesanos.es\/blogs\/radiopvi\/wp-json\/wp\/v2\/media?parent=140"}],"wp:term":[{"taxonomy":"category","embeddable":true,"href":"https:\/\/diocesanos.es\/blogs\/radiopvi\/wp-json\/wp\/v2\/categories?post=140"},{"taxonomy":"post_tag","embeddable":true,"href":"https:\/\/diocesanos.es\/blogs\/radiopvi\/wp-json\/wp\/v2\/tags?post=140"}],"curies":[{"name":"wp","href":"https:\/\/api.w.org\/{rel}","templated":true}]}}