{"id":132,"date":"2015-04-24T10:11:19","date_gmt":"2015-04-24T10:11:19","guid":{"rendered":"https:\/\/diocesanos.es\/blogs\/radiopvi\/?p=132"},"modified":"2016-11-11T00:18:32","modified_gmt":"2016-11-11T00:18:32","slug":"programa-del-24-de-abril-clara-y-david","status":"publish","type":"post","link":"https:\/\/diocesanos.es\/blogs\/radiopvi\/2015\/04\/24\/programa-del-24-de-abril-clara-y-david\/","title":{"rendered":"Programa del 24 de Abril. Clara y David."},"content":{"rendered":"<audio class=\"wp-audio-shortcode\" id=\"audio-132-1\" preload=\"none\" style=\"width: 100%;\" controls=\"controls\"><source type=\"audio\/mpeg\" src=\"https:\/\/diocesanos.es\/blogs\/radiopvi\/wp-content\/uploads\/sites\/18\/2015\/04\/Clara-Y-David.m4a?_=1\" \/><a href=\"https:\/\/diocesanos.es\/blogs\/radiopvi\/wp-content\/uploads\/sites\/18\/2015\/04\/Clara-Y-David.m4a\">https:\/\/diocesanos.es\/blogs\/radiopvi\/wp-content\/uploads\/sites\/18\/2015\/04\/Clara-Y-David.m4a<\/a><\/audio>\n<p>Bienvenidos una semana m\u00e1s a nuestro programa de \u00abRadio Club 3\u00baC\u00bb. Esta semana Clara y David conducir\u00e1n un programa lleno sorpresas, novedades y muchas originalidades&#8230; se nota que ellos son dos ni\u00f1os que les gusta mucho innovar y preparar bien las cosas&#8230; y por eso han presentado un programa con cosas a\u00fan nunca vistas ni o\u00eddas&#8230; \u00bfquer\u00e9is descubrirlas? Pues darle al PLAY!!!<\/p>\n<p>&nbsp;<\/p>\n<p><a href=\"https:\/\/diocesanos.es\/blogs\/radiopvi\/wp-content\/uploads\/sites\/18\/2015\/04\/IMG_20150424_115526.jpg\"><img loading=\"lazy\" decoding=\"async\" class=\"  wp-image-134 alignleft\" src=\"https:\/\/diocesanos.es\/blogs\/radiopvi\/wp-content\/uploads\/sites\/18\/2015\/04\/IMG_20150424_115526-300x225.jpg\" alt=\"IMG_20150424_115526\" width=\"495\" height=\"371\" srcset=\"https:\/\/diocesanos.es\/blogs\/radiopvi\/wp-content\/uploads\/sites\/18\/2015\/04\/IMG_20150424_115526-300x225.jpg 300w, https:\/\/diocesanos.es\/blogs\/radiopvi\/wp-content\/uploads\/sites\/18\/2015\/04\/IMG_20150424_115526-1024x768.jpg 1024w\" sizes=\"auto, (max-width: 495px) 100vw, 495px\" \/><\/a><a href=\"https:\/\/diocesanos.es\/blogs\/radiopvi\/wp-content\/uploads\/sites\/18\/2015\/04\/IMG_20150424_115320.jpg\"><img loading=\"lazy\" decoding=\"async\" class=\"  wp-image-133 alignleft\" src=\"https:\/\/diocesanos.es\/blogs\/radiopvi\/wp-content\/uploads\/sites\/18\/2015\/04\/IMG_20150424_115320-300x225.jpg\" alt=\"IMG_20150424_115320\" width=\"494\" height=\"370\" srcset=\"https:\/\/diocesanos.es\/blogs\/radiopvi\/wp-content\/uploads\/sites\/18\/2015\/04\/IMG_20150424_115320-300x225.jpg 300w, https:\/\/diocesanos.es\/blogs\/radiopvi\/wp-content\/uploads\/sites\/18\/2015\/04\/IMG_20150424_115320-1024x768.jpg 1024w\" sizes=\"auto, (max-width: 494px) 100vw, 494px\" \/><\/a> <a href=\"https:\/\/diocesanos.es\/blogs\/radiopvi\/wp-content\/uploads\/sites\/18\/2015\/04\/IMG_20150424_115652.jpg\"><img loading=\"lazy\" decoding=\"async\" class=\"aligncenter  wp-image-135\" src=\"https:\/\/diocesanos.es\/blogs\/radiopvi\/wp-content\/uploads\/sites\/18\/2015\/04\/IMG_20150424_115652-300x225.jpg\" alt=\"IMG_20150424_115652\" width=\"360\" height=\"270\" srcset=\"https:\/\/diocesanos.es\/blogs\/radiopvi\/wp-content\/uploads\/sites\/18\/2015\/04\/IMG_20150424_115652-300x225.jpg 300w, https:\/\/diocesanos.es\/blogs\/radiopvi\/wp-content\/uploads\/sites\/18\/2015\/04\/IMG_20150424_115652-1024x768.jpg 1024w\" sizes=\"auto, (max-width: 360px) 100vw, 360px\" \/><\/a> <a href=\"https:\/\/diocesanos.es\/blogs\/radiopvi\/wp-content\/uploads\/sites\/18\/2015\/04\/IMG_20150424_115656.jpg\"><img loading=\"lazy\" decoding=\"async\" class=\"aligncenter  wp-image-136\" src=\"https:\/\/diocesanos.es\/blogs\/radiopvi\/wp-content\/uploads\/sites\/18\/2015\/04\/IMG_20150424_115656-300x225.jpg\" alt=\"IMG_20150424_115656\" width=\"361\" height=\"271\" srcset=\"https:\/\/diocesanos.es\/blogs\/radiopvi\/wp-content\/uploads\/sites\/18\/2015\/04\/IMG_20150424_115656-300x225.jpg 300w, https:\/\/diocesanos.es\/blogs\/radiopvi\/wp-content\/uploads\/sites\/18\/2015\/04\/IMG_20150424_115656-1024x768.jpg 1024w\" sizes=\"auto, (max-width: 361px) 100vw, 361px\" \/><\/a><\/p>\n<p>&nbsp;<\/p>\n<p>&nbsp;<\/p>\n","protected":false},"excerpt":{"rendered":"<p>Bienvenidos una semana m\u00e1s a nuestro programa de \u00abRadio Club 3\u00baC\u00bb. Esta semana Clara y David conducir\u00e1n un programa lleno sorpresas, novedades y muchas originalidades&#8230; se nota que ellos son dos ni\u00f1os que les gusta mucho innovar y preparar bien las cosas&#8230; y por eso han presentado un programa con cosas a\u00fan nunca vistas ni &hellip; <a class=\"read-excerpt\" href=\"https:\/\/diocesanos.es\/blogs\/radiopvi\/2015\/04\/24\/programa-del-24-de-abril-clara-y-david\/\">Continue reading <span class=\"meta-nav\">&raquo;<\/span><\/a><\/p>\n","protected":false},"author":12,"featured_media":0,"comment_status":"open","ping_status":"open","sticky":false,"template":"","format":"standard","meta":{"footnotes":""},"categories":[2,1],"tags":[],"class_list":["post-132","post","type-post","status-publish","format-standard","hentry","category-curso-1516","category-sin-categoria"],"_links":{"self":[{"href":"https:\/\/diocesanos.es\/blogs\/radiopvi\/wp-json\/wp\/v2\/posts\/132","targetHints":{"allow":["GET"]}}],"collection":[{"href":"https:\/\/diocesanos.es\/blogs\/radiopvi\/wp-json\/wp\/v2\/posts"}],"about":[{"href":"https:\/\/diocesanos.es\/blogs\/radiopvi\/wp-json\/wp\/v2\/types\/post"}],"author":[{"embeddable":true,"href":"https:\/\/diocesanos.es\/blogs\/radiopvi\/wp-json\/wp\/v2\/users\/12"}],"replies":[{"embeddable":true,"href":"https:\/\/diocesanos.es\/blogs\/radiopvi\/wp-json\/wp\/v2\/comments?post=132"}],"version-history":[{"count":1,"href":"https:\/\/diocesanos.es\/blogs\/radiopvi\/wp-json\/wp\/v2\/posts\/132\/revisions"}],"predecessor-version":[{"id":316,"href":"https:\/\/diocesanos.es\/blogs\/radiopvi\/wp-json\/wp\/v2\/posts\/132\/revisions\/316"}],"wp:attachment":[{"href":"https:\/\/diocesanos.es\/blogs\/radiopvi\/wp-json\/wp\/v2\/media?parent=132"}],"wp:term":[{"taxonomy":"category","embeddable":true,"href":"https:\/\/diocesanos.es\/blogs\/radiopvi\/wp-json\/wp\/v2\/categories?post=132"},{"taxonomy":"post_tag","embeddable":true,"href":"https:\/\/diocesanos.es\/blogs\/radiopvi\/wp-json\/wp\/v2\/tags?post=132"}],"curies":[{"name":"wp","href":"https:\/\/api.w.org\/{rel}","templated":true}]}}