{"id":121,"date":"2015-04-17T11:17:00","date_gmt":"2015-04-17T11:17:00","guid":{"rendered":"https:\/\/diocesanos.es\/blogs\/radiopvi\/?p=121"},"modified":"2016-11-11T00:18:32","modified_gmt":"2016-11-11T00:18:32","slug":"programa-del-17-de-abril-sergio-garcia-y-carlos-quiros","status":"publish","type":"post","link":"https:\/\/diocesanos.es\/blogs\/radiopvi\/2015\/04\/17\/programa-del-17-de-abril-sergio-garcia-y-carlos-quiros\/","title":{"rendered":"Programa del 17 de Abril. Sergio Garc\u00eda y Carlos Quir\u00f3s."},"content":{"rendered":"<audio class=\"wp-audio-shortcode\" id=\"audio-121-1\" preload=\"none\" style=\"width: 100%;\" controls=\"controls\"><source type=\"audio\/mpeg\" src=\"https:\/\/diocesanos.es\/blogs\/radiopvi\/wp-content\/uploads\/sites\/18\/2015\/04\/Sergio-y-Carlitos.mp3?_=1\" \/><a href=\"https:\/\/diocesanos.es\/blogs\/radiopvi\/wp-content\/uploads\/sites\/18\/2015\/04\/Sergio-y-Carlitos.mp3\">https:\/\/diocesanos.es\/blogs\/radiopvi\/wp-content\/uploads\/sites\/18\/2015\/04\/Sergio-y-Carlitos.mp3<\/a><\/audio>\n<p>Hoy tenemos a dos reporteros muy futboleros, divertidos y muy queridos por toda la clase. Son Sergio Garc\u00eda y carlos Quir\u00f3s. Con ellos al mando del programa, est\u00e1 claro que el f\u00fatbol estar\u00e1 presente en varias de las secciones, pero atentos, porque hoy habr\u00e1 noticias importantes, chistes muy graciosos y un super invitado que ha sido compa\u00f1ero primero y entrenador despues de nuestro profesor, \u00e9l es Jos\u00e9 Garc\u00eda, actual entrenador de la Cultural y Deportiva Cebrere\u00f1a y antiguo jugador y capit\u00e1n del Real \u00c1vila.<\/p>\n<p>No os perdais este estupendo programa y como siempre&#8230;\u00a1Esperamos vuestros comentarios!<\/p>\n<p>&nbsp;<\/p>\n<p><a href=\"https:\/\/diocesanos.es\/blogs\/radiopvi\/wp-content\/uploads\/sites\/18\/2015\/04\/IMG_20150417_1150031.jpg\"><img loading=\"lazy\" decoding=\"async\" class=\"  wp-image-118 aligncenter\" src=\"https:\/\/diocesanos.es\/blogs\/radiopvi\/wp-content\/uploads\/sites\/18\/2015\/04\/IMG_20150417_1150031-300x225.jpg\" alt=\"IMG_20150417_115003\" width=\"488\" height=\"366\" srcset=\"https:\/\/diocesanos.es\/blogs\/radiopvi\/wp-content\/uploads\/sites\/18\/2015\/04\/IMG_20150417_1150031-300x225.jpg 300w, https:\/\/diocesanos.es\/blogs\/radiopvi\/wp-content\/uploads\/sites\/18\/2015\/04\/IMG_20150417_1150031-1024x768.jpg 1024w\" sizes=\"auto, (max-width: 488px) 100vw, 488px\" \/><\/a> <a href=\"https:\/\/diocesanos.es\/blogs\/radiopvi\/wp-content\/uploads\/sites\/18\/2015\/04\/IMG_20150417_115428.jpg\"><img loading=\"lazy\" decoding=\"async\" class=\" size-medium wp-image-117 alignleft\" src=\"https:\/\/diocesanos.es\/blogs\/radiopvi\/wp-content\/uploads\/sites\/18\/2015\/04\/IMG_20150417_115428-300x225.jpg\" alt=\"IMG_20150417_115428\" width=\"300\" height=\"225\" srcset=\"https:\/\/diocesanos.es\/blogs\/radiopvi\/wp-content\/uploads\/sites\/18\/2015\/04\/IMG_20150417_115428-300x225.jpg 300w, https:\/\/diocesanos.es\/blogs\/radiopvi\/wp-content\/uploads\/sites\/18\/2015\/04\/IMG_20150417_115428-1024x768.jpg 1024w\" sizes=\"auto, (max-width: 300px) 100vw, 300px\" \/><\/a><a href=\"https:\/\/diocesanos.es\/blogs\/radiopvi\/wp-content\/uploads\/sites\/18\/2015\/04\/IMG_20150417_115113.jpg\"><img loading=\"lazy\" decoding=\"async\" class=\" size-medium wp-image-114 alignleft\" src=\"https:\/\/diocesanos.es\/blogs\/radiopvi\/wp-content\/uploads\/sites\/18\/2015\/04\/IMG_20150417_115113-300x225.jpg\" alt=\"IMG_20150417_115113\" width=\"300\" height=\"225\" srcset=\"https:\/\/diocesanos.es\/blogs\/radiopvi\/wp-content\/uploads\/sites\/18\/2015\/04\/IMG_20150417_115113-300x225.jpg 300w, https:\/\/diocesanos.es\/blogs\/radiopvi\/wp-content\/uploads\/sites\/18\/2015\/04\/IMG_20150417_115113-1024x768.jpg 1024w\" sizes=\"auto, (max-width: 300px) 100vw, 300px\" \/><\/a> <a href=\"https:\/\/diocesanos.es\/blogs\/radiopvi\/wp-content\/uploads\/sites\/18\/2015\/04\/IMG_20150417_115409.jpg\"><img loading=\"lazy\" decoding=\"async\" class=\"size-medium wp-image-116 alignleft\" src=\"https:\/\/diocesanos.es\/blogs\/radiopvi\/wp-content\/uploads\/sites\/18\/2015\/04\/IMG_20150417_115409-300x225.jpg\" alt=\"IMG_20150417_115409\" width=\"300\" height=\"225\" srcset=\"https:\/\/diocesanos.es\/blogs\/radiopvi\/wp-content\/uploads\/sites\/18\/2015\/04\/IMG_20150417_115409-300x225.jpg 300w, https:\/\/diocesanos.es\/blogs\/radiopvi\/wp-content\/uploads\/sites\/18\/2015\/04\/IMG_20150417_115409-1024x768.jpg 1024w\" sizes=\"auto, (max-width: 300px) 100vw, 300px\" \/><\/a><a href=\"https:\/\/diocesanos.es\/blogs\/radiopvi\/wp-content\/uploads\/sites\/18\/2015\/04\/IMG_20150417_115132.jpg\"><img loading=\"lazy\" decoding=\"async\" class=\"  wp-image-115 alignleft\" src=\"https:\/\/diocesanos.es\/blogs\/radiopvi\/wp-content\/uploads\/sites\/18\/2015\/04\/IMG_20150417_115132-225x300.jpg\" alt=\"IMG_20150417_115132\" width=\"453\" height=\"604\" srcset=\"https:\/\/diocesanos.es\/blogs\/radiopvi\/wp-content\/uploads\/sites\/18\/2015\/04\/IMG_20150417_115132-225x300.jpg 225w, https:\/\/diocesanos.es\/blogs\/radiopvi\/wp-content\/uploads\/sites\/18\/2015\/04\/IMG_20150417_115132-768x1024.jpg 768w\" sizes=\"auto, (max-width: 453px) 100vw, 453px\" \/><\/a><\/p>\n<p>&nbsp;<\/p>\n","protected":false},"excerpt":{"rendered":"<p>Hoy tenemos a dos reporteros muy futboleros, divertidos y muy queridos por toda la clase. Son Sergio Garc\u00eda y carlos Quir\u00f3s. Con ellos al mando del programa, est\u00e1 claro que el f\u00fatbol estar\u00e1 presente en varias de las secciones, pero atentos, porque hoy habr\u00e1 noticias importantes, chistes muy graciosos y un super invitado que ha &hellip; <a class=\"read-excerpt\" href=\"https:\/\/diocesanos.es\/blogs\/radiopvi\/2015\/04\/17\/programa-del-17-de-abril-sergio-garcia-y-carlos-quiros\/\">Continue reading <span class=\"meta-nav\">&raquo;<\/span><\/a><\/p>\n","protected":false},"author":12,"featured_media":0,"comment_status":"open","ping_status":"open","sticky":false,"template":"","format":"standard","meta":{"footnotes":""},"categories":[2,1],"tags":[],"class_list":["post-121","post","type-post","status-publish","format-standard","hentry","category-curso-1516","category-sin-categoria"],"_links":{"self":[{"href":"https:\/\/diocesanos.es\/blogs\/radiopvi\/wp-json\/wp\/v2\/posts\/121","targetHints":{"allow":["GET"]}}],"collection":[{"href":"https:\/\/diocesanos.es\/blogs\/radiopvi\/wp-json\/wp\/v2\/posts"}],"about":[{"href":"https:\/\/diocesanos.es\/blogs\/radiopvi\/wp-json\/wp\/v2\/types\/post"}],"author":[{"embeddable":true,"href":"https:\/\/diocesanos.es\/blogs\/radiopvi\/wp-json\/wp\/v2\/users\/12"}],"replies":[{"embeddable":true,"href":"https:\/\/diocesanos.es\/blogs\/radiopvi\/wp-json\/wp\/v2\/comments?post=121"}],"version-history":[{"count":1,"href":"https:\/\/diocesanos.es\/blogs\/radiopvi\/wp-json\/wp\/v2\/posts\/121\/revisions"}],"predecessor-version":[{"id":317,"href":"https:\/\/diocesanos.es\/blogs\/radiopvi\/wp-json\/wp\/v2\/posts\/121\/revisions\/317"}],"wp:attachment":[{"href":"https:\/\/diocesanos.es\/blogs\/radiopvi\/wp-json\/wp\/v2\/media?parent=121"}],"wp:term":[{"taxonomy":"category","embeddable":true,"href":"https:\/\/diocesanos.es\/blogs\/radiopvi\/wp-json\/wp\/v2\/categories?post=121"},{"taxonomy":"post_tag","embeddable":true,"href":"https:\/\/diocesanos.es\/blogs\/radiopvi\/wp-json\/wp\/v2\/tags?post=121"}],"curies":[{"name":"wp","href":"https:\/\/api.w.org\/{rel}","templated":true}]}}