{"id":103,"date":"2015-04-10T10:34:02","date_gmt":"2015-04-10T10:34:02","guid":{"rendered":"https:\/\/diocesanos.es\/blogs\/radiopvi\/?p=103"},"modified":"2016-11-11T00:18:32","modified_gmt":"2016-11-11T00:18:32","slug":"103","status":"publish","type":"post","link":"https:\/\/diocesanos.es\/blogs\/radiopvi\/2015\/04\/10\/103\/","title":{"rendered":"Programa del 10 de Abril. \u00c1ngela y Javier."},"content":{"rendered":"<audio class=\"wp-audio-shortcode\" id=\"audio-103-1\" preload=\"none\" style=\"width: 100%;\" controls=\"controls\"><source type=\"audio\/mpeg\" src=\"https:\/\/diocesanos.es\/blogs\/radiopvi\/wp-content\/uploads\/sites\/18\/2015\/04\/Javier-Y-A\u0301ngela.m4a?_=1\" \/><a href=\"https:\/\/diocesanos.es\/blogs\/radiopvi\/wp-content\/uploads\/sites\/18\/2015\/04\/Javier-Y-A\u0301ngela.m4a\">https:\/\/diocesanos.es\/blogs\/radiopvi\/wp-content\/uploads\/sites\/18\/2015\/04\/Javier-Y-A\u0301ngela.m4a<\/a><\/audio>\n<p>Buenos d\u00edas desde nuestro mundo radiof\u00f3nico. Hoy tenemos nuestro primer programa despu\u00e9s del par\u00f3n de Semana Santa y son \u00c1ngela y Javier Gil los encargados de dirigir este programa, dos alumnos de los m\u00e1s queridos por sus compa\u00f1eros y profesores.<\/p>\n<p>Cada d\u00eda son m\u00e1s las novedades y sorpresas que presentan nuestros locutores. En este programa tendremos el honor de escuchar las declaraciones del gran Javier Repiso, profesor del colegio y responsable de la secci\u00f3n de baloncesto del CD Colegios Diocesanos que cuenta con mas de 70 ni\u00f1os, tambi\u00e9n podremos disfrutar del duelo de \u00abpistoleros de rimas\u00bb que han protagonizado \u00c1ngela y Javier y como cada semana, noticias, secci\u00f3n biling\u00fce, chistes adivinanzas y sobretodo mucha creatividad e ilusi\u00f3n de nuestros ni\u00f1os.<\/p>\n<p>La semana que viene m\u00e1s en nuestro taller \u00abRADIO CLUB 3\u00baC\u00bb.<\/p>\n<p>&nbsp;<\/p>\n<p>&nbsp;<\/p>\n<p><a href=\"https:\/\/diocesanos.es\/blogs\/radiopvi\/wp-content\/uploads\/sites\/18\/2015\/04\/IMG_5453.jpg\"><img loading=\"lazy\" decoding=\"async\" class=\"  wp-image-105 alignleft\" src=\"https:\/\/diocesanos.es\/blogs\/radiopvi\/wp-content\/uploads\/sites\/18\/2015\/04\/IMG_5453-300x225.jpg\" alt=\"IMG_5453\" width=\"383\" height=\"287\" srcset=\"https:\/\/diocesanos.es\/blogs\/radiopvi\/wp-content\/uploads\/sites\/18\/2015\/04\/IMG_5453-300x225.jpg 300w, https:\/\/diocesanos.es\/blogs\/radiopvi\/wp-content\/uploads\/sites\/18\/2015\/04\/IMG_5453-1024x768.jpg 1024w, https:\/\/diocesanos.es\/blogs\/radiopvi\/wp-content\/uploads\/sites\/18\/2015\/04\/IMG_5453.jpg 1280w\" sizes=\"auto, (max-width: 383px) 100vw, 383px\" \/><\/a><a href=\"https:\/\/diocesanos.es\/blogs\/radiopvi\/wp-content\/uploads\/sites\/18\/2015\/04\/IMG_5457.jpg\"><img loading=\"lazy\" decoding=\"async\" class=\"  wp-image-109 alignleft\" src=\"https:\/\/diocesanos.es\/blogs\/radiopvi\/wp-content\/uploads\/sites\/18\/2015\/04\/IMG_5457-300x225.jpg\" alt=\"IMG_5457\" width=\"383\" height=\"287\" srcset=\"https:\/\/diocesanos.es\/blogs\/radiopvi\/wp-content\/uploads\/sites\/18\/2015\/04\/IMG_5457-300x225.jpg 300w, https:\/\/diocesanos.es\/blogs\/radiopvi\/wp-content\/uploads\/sites\/18\/2015\/04\/IMG_5457-1024x768.jpg 1024w, https:\/\/diocesanos.es\/blogs\/radiopvi\/wp-content\/uploads\/sites\/18\/2015\/04\/IMG_5457.jpg 1280w\" sizes=\"auto, (max-width: 383px) 100vw, 383px\" \/><\/a><\/p>\n<p>&nbsp;<\/p>\n<p>&nbsp;<\/p>\n<p>&nbsp;<\/p>\n<p>&nbsp;<\/p>\n<p>&nbsp;<\/p>\n<p>&nbsp;<\/p>\n<p><a href=\"https:\/\/diocesanos.es\/blogs\/radiopvi\/wp-content\/uploads\/sites\/18\/2015\/04\/IMG_5456.jpg\"><img loading=\"lazy\" decoding=\"async\" class=\" size-medium wp-image-108 alignleft\" src=\"https:\/\/diocesanos.es\/blogs\/radiopvi\/wp-content\/uploads\/sites\/18\/2015\/04\/IMG_5456-225x300.jpg\" alt=\"IMG_5456\" width=\"225\" height=\"300\" srcset=\"https:\/\/diocesanos.es\/blogs\/radiopvi\/wp-content\/uploads\/sites\/18\/2015\/04\/IMG_5456-225x300.jpg 225w, https:\/\/diocesanos.es\/blogs\/radiopvi\/wp-content\/uploads\/sites\/18\/2015\/04\/IMG_5456-768x1024.jpg 768w, https:\/\/diocesanos.es\/blogs\/radiopvi\/wp-content\/uploads\/sites\/18\/2015\/04\/IMG_5456.jpg 960w\" sizes=\"auto, (max-width: 225px) 100vw, 225px\" \/><\/a> <a href=\"https:\/\/diocesanos.es\/blogs\/radiopvi\/wp-content\/uploads\/sites\/18\/2015\/04\/IMG_5455.jpg\"><img loading=\"lazy\" decoding=\"async\" class=\" size-medium wp-image-107 alignnone\" src=\"https:\/\/diocesanos.es\/blogs\/radiopvi\/wp-content\/uploads\/sites\/18\/2015\/04\/IMG_5455-225x300.jpg\" alt=\"IMG_5455\" width=\"225\" height=\"300\" srcset=\"https:\/\/diocesanos.es\/blogs\/radiopvi\/wp-content\/uploads\/sites\/18\/2015\/04\/IMG_5455-225x300.jpg 225w, https:\/\/diocesanos.es\/blogs\/radiopvi\/wp-content\/uploads\/sites\/18\/2015\/04\/IMG_5455-768x1024.jpg 768w, https:\/\/diocesanos.es\/blogs\/radiopvi\/wp-content\/uploads\/sites\/18\/2015\/04\/IMG_5455.jpg 960w\" sizes=\"auto, (max-width: 225px) 100vw, 225px\" \/><\/a><a href=\"https:\/\/diocesanos.es\/blogs\/radiopvi\/wp-content\/uploads\/sites\/18\/2015\/04\/IMG_5454.jpg\"><img loading=\"lazy\" decoding=\"async\" class=\" size-medium wp-image-106 alignleft\" src=\"https:\/\/diocesanos.es\/blogs\/radiopvi\/wp-content\/uploads\/sites\/18\/2015\/04\/IMG_5454-225x300.jpg\" alt=\"IMG_5454\" width=\"225\" height=\"300\" srcset=\"https:\/\/diocesanos.es\/blogs\/radiopvi\/wp-content\/uploads\/sites\/18\/2015\/04\/IMG_5454-225x300.jpg 225w, https:\/\/diocesanos.es\/blogs\/radiopvi\/wp-content\/uploads\/sites\/18\/2015\/04\/IMG_5454-768x1024.jpg 768w, https:\/\/diocesanos.es\/blogs\/radiopvi\/wp-content\/uploads\/sites\/18\/2015\/04\/IMG_5454.jpg 960w\" sizes=\"auto, (max-width: 225px) 100vw, 225px\" \/><\/a><\/p>\n","protected":false},"excerpt":{"rendered":"<p>Buenos d\u00edas desde nuestro mundo radiof\u00f3nico. Hoy tenemos nuestro primer programa despu\u00e9s del par\u00f3n de Semana Santa y son \u00c1ngela y Javier Gil los encargados de dirigir este programa, dos alumnos de los m\u00e1s queridos por sus compa\u00f1eros y profesores. Cada d\u00eda son m\u00e1s las novedades y sorpresas que presentan nuestros locutores. En este programa &hellip; <a class=\"read-excerpt\" href=\"https:\/\/diocesanos.es\/blogs\/radiopvi\/2015\/04\/10\/103\/\">Continue reading <span class=\"meta-nav\">&raquo;<\/span><\/a><\/p>\n","protected":false},"author":12,"featured_media":0,"comment_status":"open","ping_status":"open","sticky":false,"template":"","format":"standard","meta":{"footnotes":""},"categories":[2,1],"tags":[],"class_list":["post-103","post","type-post","status-publish","format-standard","hentry","category-curso-1516","category-sin-categoria"],"_links":{"self":[{"href":"https:\/\/diocesanos.es\/blogs\/radiopvi\/wp-json\/wp\/v2\/posts\/103","targetHints":{"allow":["GET"]}}],"collection":[{"href":"https:\/\/diocesanos.es\/blogs\/radiopvi\/wp-json\/wp\/v2\/posts"}],"about":[{"href":"https:\/\/diocesanos.es\/blogs\/radiopvi\/wp-json\/wp\/v2\/types\/post"}],"author":[{"embeddable":true,"href":"https:\/\/diocesanos.es\/blogs\/radiopvi\/wp-json\/wp\/v2\/users\/12"}],"replies":[{"embeddable":true,"href":"https:\/\/diocesanos.es\/blogs\/radiopvi\/wp-json\/wp\/v2\/comments?post=103"}],"version-history":[{"count":1,"href":"https:\/\/diocesanos.es\/blogs\/radiopvi\/wp-json\/wp\/v2\/posts\/103\/revisions"}],"predecessor-version":[{"id":318,"href":"https:\/\/diocesanos.es\/blogs\/radiopvi\/wp-json\/wp\/v2\/posts\/103\/revisions\/318"}],"wp:attachment":[{"href":"https:\/\/diocesanos.es\/blogs\/radiopvi\/wp-json\/wp\/v2\/media?parent=103"}],"wp:term":[{"taxonomy":"category","embeddable":true,"href":"https:\/\/diocesanos.es\/blogs\/radiopvi\/wp-json\/wp\/v2\/categories?post=103"},{"taxonomy":"post_tag","embeddable":true,"href":"https:\/\/diocesanos.es\/blogs\/radiopvi\/wp-json\/wp\/v2\/tags?post=103"}],"curies":[{"name":"wp","href":"https:\/\/api.w.org\/{rel}","templated":true}]}}