{"id":1,"date":"2015-02-25T08:15:23","date_gmt":"2015-02-25T08:15:23","guid":{"rendered":"https:\/\/diocesanos.es\/blogs\/radiopvi\/?p=1"},"modified":"2016-11-11T00:19:41","modified_gmt":"2016-11-11T00:19:41","slug":"hola-mundo","status":"publish","type":"post","link":"https:\/\/diocesanos.es\/blogs\/radiopvi\/2015\/02\/25\/hola-mundo\/","title":{"rendered":"\u00a1Hola mundo!"},"content":{"rendered":"<p>\u00a1Ya estamos aqu\u00ed!<\/p>\n<p>Somos los ni\u00f1os y ni\u00f1as de tercero C de primaria del Colegio \u00abPablo VI\u00bb, y para trabajar la expredi\u00f3n oral y escrita, la creatividad, la competencia digital y muchas cosas m\u00e1s vamos a trabajar junto a nuestro profesor Jorge Barrera un \u00abtaller de radio\u00bb. \u00a1Ser\u00e1 genial!<\/p>\n<p>Podr\u00e9is escuchar las noticias, el tiempo, entrevistas con personajes importantes para nosotros, nuestras preferencias en ingl\u00e9s (secci\u00f3n biling\u00fce) y muchos chistes y adivinanzas para divertirnos.<\/p>\n<p>Esperamos que disfrut\u00e9is de esta actividad tanto como nosotros y que particip\u00e9is con vuestros comentarios.<\/p>\n<p>&nbsp;<\/p>\n<p>\u00a1OS ESPERAMOS!<\/p>\n<div id=\"attachment_40\" style=\"width: 569px\" class=\"wp-caption aligncenter\"><a href=\"https:\/\/diocesanos.es\/blogs\/radiopvi\/wp-content\/uploads\/sites\/18\/2015\/02\/MI-CLASE1.jpg\"><img loading=\"lazy\" decoding=\"async\" aria-describedby=\"caption-attachment-40\" class=\" wp-image-40\" src=\"https:\/\/diocesanos.es\/blogs\/radiopvi\/wp-content\/uploads\/sites\/18\/2015\/02\/MI-CLASE1-300x135.jpg\" alt=\"La mejor clase del mundo\" width=\"559\" height=\"251\" srcset=\"https:\/\/diocesanos.es\/blogs\/radiopvi\/wp-content\/uploads\/sites\/18\/2015\/02\/MI-CLASE1-300x135.jpg 300w, https:\/\/diocesanos.es\/blogs\/radiopvi\/wp-content\/uploads\/sites\/18\/2015\/02\/MI-CLASE1-1024x461.jpg 1024w, https:\/\/diocesanos.es\/blogs\/radiopvi\/wp-content\/uploads\/sites\/18\/2015\/02\/MI-CLASE1.jpg 1280w\" sizes=\"auto, (max-width: 559px) 100vw, 559px\" \/><\/a><p id=\"caption-attachment-40\" class=\"wp-caption-text\">La mejor clase del mundo<\/p><\/div>\n<p>&nbsp;<\/p>\n<p>&nbsp;<\/p>\n","protected":false},"excerpt":{"rendered":"<p>\u00a1Ya estamos aqu\u00ed! Somos los ni\u00f1os y ni\u00f1as de tercero C de primaria del Colegio \u00abPablo VI\u00bb, y para trabajar la expredi\u00f3n oral y escrita, la creatividad, la competencia digital y muchas cosas m\u00e1s vamos a trabajar junto a nuestro profesor Jorge Barrera un \u00abtaller de radio\u00bb. \u00a1Ser\u00e1 genial! Podr\u00e9is escuchar las noticias, el tiempo, &hellip; <a class=\"read-excerpt\" href=\"https:\/\/diocesanos.es\/blogs\/radiopvi\/2015\/02\/25\/hola-mundo\/\">Continue reading <span class=\"meta-nav\">&raquo;<\/span><\/a><\/p>\n","protected":false},"author":1,"featured_media":0,"comment_status":"open","ping_status":"open","sticky":false,"template":"","format":"standard","meta":{"footnotes":""},"categories":[2],"tags":[],"class_list":["post-1","post","type-post","status-publish","format-standard","hentry","category-curso-1516"],"_links":{"self":[{"href":"https:\/\/diocesanos.es\/blogs\/radiopvi\/wp-json\/wp\/v2\/posts\/1","targetHints":{"allow":["GET"]}}],"collection":[{"href":"https:\/\/diocesanos.es\/blogs\/radiopvi\/wp-json\/wp\/v2\/posts"}],"about":[{"href":"https:\/\/diocesanos.es\/blogs\/radiopvi\/wp-json\/wp\/v2\/types\/post"}],"author":[{"embeddable":true,"href":"https:\/\/diocesanos.es\/blogs\/radiopvi\/wp-json\/wp\/v2\/users\/1"}],"replies":[{"embeddable":true,"href":"https:\/\/diocesanos.es\/blogs\/radiopvi\/wp-json\/wp\/v2\/comments?post=1"}],"version-history":[{"count":1,"href":"https:\/\/diocesanos.es\/blogs\/radiopvi\/wp-json\/wp\/v2\/posts\/1\/revisions"}],"predecessor-version":[{"id":324,"href":"https:\/\/diocesanos.es\/blogs\/radiopvi\/wp-json\/wp\/v2\/posts\/1\/revisions\/324"}],"wp:attachment":[{"href":"https:\/\/diocesanos.es\/blogs\/radiopvi\/wp-json\/wp\/v2\/media?parent=1"}],"wp:term":[{"taxonomy":"category","embeddable":true,"href":"https:\/\/diocesanos.es\/blogs\/radiopvi\/wp-json\/wp\/v2\/categories?post=1"},{"taxonomy":"post_tag","embeddable":true,"href":"https:\/\/diocesanos.es\/blogs\/radiopvi\/wp-json\/wp\/v2\/tags?post=1"}],"curies":[{"name":"wp","href":"https:\/\/api.w.org\/{rel}","templated":true}]}}