{"id":919,"date":"2015-03-18T13:39:37","date_gmt":"2015-03-18T13:39:37","guid":{"rendered":"https:\/\/diocesanos.es\/blogs\/planlector\/?p=919"},"modified":"2015-03-20T13:33:11","modified_gmt":"2015-03-20T13:33:11","slug":"i-certamen-literario","status":"publish","type":"post","link":"https:\/\/diocesanos.es\/blogs\/planlector\/2015\/03\/18\/i-certamen-literario\/","title":{"rendered":"I CERTAMEN LITERARIO \u00abSEMANA DE LA LECTURA\u00bb"},"content":{"rendered":"<p><a href=\"https:\/\/diocesanos.es\/blogs\/planlector\/wp-content\/uploads\/sites\/8\/2015\/03\/Imagen1.png\"><img loading=\"lazy\" decoding=\"async\" class=\" wp-image-920 size-full aligncenter\" src=\"https:\/\/diocesanos.es\/blogs\/planlector\/wp-content\/uploads\/sites\/8\/2015\/03\/Imagen1.png\" alt=\"Imagen1\" width=\"239\" height=\"340\" srcset=\"https:\/\/diocesanos.es\/blogs\/planlector\/wp-content\/uploads\/sites\/8\/2015\/03\/Imagen1.png 239w, https:\/\/diocesanos.es\/blogs\/planlector\/wp-content\/uploads\/sites\/8\/2015\/03\/Imagen1-211x300.png 211w, https:\/\/diocesanos.es\/blogs\/planlector\/wp-content\/uploads\/sites\/8\/2015\/03\/Imagen1-162x230.png 162w\" sizes=\"auto, (max-width: 239px) 100vw, 239px\" \/><\/a><\/p>\n<p style=\"text-align: justify\">\u00a0El colegio Pablo VI en colaboraci\u00f3n con el \u00a0 AMPA,\u00a0 dentro de las actividades integradas en la semana de la lectura, con el \u00e1nimo de incentivar el h\u00e1bito lector y conmemorar el cuarto centenario de la publicaci\u00f3n de la segunda parte del Quijote,\u00a0 convoca los siguientes concursos para padres y alumnos:<\/p>\n<ul>\n<li>Relato corto<\/li>\n<li>Carteles<\/li>\n<li>Selfies<\/li>\n<li>Cortometraje<\/li>\n<\/ul>\n<p>La tem\u00e1tica en todas las modalidades deber\u00e1 estar relacionada con<strong> El Quijote.<\/strong><\/p>\n<p>El plazo de presentaci\u00f3n de las obras finalizar\u00e1 el <strong>13 de abril de 2015<\/strong>.<\/p>\n<h2 style=\"text-align: center\"><span style=\"color: #0000ff\">\u00a1AN\u00cdMATE Y PARTICIPA!<\/span><\/h2>\n<h3 style=\"text-align: center\">Descargar \u00a0<span style=\"color: #0000ff\"><a style=\"color: #0000ff\" href=\"http:\/\/www.colegiopablovi.es\/index.php?dwn=1&amp;d=39&amp;f=3946\" target=\"_blank\">BASES<\/a><\/span><\/h3>\n<p><!--more--><\/p>\n<h2 align=\"left\"><\/h2>\n<h2 align=\"left\">BASES<\/h2>\n<h3>MODALIDADES<\/h3>\n<h4 style=\"padding-left: 30px\">RELATO CORTO<\/h4>\n<p style=\"padding-left: 60px\" align=\"justify\">Los trabajos deber\u00e1n ser relatos breves, con una extensi\u00f3n m\u00e1xima de dos p\u00e1ginas, tama\u00f1o DIN A4 con un formato de letra Arial de 10 puntos e interlineado de 1,5.<\/p>\n<h4 style=\"padding-left: 30px\">CARTELES<\/h4>\n<p style=\"padding-left: 60px\" align=\"justify\">Se admitir\u00e1n trabajos en papel a tama\u00f1o DIN A3 en vertical, pudiendo utilizar cualquier t\u00e9cnica (acuarela, collage,\u2026).<\/p>\n<p style=\"padding-left: 60px\" align=\"justify\">Para entregarlos en soporte digital s\u00f3lo se admitir\u00e1n en formato PDF o JPG, este \u00faltimo con una resoluci\u00f3n mayor o igual a 1200&#215;1800 puntos.<\/p>\n<h4 style=\"padding-left: 30px\">SELFIES<\/h4>\n<p style=\"padding-left: 60px\" align=\"justify\">Fotograf\u00edas tomadas con m\u00f3vil o tableta, en la que ha de aparecer el concursante caracterizado como alguno de los personajes del Quijote, o en una ubicaci\u00f3n reconocible (delante de un molino, entre un reba\u00f1o de ovejas,\u2026), con la portada del libro\u2026<\/p>\n<h4 style=\"padding-left: 30px\">CORTOMETRAJE<\/h4>\n<p style=\"padding-left: 60px\" align=\"justify\">V\u00eddeo (imagen real, animaci\u00f3n, presentaci\u00f3n multimedia) de una duraci\u00f3n de entre 5 y 10 minutos como m\u00e1ximo, en formato AVI o MP4 y con una resoluci\u00f3n de 640&#215;480 puntos m\u00ednimo.<\/p>\n<h3>CATEGOR\u00cdAS<\/h3>\n<p style=\"padding-left: 30px\">A: Guarder\u00eda y Educaci\u00f3n Infantil.<\/p>\n<p style=\"padding-left: 30px\">B: De 1\u00ba a 3\u00ba de Educaci\u00f3n Primaria.<\/p>\n<p style=\"padding-left: 30px\">C: De 4\u00ba a 6\u00ba de Educaci\u00f3n Primaria.<\/p>\n<p style=\"padding-left: 30px\">D: Educaci\u00f3n Secundaria (E.S.O.)<\/p>\n<h3>PARTICIPANTES<\/h3>\n<p style=\"padding-left: 30px\">RELATO CORTO: Alumnos\/as pertenecientes a las categor\u00edas B, C y D.<\/p>\n<p style=\"padding-left: 30px\">CARTELES: Alumnos\/as pertenecientes a las categor\u00edas A, B, C y D.<\/p>\n<p style=\"padding-left: 30px\">SELFIES Y CORTOMETRAJES:<\/p>\n<ul>\n<ul>\n<li>Categor\u00edas A y B: Padres y alumnos.<\/li>\n<li>Categor\u00edas C y D: Alumnos.<\/li>\n<\/ul>\n<\/ul>\n<h3>PRESENTACI\u00d3N DE TRABAJOS<\/h3>\n<p>Los trabajos se enviar\u00e1n preferentemente en soporte digital, en los formatos establecidos, a la siguiente direcci\u00f3n de correo electr\u00f3nico:<\/p>\n<p align=\"center\"><a href=\"mailto:planlector@colegiopablovi.es\" target=\"_blank\"><strong>quijote@colegiopablovi.es<\/strong><\/a><\/p>\n<p>Deber\u00e1n incluirse en el cuerpo del mensaje los siguientes datos: Nombre completo, Edad y Curso.<\/p>\n<p align=\"justify\">NOTA: Excepcionalmente (como en el caso de los v\u00eddeos) se podr\u00e1n entregar directamente en una memoria USB al tutor correspondiente, en la que s\u00f3lo han de aparecer el archivo del concurso y un documento de texto con el Nombre completo, Edad y Curso.<\/p>\n<h3>PLAZO<\/h3>\n<p>El plazo de presentaci\u00f3n de las obras finalizar\u00e1 el 13 de abril de 2015.<\/p>\n<h3>JURADO<\/h3>\n<p align=\"justify\">Los trabajos ser\u00e1n recibidos por docentes que no formar\u00e1n parte de los miembros del jurado, asignar\u00e1n un n\u00famero a cada uno y los remitir\u00e1n al jurado sin ning\u00fan tipo de dato personal.<\/p>\n<p>Una vez emitido el fallo del jurado, se comprobar\u00e1 el autor del trabajo premiado.<\/p>\n<p>El jurado estar\u00e1 compuesto por profesores y representantes de la AMPA.<\/p>\n<h3>PREMIOS<\/h3>\n<p>Se establecen los siguientes premios en cada categor\u00eda:<\/p>\n<ul>\n<ul>\n<li>Primer premio<\/li>\n<li>Finalista<\/li>\n<\/ul>\n<\/ul>\n<p align=\"justify\">Los premios ser\u00e1n entregados en un acto que se incluir\u00e1 dentro de las actividades del Festival Literario que tendr\u00e1 lugar el 22 de abril de 2015, con motivo de la celebraci\u00f3n del D\u00eda del Libro.<\/p>\n<h3>NORMAS GENERALES<\/h3>\n<p>Todos los participantes, dar\u00e1n su consentimiento expl\u00edcito para la publicaci\u00f3n de las obras en la p\u00e1gina web o cualquier otra publicaci\u00f3n que el centro estime conveniente.<\/p>\n<p>Los trabajos ser\u00e1n expuestos durante el transcurso de la semana de la lectura.<\/p>\n<p>La participaci\u00f3n en los distintos concursos supone la aceptaci\u00f3n de estas bases.<\/p>\n","protected":false},"excerpt":{"rendered":"<p>\u00a0El colegio Pablo VI en colaboraci\u00f3n con el \u00a0 AMPA,\u00a0 dentro de las actividades integradas en la semana de la lectura, con el \u00e1nimo de incentivar el h\u00e1bito lector y conmemorar el cuarto centenario de la publicaci\u00f3n de la segunda parte del Quijote,\u00a0 convoca los siguientes concursos para padres y alumnos: Relato corto Carteles Selfies [&hellip;]<\/p>\n","protected":false},"author":19,"featured_media":0,"comment_status":"closed","ping_status":"closed","sticky":false,"template":"","format":"standard","meta":{"footnotes":""},"categories":[22],"tags":[],"class_list":["post-919","post","type-post","status-publish","format-standard","hentry","category-concursos-y-convocatorias"],"_links":{"self":[{"href":"https:\/\/diocesanos.es\/blogs\/planlector\/wp-json\/wp\/v2\/posts\/919","targetHints":{"allow":["GET"]}}],"collection":[{"href":"https:\/\/diocesanos.es\/blogs\/planlector\/wp-json\/wp\/v2\/posts"}],"about":[{"href":"https:\/\/diocesanos.es\/blogs\/planlector\/wp-json\/wp\/v2\/types\/post"}],"author":[{"embeddable":true,"href":"https:\/\/diocesanos.es\/blogs\/planlector\/wp-json\/wp\/v2\/users\/19"}],"replies":[{"embeddable":true,"href":"https:\/\/diocesanos.es\/blogs\/planlector\/wp-json\/wp\/v2\/comments?post=919"}],"version-history":[{"count":0,"href":"https:\/\/diocesanos.es\/blogs\/planlector\/wp-json\/wp\/v2\/posts\/919\/revisions"}],"wp:attachment":[{"href":"https:\/\/diocesanos.es\/blogs\/planlector\/wp-json\/wp\/v2\/media?parent=919"}],"wp:term":[{"taxonomy":"category","embeddable":true,"href":"https:\/\/diocesanos.es\/blogs\/planlector\/wp-json\/wp\/v2\/categories?post=919"},{"taxonomy":"post_tag","embeddable":true,"href":"https:\/\/diocesanos.es\/blogs\/planlector\/wp-json\/wp\/v2\/tags?post=919"}],"curies":[{"name":"wp","href":"https:\/\/api.w.org\/{rel}","templated":true}]}}