{"id":860,"date":"2015-03-15T09:27:23","date_gmt":"2015-03-15T09:27:23","guid":{"rendered":"https:\/\/diocesanos.es\/blogs\/planlector\/?p=860"},"modified":"2015-03-15T09:40:27","modified_gmt":"2015-03-15T09:40:27","slug":"la-biblioteca-publica-de-avila-repasa-la-trascendencia-de-la-figura-de-santa-teresa","status":"publish","type":"post","link":"https:\/\/diocesanos.es\/blogs\/planlector\/2015\/03\/15\/la-biblioteca-publica-de-avila-repasa-la-trascendencia-de-la-figura-de-santa-teresa\/","title":{"rendered":"La Biblioteca P\u00fablica de \u00c1vila repasa la trascendencia de la figura de Santa Teresa"},"content":{"rendered":"<p style=\"text-align: justify\">Enmarcada en las actividades conmemorativas del V Centenario del Nacimiento de la Santa Teresa de Jes\u00fas organizadas por la Junta de Castilla y Le\u00f3n, la exposici\u00f3n &#8216;Vivo ya fuera de m\u00ed&#8217; muestra la influencia de su vida, su obra y su figura en numerosos artistas e intelectuales.<\/p>\n<p style=\"text-align: justify\"><a href=\"https:\/\/diocesanos.es\/blogs\/planlector\/wp-content\/uploads\/sites\/8\/2015\/03\/images2.jpg\"><img loading=\"lazy\" decoding=\"async\" class=\"aligncenter wp-image-861 size-full\" src=\"https:\/\/diocesanos.es\/blogs\/planlector\/wp-content\/uploads\/sites\/8\/2015\/03\/images2.jpg\" alt=\"images\" width=\"275\" height=\"183\" \/><\/a><\/p>\n<p style=\"text-align: justify\"><strong>Uno de los versos del poema &#8216;Vivo sin vivir en m\u00ed&#8217; da nombre a esta muestra<\/strong>, que se fija en los <strong>numerosos artistas e intelectuales<\/strong> que se han acercado a Santa Teresa de Jes\u00fas para buscar <strong>inspiraci\u00f3n en su proceso creativo<\/strong> o para glosar su figura, su vida o su obra.<\/p>\n<p style=\"text-align: justify\">En el recorrido por esta influencia, la exposici\u00f3n se centra en <strong>biograf\u00edas escritas por sus contempor\u00e1neos<\/strong>, <strong>ediciones conmemorativas<\/strong> de los distintos centenarios,<strong> partituras de m\u00fasica<\/strong> compuesta en su honor, <strong>prensa local del d\u00eda de la patrona de \u00c1vila<\/strong> y<strong> revistas teresianas<\/strong>. Las ediciones que podemos contemplar forman parte de la <strong>colecci\u00f3n del Marqu\u00e9s de Piedras Albas<\/strong>, teresianista y bibli\u00f3filo, que se conservan en la <strong>Biblioteca P\u00fabica<\/strong>. La muestra se completa con un <strong>peque\u00f1o documental con im\u00e1genes de Santa Teresa en el cine, la pintura, la escultura y la literatura.<\/strong><\/p>\n<p>La muestra puede visitarse <strong>hasta el 25 de abril<\/strong> en el horario habitual de apertura de la Biblioteca: de<strong> lunes a viernes de 9,00 a 21,00 horas<\/strong> y los\u00a0<strong>s\u00e1bados, de 9,00 a 14,00 horas<\/strong>.<\/p>\n<p style=\"text-align: center\"><span style=\"color: #ff0000\"><strong>CONCURSA CON LA EXPOSICI\u00d3N: \u00bfCU\u00c1NTO SABES SOBRE TERESA DE JES\u00daS?<\/strong><\/span><\/p>\n<p style=\"text-align: justify\">Para participar en el concurso los interesados deber\u00e1n <strong>relacionar los nombres de una serie de artistas que se han inspirado en Santa Teresa<\/strong>(pintores, escultores, arquitectos, m\u00fasicos, cineastas, etc\u00e9tera) con las\u00a0<strong>im\u00e1genes de sus obras m\u00e1s significativas<\/strong>. Para ello, ser\u00e1 necesario identificarse con el <strong>carn\u00e9 de usuario de la Biblioteca P\u00fablica de \u00c1vila <\/strong>y rellenar el <strong>folleto <\/strong>donde aparecen estos nombres e im\u00e1genes. El plazo para presentar las solicitudes finaliza el<strong> mi\u00e9rcoles 22 de abril<\/strong>.<\/p>\n<p style=\"text-align: justify\"><!--more--><\/p>\n<p style=\"text-align: justify\"><strong>Entre los acertantes se sortear\u00e1n 5 lotes compuestos por un libro, una pel\u00edcula y un disco sobre Santa Teresa<\/strong> que se entregar\u00e1n el<strong> viernes 24 de abril <\/strong>coincidiendo con el D\u00eda del Libro y el fin de la exposici\u00f3n.<\/p>\n<p style=\"text-align: justify\">Tambi\u00e9n est\u00e1 programado un <strong>peque\u00f1o concurso para los grupos escolares que visiten la Biblioteca<\/strong>. En este caso la prueba consistir\u00e1 en\u00a0<strong>identificar<\/strong>, durante la visita, si la obra corresponde a un pintor, a un escultor, a un cineasta, etc\u00e9tera.<\/p>\n","protected":false},"excerpt":{"rendered":"<p>Enmarcada en las actividades conmemorativas del V Centenario del Nacimiento de la Santa Teresa de Jes\u00fas organizadas por la Junta de Castilla y Le\u00f3n, la exposici\u00f3n &#8216;Vivo ya fuera de m\u00ed&#8217; muestra la influencia de su vida, su obra y su figura en numerosos artistas e intelectuales. Uno de los versos del poema &#8216;Vivo sin [&hellip;]<\/p>\n","protected":false},"author":19,"featured_media":0,"comment_status":"closed","ping_status":"closed","sticky":false,"template":"","format":"standard","meta":{"footnotes":""},"categories":[28,21],"tags":[],"class_list":["post-860","post","type-post","status-publish","format-standard","hentry","category-cursos-y-seminarios","category-noticias"],"_links":{"self":[{"href":"https:\/\/diocesanos.es\/blogs\/planlector\/wp-json\/wp\/v2\/posts\/860","targetHints":{"allow":["GET"]}}],"collection":[{"href":"https:\/\/diocesanos.es\/blogs\/planlector\/wp-json\/wp\/v2\/posts"}],"about":[{"href":"https:\/\/diocesanos.es\/blogs\/planlector\/wp-json\/wp\/v2\/types\/post"}],"author":[{"embeddable":true,"href":"https:\/\/diocesanos.es\/blogs\/planlector\/wp-json\/wp\/v2\/users\/19"}],"replies":[{"embeddable":true,"href":"https:\/\/diocesanos.es\/blogs\/planlector\/wp-json\/wp\/v2\/comments?post=860"}],"version-history":[{"count":0,"href":"https:\/\/diocesanos.es\/blogs\/planlector\/wp-json\/wp\/v2\/posts\/860\/revisions"}],"wp:attachment":[{"href":"https:\/\/diocesanos.es\/blogs\/planlector\/wp-json\/wp\/v2\/media?parent=860"}],"wp:term":[{"taxonomy":"category","embeddable":true,"href":"https:\/\/diocesanos.es\/blogs\/planlector\/wp-json\/wp\/v2\/categories?post=860"},{"taxonomy":"post_tag","embeddable":true,"href":"https:\/\/diocesanos.es\/blogs\/planlector\/wp-json\/wp\/v2\/tags?post=860"}],"curies":[{"name":"wp","href":"https:\/\/api.w.org\/{rel}","templated":true}]}}