{"id":818,"date":"2015-03-11T09:17:53","date_gmt":"2015-03-11T09:17:53","guid":{"rendered":"https:\/\/diocesanos.es\/blogs\/planlector\/?p=818"},"modified":"2015-03-11T09:25:53","modified_gmt":"2015-03-11T09:25:53","slug":"los-libros-de-la-semana-2","status":"publish","type":"post","link":"https:\/\/diocesanos.es\/blogs\/planlector\/2015\/03\/11\/los-libros-de-la-semana-2\/","title":{"rendered":"Los libros de la semana"},"content":{"rendered":"<ul>\n<li>\n<h2 style=\"text-align: left\">LA PANDILLA RECOMIENDA\u2026<\/h2>\n<\/li>\n<\/ul>\n<h3>\u00a0<span style=\"color: #ff6600\"> \u201cSURCOS DEL AZAR\u201d<\/span> \u00a0de Paco Roca<\/h3>\n<h3><a href=\"https:\/\/diocesanos.es\/blogs\/planlector\/wp-content\/uploads\/sites\/8\/2015\/03\/2015-03-01-07.40.04.jpg\"><img loading=\"lazy\" decoding=\"async\" class=\"  wp-image-819 alignleft\" src=\"https:\/\/diocesanos.es\/blogs\/planlector\/wp-content\/uploads\/sites\/8\/2015\/03\/2015-03-01-07.40.04-207x300.jpg\" alt=\"2015-03-01 07.40.04\" width=\"150\" height=\"217\" srcset=\"https:\/\/diocesanos.es\/blogs\/planlector\/wp-content\/uploads\/sites\/8\/2015\/03\/2015-03-01-07.40.04-207x300.jpg 207w, https:\/\/diocesanos.es\/blogs\/planlector\/wp-content\/uploads\/sites\/8\/2015\/03\/2015-03-01-07.40.04-708x1024.jpg 708w, https:\/\/diocesanos.es\/blogs\/planlector\/wp-content\/uploads\/sites\/8\/2015\/03\/2015-03-01-07.40.04-159x230.jpg 159w, https:\/\/diocesanos.es\/blogs\/planlector\/wp-content\/uploads\/sites\/8\/2015\/03\/2015-03-01-07.40.04.jpg 1033w\" sizes=\"auto, (max-width: 150px) 100vw, 150px\" \/><\/a><\/h3>\n<p>&nbsp;<\/p>\n<p style=\"text-align: justify\">Este libro cuenta parte de la guerra civil espa\u00f1ola, hablando de los\u00a0exiliados, los generales notables republicanos, el trabajo forzado. Te\u00a0aporta mucha informaci\u00f3n sobre este tema.<\/p>\n<p>Recomiendo este libro ya que es\u00a0una novela gr\u00e1fica f\u00e1cil de leer y muy interesante.<\/p>\n<h5 style=\"text-align: right\">\u00a0Javier 4\u00ba A ESO<\/h5>\n<ul>\n<li>\n<h2 style=\"text-align: left\">LOS MEJORES LIBROS DE NUESTRA VIDA<\/h2>\n<\/li>\n<\/ul>\n<h3>\u00a0<span style=\"color: #0000ff\">MANUSCRIPT FOUND IN ACCRA<\/span> \u00a0(<i><b>El manuscrito encontrado en Accra)<\/b><\/i> \u00a0de Paulo Coehlo<\/h3>\n<p style=\"text-align: justify\">\u00a0<a href=\"https:\/\/diocesanos.es\/blogs\/planlector\/wp-content\/uploads\/sites\/8\/2015\/03\/16054811.jpg\"><img loading=\"lazy\" decoding=\"async\" class=\"  wp-image-823 alignleft\" src=\"https:\/\/diocesanos.es\/blogs\/planlector\/wp-content\/uploads\/sites\/8\/2015\/03\/16054811-203x300.jpg\" alt=\"16054811\" width=\"166\" height=\"246\" srcset=\"https:\/\/diocesanos.es\/blogs\/planlector\/wp-content\/uploads\/sites\/8\/2015\/03\/16054811-203x300.jpg 203w, https:\/\/diocesanos.es\/blogs\/planlector\/wp-content\/uploads\/sites\/8\/2015\/03\/16054811-156x230.jpg 156w, https:\/\/diocesanos.es\/blogs\/planlector\/wp-content\/uploads\/sites\/8\/2015\/03\/16054811.jpg 318w\" sizes=\"auto, (max-width: 166px) 100vw, 166px\" \/><\/a>This book is an easy read. It\u2019s that kind of bo ok where you can find plenty of quotable quotes that will teach you things about life and how to deal with it. Personally, my favorite chapter is the one about solitude; let me share a few lines, which I find inspiring\u2026 \u201cWithout solitude, no plant or animal can survive, no soil can remain productive, no child can learn about life, no artist can create, no work can grow and be transformed. Solitude is not the absence of company, but the moment when our souls is free to speak to us and help us decide what to do with our life\u201d Everyone is busy nowadays and it\u2019s nice to feed our brain and soul in every chance we get. Hope you get inspired in the same way as I did!<\/p>\n<p style=\"text-align: right\"><strong>Denise Martinez \u00a0<\/strong>Profesora nativa<\/p>\n<p><strong>Cada semana publicaremos nuevos\u00a0t\u00edtulos. El pr\u00f3ximo puede ser el tuyo, s\u00f3lo tienes que mandarnos un correo a esta\u00a0direcci\u00f3n<\/strong> <span style=\"color: #0000ff\"><a style=\"color: #0000ff\" href=\"mailto:milibro@colegiopablovi.es\" target=\"_blank\">milibro@colegiopablovi.es<\/a><\/span><\/p>\n<ul>\n<li>Si quieres ver \u00a0m\u00e1s\u00a0\u00a0libros, visita nuestra secci\u00f3n de <span style=\"color: #ff6600\"><strong><a style=\"color: #ff6600\" href=\"https:\/\/diocesanos.es\/blogs\/planlector\/recomendaciones\/\" target=\"_blank\">Recomendaciones<\/a>.<\/strong><\/span><\/li>\n<\/ul>\n","protected":false},"excerpt":{"rendered":"<p>LA PANDILLA RECOMIENDA\u2026 \u00a0 \u201cSURCOS DEL AZAR\u201d \u00a0de Paco Roca &nbsp; Este libro cuenta parte de la guerra civil espa\u00f1ola, hablando de los\u00a0exiliados, los generales notables republicanos, el trabajo forzado. Te\u00a0aporta mucha informaci\u00f3n sobre este tema. Recomiendo este libro ya que es\u00a0una novela gr\u00e1fica f\u00e1cil de leer y muy interesante. \u00a0Javier 4\u00ba A ESO LOS [&hellip;]<\/p>\n","protected":false},"author":19,"featured_media":0,"comment_status":"closed","ping_status":"closed","sticky":false,"template":"","format":"standard","meta":{"footnotes":""},"categories":[29],"tags":[],"class_list":["post-818","post","type-post","status-publish","format-standard","hentry","category-libros-de-la-semana"],"_links":{"self":[{"href":"https:\/\/diocesanos.es\/blogs\/planlector\/wp-json\/wp\/v2\/posts\/818","targetHints":{"allow":["GET"]}}],"collection":[{"href":"https:\/\/diocesanos.es\/blogs\/planlector\/wp-json\/wp\/v2\/posts"}],"about":[{"href":"https:\/\/diocesanos.es\/blogs\/planlector\/wp-json\/wp\/v2\/types\/post"}],"author":[{"embeddable":true,"href":"https:\/\/diocesanos.es\/blogs\/planlector\/wp-json\/wp\/v2\/users\/19"}],"replies":[{"embeddable":true,"href":"https:\/\/diocesanos.es\/blogs\/planlector\/wp-json\/wp\/v2\/comments?post=818"}],"version-history":[{"count":0,"href":"https:\/\/diocesanos.es\/blogs\/planlector\/wp-json\/wp\/v2\/posts\/818\/revisions"}],"wp:attachment":[{"href":"https:\/\/diocesanos.es\/blogs\/planlector\/wp-json\/wp\/v2\/media?parent=818"}],"wp:term":[{"taxonomy":"category","embeddable":true,"href":"https:\/\/diocesanos.es\/blogs\/planlector\/wp-json\/wp\/v2\/categories?post=818"},{"taxonomy":"post_tag","embeddable":true,"href":"https:\/\/diocesanos.es\/blogs\/planlector\/wp-json\/wp\/v2\/tags?post=818"}],"curies":[{"name":"wp","href":"https:\/\/api.w.org\/{rel}","templated":true}]}}