{"id":602,"date":"2015-02-23T08:52:22","date_gmt":"2015-02-23T08:52:22","guid":{"rendered":"https:\/\/diocesanos.es\/blogs\/planlector\/?p=602"},"modified":"2015-02-23T14:59:17","modified_gmt":"2015-02-23T14:59:17","slug":"santa-teresa-y-don-quijote-protagonistas","status":"publish","type":"post","link":"https:\/\/diocesanos.es\/blogs\/planlector\/2015\/02\/23\/santa-teresa-y-don-quijote-protagonistas\/","title":{"rendered":"Santa Teresa y Don Quijote, protagonistas"},"content":{"rendered":"<p style=\"text-align: center\">\u00a0<a href=\"https:\/\/diocesanos.es\/blogs\/planlector\/wp-content\/uploads\/sites\/8\/2015\/02\/DSC_0151.jpg\"><img loading=\"lazy\" decoding=\"async\" class=\"alignnone size-medium wp-image-617\" src=\"https:\/\/diocesanos.es\/blogs\/planlector\/wp-content\/uploads\/sites\/8\/2015\/02\/DSC_0151-224x300.jpg\" alt=\"DSC_0151\" width=\"224\" height=\"300\" srcset=\"https:\/\/diocesanos.es\/blogs\/planlector\/wp-content\/uploads\/sites\/8\/2015\/02\/DSC_0151-224x300.jpg 224w, https:\/\/diocesanos.es\/blogs\/planlector\/wp-content\/uploads\/sites\/8\/2015\/02\/DSC_0151-766x1024.jpg 766w, https:\/\/diocesanos.es\/blogs\/planlector\/wp-content\/uploads\/sites\/8\/2015\/02\/DSC_0151-172x230.jpg 172w, https:\/\/diocesanos.es\/blogs\/planlector\/wp-content\/uploads\/sites\/8\/2015\/02\/DSC_0151.jpg 1641w\" sizes=\"auto, (max-width: 224px) 100vw, 224px\" \/><\/a><\/p>\n<p>El Ayuntamiento de \u00c1vila organiza la segunda edici\u00f3n de \u201c100 a\u00f1os en 5 d\u00edas\u201d para conmemorar los centenarios m\u00e1s importantes que se cumplen en este a\u00f1o, 2015. Se trata de una serie de conferencias que tendr\u00e1n lugar del 23 al 27 de Febrero.<\/p>\n<p>Esta edici\u00f3n tendr\u00e1 como protagonistas, entre otros, a dos figuras relevantes durante este curso en nuestro centro:<\/p>\n<ul>\n<li><strong>El V Centenario del nacimiento de Santa Teresa de Jes\u00fas.<\/strong><\/li>\n<\/ul>\n<p style=\"text-align: justify\">\u00a0Presente en la vida del centro desde el inicio del curso y en torno a quien girar\u00e1n los actos de nuestra semana cultural, ser\u00e1 el tema de \u00a0la conferencia que inicia el ciclo, \u00a0a cargo de Francisco Javier Sancho, el lunes 23 de febrero.<\/p>\n<ul>\n<li><strong>IV Centenario de la publicaci\u00f3n de la segunda parte de El Quijote.<\/strong><\/li>\n<\/ul>\n<p style=\"text-align: justify\">El 25 de febrero, Jos\u00e9 Emilio D\u00edez Ferrer, profesor de Literatura del IES Vasco de la Zarza, nos acercar\u00e1 a la obra de Cervantes; eje vertebrador de nuestra semana de la lectura.<\/p>\n<p style=\"text-align: justify\">Todas las conferencias tendr\u00e1n lugar en el Episcopio a las ocho de la tarde y se podr\u00e1 acceder gratuitamente.<\/p>\n<p style=\"text-align: right\"><span style=\"color: #0000ff\"><a style=\"color: #0000ff\" href=\"http:\/\/www.avila.es\/areas-destacadas\/cultura-y-ocio\/item\/1835-100-anos-en-5-dias\" target=\"_blank\">Consultar programa completo<\/a><\/span><\/p>\n","protected":false},"excerpt":{"rendered":"<p>\u00a0 El Ayuntamiento de \u00c1vila organiza la segunda edici\u00f3n de \u201c100 a\u00f1os en 5 d\u00edas\u201d para conmemorar los centenarios m\u00e1s importantes que se cumplen en este a\u00f1o, 2015. Se trata de una serie de conferencias que tendr\u00e1n lugar del 23 al 27 de Febrero. Esta edici\u00f3n tendr\u00e1 como protagonistas, entre otros, a dos figuras relevantes [&hellip;]<\/p>\n","protected":false},"author":19,"featured_media":0,"comment_status":"closed","ping_status":"closed","sticky":false,"template":"","format":"standard","meta":{"footnotes":""},"categories":[21,1],"tags":[],"class_list":["post-602","post","type-post","status-publish","format-standard","hentry","category-noticias","category-sin-categoria"],"_links":{"self":[{"href":"https:\/\/diocesanos.es\/blogs\/planlector\/wp-json\/wp\/v2\/posts\/602","targetHints":{"allow":["GET"]}}],"collection":[{"href":"https:\/\/diocesanos.es\/blogs\/planlector\/wp-json\/wp\/v2\/posts"}],"about":[{"href":"https:\/\/diocesanos.es\/blogs\/planlector\/wp-json\/wp\/v2\/types\/post"}],"author":[{"embeddable":true,"href":"https:\/\/diocesanos.es\/blogs\/planlector\/wp-json\/wp\/v2\/users\/19"}],"replies":[{"embeddable":true,"href":"https:\/\/diocesanos.es\/blogs\/planlector\/wp-json\/wp\/v2\/comments?post=602"}],"version-history":[{"count":0,"href":"https:\/\/diocesanos.es\/blogs\/planlector\/wp-json\/wp\/v2\/posts\/602\/revisions"}],"wp:attachment":[{"href":"https:\/\/diocesanos.es\/blogs\/planlector\/wp-json\/wp\/v2\/media?parent=602"}],"wp:term":[{"taxonomy":"category","embeddable":true,"href":"https:\/\/diocesanos.es\/blogs\/planlector\/wp-json\/wp\/v2\/categories?post=602"},{"taxonomy":"post_tag","embeddable":true,"href":"https:\/\/diocesanos.es\/blogs\/planlector\/wp-json\/wp\/v2\/tags?post=602"}],"curies":[{"name":"wp","href":"https:\/\/api.w.org\/{rel}","templated":true}]}}