{"id":305,"date":"2015-02-10T09:50:56","date_gmt":"2015-02-10T09:50:56","guid":{"rendered":"https:\/\/diocesanos.es\/blogs\/planlector\/?p=305"},"modified":"2015-02-07T10:06:37","modified_gmt":"2015-02-07T10:06:37","slug":"lectura-y-neurociencia","status":"publish","type":"post","link":"https:\/\/diocesanos.es\/blogs\/planlector\/2015\/02\/10\/lectura-y-neurociencia\/","title":{"rendered":"Lectura y Neurociencia"},"content":{"rendered":"<p><img decoding=\"async\" class=\" aligncenter\" src=\"http:\/\/www.lecturalab.org\/userfiles\/reading-your-mind_post.jpg\" alt=\"\" \/><\/p>\n<p style=\"text-align: justify\"><strong>Tisp \/ LecturaLab<\/strong> edita el dosier <a href=\"https:\/\/flipboard.com\/section\/lectura-y-neurociencia-bOde1v\" target=\"_blank\"><strong>Lectura y Neurociencia<\/strong><\/a>\u00a0que, desde perspectivas diversas, ilustra las sorprendentes conexiones existentes entre lo que leemos y el modo en que lo hacemos con el funcionamiento y los efectos de la actividad cerebral implicada en el proceso de lectura.<\/p>\n<p style=\"text-align: justify\">El desarrollo de la Neurociencia, especialmente en los \u00faltimos a\u00f1os y gracias al impulso que le ha dado la tecnolog\u00eda, ha permitido profundizar en la comprensi\u00f3n de los mecanismos mentales sobre los que se articulan los procesos del aprendizaje humano.<\/p>\n<p style=\"text-align: justify\">En este sentido, las aportaciones realizadas por investigaciones recientes constituyen un material de enorme valor para la redefinici\u00f3n de las pautas y recursos que se aplican en los sistemas de ense\u00f1anza, cuya implantaci\u00f3n contribuir\u00eda sin duda a mejorar algunas de las estrategias y modelos educativos actuales.<\/p>\n<p style=\"text-align: justify\"><!--more--><\/p>\n<p style=\"text-align: justify\">La conexi\u00f3n entre lectura y Neurociencia est\u00e1 impl\u00edcita en el hecho de que la segunda es parte esencial de los cimientos sobre los que se apoyan y evolucionan los aprendizajes. Hoy, con los cambios que lo digital est\u00e1 generando en los modos y los instrumentos empleados para leer, escribir y comunicarnos son numerosos los estudios que indagan sobre la especificidad de los mecanismos cerebrales que activa el acto de la lectura, muy diversos e incluso distintos dependiendo del tipo de libro que se tenga entre manos, como lo son las sensaciones y efectos que esa lectura provoca.<\/p>\n<p>Tambi\u00e9n sabemos m\u00e1s de los procesos de comprensi\u00f3n lectora y las formas en que el nuevo lector digital percibe y asimila la informaci\u00f3n, las historias y los conceptos a los que accede a trav\u00e9s de los dispositivos tecnol\u00f3gicos.<\/p>\n<p style=\"text-align: justify\">De estos aspectos y otros conexos tratan los contenidos de este nuevo dosier TISP \/ LecturaLab, que ofrece un limitado pero interesante conjunto de referencias rescatadas de fuentes diversas.<\/p>\n","protected":false},"excerpt":{"rendered":"<p>Tisp \/ LecturaLab edita el dosier Lectura y Neurociencia\u00a0que, desde perspectivas diversas, ilustra las sorprendentes conexiones existentes entre lo que leemos y el modo en que lo hacemos con el funcionamiento y los efectos de la actividad cerebral implicada en el proceso de lectura. El desarrollo de la Neurociencia, especialmente en los \u00faltimos a\u00f1os y [&hellip;]<\/p>\n","protected":false},"author":19,"featured_media":0,"comment_status":"closed","ping_status":"closed","sticky":false,"template":"","format":"standard","meta":{"footnotes":""},"categories":[21,1],"tags":[],"class_list":["post-305","post","type-post","status-publish","format-standard","hentry","category-noticias","category-sin-categoria"],"_links":{"self":[{"href":"https:\/\/diocesanos.es\/blogs\/planlector\/wp-json\/wp\/v2\/posts\/305","targetHints":{"allow":["GET"]}}],"collection":[{"href":"https:\/\/diocesanos.es\/blogs\/planlector\/wp-json\/wp\/v2\/posts"}],"about":[{"href":"https:\/\/diocesanos.es\/blogs\/planlector\/wp-json\/wp\/v2\/types\/post"}],"author":[{"embeddable":true,"href":"https:\/\/diocesanos.es\/blogs\/planlector\/wp-json\/wp\/v2\/users\/19"}],"replies":[{"embeddable":true,"href":"https:\/\/diocesanos.es\/blogs\/planlector\/wp-json\/wp\/v2\/comments?post=305"}],"version-history":[{"count":0,"href":"https:\/\/diocesanos.es\/blogs\/planlector\/wp-json\/wp\/v2\/posts\/305\/revisions"}],"wp:attachment":[{"href":"https:\/\/diocesanos.es\/blogs\/planlector\/wp-json\/wp\/v2\/media?parent=305"}],"wp:term":[{"taxonomy":"category","embeddable":true,"href":"https:\/\/diocesanos.es\/blogs\/planlector\/wp-json\/wp\/v2\/categories?post=305"},{"taxonomy":"post_tag","embeddable":true,"href":"https:\/\/diocesanos.es\/blogs\/planlector\/wp-json\/wp\/v2\/tags?post=305"}],"curies":[{"name":"wp","href":"https:\/\/api.w.org\/{rel}","templated":true}]}}