{"id":264,"date":"2015-01-31T08:47:29","date_gmt":"2015-01-31T08:47:29","guid":{"rendered":"https:\/\/diocesanos.es\/blogs\/planlector\/?p=264"},"modified":"2015-02-06T14:29:10","modified_gmt":"2015-02-06T14:29:10","slug":"15-recursos-para-acercar-el-quijote-a-los-alumnos","status":"publish","type":"post","link":"https:\/\/diocesanos.es\/blogs\/planlector\/2015\/01\/31\/15-recursos-para-acercar-el-quijote-a-los-alumnos\/","title":{"rendered":"15 recursos para acercar El Quijote a los alumnos"},"content":{"rendered":"<p style=\"text-align: justify\"><span class=\"first-child\"><strong class=\"last-child first-child\"><a class=\"first-child\" href=\"http:\/\/www.educaciontrespuntocero.com\/wp-content\/uploads\/2015\/01\/Don-Quijote-150x150.jpg\"><img loading=\"lazy\" decoding=\"async\" class=\"alignright  wp-image-23857 last-child first-child\" src=\"http:\/\/www.educaciontrespuntocero.com\/wp-content\/uploads\/2015\/01\/Don-Quijote-150x150.jpg\" alt=\"Don Quijote Santilana y RAE\" width=\"169\" height=\"169\" \/><\/a><\/strong><\/span><span class=\"first-child\"><strong class=\"last-child first-child\"><a class=\"last-child\" href=\"http:\/\/www.rae.es\/obras-academicas\/obras-literarias-e-historicas\/el-quijote-popular-y-escolar\" target=\"_blank\">Nueva edici\u00f3n de \u2018El Quijote\u2019 para uso escolar:<\/a><\/strong><\/span> la\u00a0Real Academia Espa\u00f1ola\u00a0rinde homenaje al \u2018Quijote\u2019 acad\u00e9mico de 1780 con esta edici\u00f3n popular de\u00a0\u2018El\u00a0ingenioso hidalgo don Quijote de la Mancha\u2019, que ha sido adaptada para uso escolar por Arturo P\u00e9rez-Reverte\u00a0\u00a0y publicada por\u00a0<span class=\"last-child\"><strong class=\"last-child first-child\"><a class=\"last-child first-child\" href=\"http:\/\/www.santillana.es\/es\/noticias\/el-quijote-popular-y-escolar-editado-por-la-rae-y-santillana-y-adaptado-por-arturo-perez-reverte\/\" target=\"_blank\">Santillana<\/a><\/strong><\/span>. Esta nueva edici\u00f3n ofrece por vez primera una lectura lineal de la trama central de la novela cervantina, respetando\u00a0la integridad del texto, los episodios fundamentales, y el tono y la estructura general de la obra.<\/p>\n<p style=\"text-align: justify\"><span class=\"first-child\"><strong class=\"last-child first-child\"><a class=\"first-child\" href=\"http:\/\/www.educaciontrespuntocero.com\/wp-content\/uploads\/2015\/01\/proyecto-colaborativo-copia.jpg\"><img loading=\"lazy\" decoding=\"async\" class=\"alignleft  wp-image-23858 last-child first-child\" src=\"http:\/\/www.educaciontrespuntocero.com\/wp-content\/uploads\/2015\/01\/proyecto-colaborativo-copia-300x175.jpg\" alt=\"proyecto colaborativo copia\" width=\"257\" height=\"150\" \/><\/a><a class=\"last-child\" href=\"http:\/\/quijote2015.blogspot.com.es\/2015\/01\/proyecto-colaborativo-segunda-parte-del.html\" target=\"_blank\">Proyecto colaborativo II parte del Quijote con las TIC<\/a><\/strong><\/span>: Desde el proyecto colaborativo<a href=\"http:\/\/logiva1.wix.com\/librosigloxxi\/\">\u00a0<strong class=\"last-child first-child\"><span class=\"last-child first-child\">Libros del Siglo XXI<\/span><\/strong><\/a><strong><span class=\"last-child first-child\">\u00a0<\/span><\/strong>desean conmemorar\u00a0el 400\u00ba \u00a0aniversario de la edici\u00f3n de la II parte del Quijote,\u00a0con un nuevo proyecto colaborativo \u2018II Parte del Quijote\u00a0\u00a0con las TIC\u2019\u00a0. Este proyecto ir\u00e1 en la misma l\u00ednea que los anteriores (<strong><span class=\"last-child first-child\"><a class=\"first-child\" href=\"https:\/\/sites.google.com\/site\/pclibrovirtual\/\">Lorca,<\/a>\u00a0<a class=\"last-child\" href=\"http:\/\/logiva1.wix.com\/pcilv-gloriafuertes-\">Gloria<\/a><\/span><\/strong>\u00a0y<a class=\"last-child\" href=\"http:\/\/logiva1.wix.com\/platero-y-yo\">\u00a0<span class=\"last-child first-child\"><strong class=\"last-child first-child\">Platero<\/strong><\/span><\/a>),\u00a0 utilizando Ourscrapbook, un software libre para la elaboraci\u00f3n de libros virtuales donde el alumnado, el profesorado y las familias puedan publicar sin necesidad de registrarse.<\/p>\n<p style=\"text-align: justify\"><!--more--><\/p>\n<p style=\"text-align: justify\"><a class=\"first-child\" href=\"http:\/\/www.educaciontrespuntocero.com\/wp-content\/uploads\/2015\/01\/el-quijote-contado-a-los-ni%C3%B1os.jpg\"><img loading=\"lazy\" decoding=\"async\" class=\"alignright  wp-image-23859 last-child first-child\" src=\"http:\/\/www.educaciontrespuntocero.com\/wp-content\/uploads\/2015\/01\/el-quijote-contado-a-los-ni%C3%B1os-230x300.jpg\" alt=\"el quijote contado a los ni\u00f1os\" width=\"111\" height=\"175\" \/><\/a><strong class=\"last-child\"><span class=\"last-child first-child\"><a class=\"last-child first-child\" href=\"http:\/\/www.edebe.es\/publicaciones-generales\/libro-el-quijote-contado-a-los-ninos=1859=1=72%20\" target=\"_blank\">\u2018El Quijote contado a los ni\u00f1os\u2019<\/a><\/span><\/strong>: este libro escrito por Rosa Navarro, y cuyas ilustraciones son obra\u00a0de Francesc Rovira, tiene como objetivo acercar este cl\u00e1sico a los alumnos de Educaci\u00f3n Primaria. Editada por edeb\u00e9, esta novela est\u00e1 llena de divertidas aventuras, de sue\u00f1os y de magia, de ense\u00f1anzas y lecciones\u2026 Tambi\u00e9n est\u00e1 disponible una versi\u00f3n para eBook.<\/p>\n<p style=\"text-align: justify\"><a class=\"first-child\" href=\"http:\/\/www.educaciontrespuntocero.com\/wp-content\/uploads\/2015\/01\/quijote-tv.jpg\"><img loading=\"lazy\" decoding=\"async\" class=\"alignleft  wp-image-23860 last-child first-child\" src=\"http:\/\/www.educaciontrespuntocero.com\/wp-content\/uploads\/2015\/01\/quijote-tv-300x184.jpg\" alt=\"quijote tv\" width=\"253\" height=\"155\" \/><\/a><a href=\"http:\/\/www.quijote.tv\/\" target=\"_blank\"><strong class=\"last-child first-child\"><span class=\"last-child first-child\">Serie de televisi\u00f3n Don Quijote de la Mancha:<\/span><\/strong> <\/a>emitida por TVE en 1979, esta serie de televisi\u00f3n de dibujos animados est\u00e1 basada en esta obra maestra de la literatura universal. Gracias al \u00e9xito que tuvo entre p\u00fablico de la \u00e9poca gracias a la claridad de los dibujos y a su fluida narraci\u00f3n, fue transmitida en un gran n\u00famero de pa\u00edses de Am\u00e9rica, Asia y Europa. En su <strong class=\"last-child\"><span class=\"last-child first-child\"><a class=\"last-child first-child\" href=\"https:\/\/www.youtube.com\/user\/SRG1962\" target=\"_blank\">canal de YouTube<\/a><\/span><\/strong> pueden visualizarse algunos de sus cap\u00edtulos.<\/p>\n<p style=\"text-align: justify\"><a class=\"first-child\" href=\"http:\/\/www.educaciontrespuntocero.com\/wp-content\/uploads\/2015\/01\/actividades-el-quijote.jpg\"><img loading=\"lazy\" decoding=\"async\" class=\"alignleft size-thumbnail wp-image-23861 last-child first-child\" src=\"http:\/\/www.educaciontrespuntocero.com\/wp-content\/uploads\/2015\/01\/actividades-el-quijote-150x150.jpg\" alt=\"actividades el quijote\" width=\"150\" height=\"150\" \/><\/a><strong class=\"last-child\"><span class=\"last-child first-child\"><a class=\"last-child first-child\" href=\"http:\/\/www.gobiernodecanarias.org\/educacion\/5\/DGOIE\/PublicaCE\/docsup\/LibroElQuijote_en_el_mundo.pdf\" target=\"_blank\">Actividades El Quijote en el mundo:<\/a><\/span><\/strong> la web de la Consejer\u00eda de Educaci\u00f3n del Gobierno de Canaria pone a disposici\u00f3n de docentes, alumnos y familias este PDF que incluye actividades complementarias y extraescolares sobre la obra de \u2018El Quijote\u2019 dirigidas todos los niveles educativos: Infantil, Primaria, Secundaria y Bachillerato.<\/p>\n<p style=\"text-align: justify\"><strong class=\"last-child first-child\"><a class=\"first-child\" href=\"http:\/\/larebeliondelmandilon.blogspot.com.es\/2014\/05\/un-lugar-de-la-mancha.html\"><img loading=\"lazy\" decoding=\"async\" class=\"alignright wp-image-18402 last-child first-child\" src=\"http:\/\/www.educaciontrespuntocero.com\/wp-content\/uploads\/2014\/05\/Un-lugar-de-la-Mancha-300x185.jpg\" alt=\"Un lugar de la Mancha\" width=\"231\" height=\"139\" \/><\/a><a class=\"last-child\" href=\"http:\/\/larebeliondelmandilon.blogspot.com.es\/2014\/05\/un-lugar-de-la-mancha.html\" target=\"_blank\"><span class=\"last-child first-child\"><span class=\"first-child\">Un lugar de la Mancha: <\/span><span class=\"last-child\">Carla Men\u00e9ndez <\/span><\/span><\/a><\/strong>es una maestra asturiana de Infantil que ha llevado a cabo con sus alumnos de tres a\u00f1os una pel\u00edcula sobre El Quijote. Men\u00e9ndez explica en su blog c\u00f3mo ha sido la experiencia: \u201d Fueron\u00a0dos meses largos de mucho esfuerzo, pero mereci\u00f3 la pena. Muchas veces no sabemos todo lo que hay detr\u00e1s de unos minutos de exposici\u00f3n: saber presentar una historia, caracterizaci\u00f3n de los personajes, preparaci\u00f3n de los materiales, aprendizaje del texto, ensayos o simples imprevistos que vas encontrando durante el desarrollo del trabajo\u201d.<\/p>\n<p style=\"text-align: justify\"><strong class=\"first-child\"><a class=\"first-child\" href=\"http:\/\/www.educaciontrespuntocero.com\/wp-content\/uploads\/2014\/05\/El-Quijote-en-el-aula.jpg\"><img loading=\"lazy\" decoding=\"async\" class=\"alignleft  wp-image-18403 last-child first-child\" src=\"http:\/\/www.educaciontrespuntocero.com\/wp-content\/uploads\/2014\/05\/El-Quijote-en-el-aula-300x218.jpg\" alt=\"El Quijote en el aula\" width=\"219\" height=\"159\" \/><\/a><span class=\"last-child\"><a class=\"last-child first-child\" href=\"http:\/\/cvc.cervantes.es\/ensenanza\/quijote_aula\/\" target=\"_blank\"><span class=\"last-child first-child\">El Quijote en el aula:<\/span><\/a><\/span> <\/strong>Este proyecto del <strong><span class=\"last-child first-child\"><a class=\"last-child first-child\" href=\"http:\/\/www.educaciontrespuntocero.com\/noticias\/comienza-tour-pop-emprendedores-de-fundacion-telefonica-ayuda-emprender-los-jovenes\/17299.html\" target=\"_blank\"><span class=\"last-child first-child\">Centro Virtual Cervantes<\/span><\/a><\/span><\/strong>, destinado a profesores de espa\u00f1ol como lengua no nativa, tiene como finalidad profundizar en la interacci\u00f3n entre la lengua y la cultura mediante la lectura del texto cervantino a partir de material aut\u00e9ntico y no de versiones adaptadas. As\u00ed, se convierte en un instrumento para los docentes de espa\u00f1ol para la construcci\u00f3n de las competencias literarias, culturales, discursivas y l\u00e9xico-gramaticales. A trav\u00e9s del\u00a0<strong class=\"last-child\"><span class=\"last-child first-child\"><a class=\"last-child first-child\" href=\"http:\/\/cvc.cervantes.es\/debates\/debates.asp?vdeb=36\" target=\"_blank\"><span class=\"last-child first-child\">debate creado para este proyecto<\/span><\/a><\/span><\/strong>, el profesor podr\u00e1 comentar esta propuesta e intercambiar ideas con otros docentes que la hayan aplicado en sus clases.<\/p>\n<p style=\"text-align: justify\"><strong class=\"last-child first-child\"><a class=\"first-child\" href=\"http:\/\/www.educaciontrespuntocero.com\/wp-content\/uploads\/2014\/05\/Las-Aventuras-de-Don-Quijote-de-ToC-.jpg\"><img loading=\"lazy\" decoding=\"async\" class=\"alignright  wp-image-18404 last-child first-child\" src=\"http:\/\/www.educaciontrespuntocero.com\/wp-content\/uploads\/2014\/05\/Las-Aventuras-de-Don-Quijote-de-ToC--300x225.jpg\" alt=\"Las Aventuras de Don Quijote de ToC\" width=\"237\" height=\"178\" \/><\/a><span class=\"last-child\"><a class=\"last-child first-child\" href=\"https:\/\/itunes.apple.com\/es\/app\/las-aventuras-de-don-quijote\/id519018214?mt=8\" target=\"_blank\"><span class=\"last-child first-child\">Las Aventuras de Don Quijote de ToC:<\/span><\/a><\/span><\/strong>Disponible para los dispositivos con sistema operativo iOS, esta divertida y pedag\u00f3gica app permite a los alumnos conocer este cl\u00e1sico universal adaptado al p\u00fablico infantil. Con textos en ingl\u00e9s y espa\u00f1ol, ofrece narraciones grabadas por actores, m\u00fasica original, elementos y juegos interactivos, juegos para colorear, dibujar y pintar, puzzles y una opci\u00f3n para grabar una versi\u00f3n propia.<\/p>\n<p style=\"text-align: justify\"><a class=\"first-child\" href=\"http:\/\/www.educaciontrespuntocero.com\/wp-content\/uploads\/2014\/05\/Aprox-did%C3%A1ctica-al-Quijote.jpg\"><img loading=\"lazy\" decoding=\"async\" class=\"alignleft  wp-image-18405 last-child first-child\" src=\"http:\/\/www.educaciontrespuntocero.com\/wp-content\/uploads\/2014\/05\/Aprox-did%C3%A1ctica-al-Quijote-300x282.jpg\" alt=\"Aproximaci\u00f3n did\u00e1ctica al Quijote\" width=\"161\" height=\"151\" \/><\/a><strong class=\"last-child\"><a class=\"last-child first-child\" href=\"http:\/\/www.juntadeandalucia.es\/averroes\/quijote\/contenidos\/actividades.htm\" target=\"_blank\"><span class=\"last-child first-child\">Aproximaci\u00f3n did\u00e1ctica al Quijote:<\/span> <\/a><\/strong>En esta p\u00e1gina web creada por la Junta de Andaluc\u00eda los alumnos encontrar\u00e1n toda una lista de ejercicios sobre Miguel de Cervantes y El Quijote. Asimismo, tras la lectura del libro, podr\u00e1n ordenar frases, relacionar personajes y responder preguntas, entre otras opciones.<\/p>\n<p style=\"text-align: justify\"><a class=\"last-child first-child\" href=\"http:\/\/www.educaciontrespuntocero.com\/wp-content\/uploads\/2014\/05\/Aprende-y-divi%C3%A9rtete-con-El-Quijote.jpg\"><img loading=\"lazy\" decoding=\"async\" class=\"alignright  wp-image-18406 last-child first-child\" src=\"http:\/\/www.educaciontrespuntocero.com\/wp-content\/uploads\/2014\/05\/Aprende-y-divi%C3%A9rtete-con-El-Quijote-300x219.jpg\" alt=\"Aprende y divi\u00e9rtete con El Quijote\" width=\"246\" height=\"180\" \/><\/a><\/p>\n<p style=\"text-align: justify\"><strong class=\"first-child\"><span class=\"last-child first-child\"><a class=\"last-child first-child\" href=\"http:\/\/www.juntadeandalucia.es\/averroes\/carambolo\/WEB%20JCLIC2\/Agrega\/Lengua\/Quijote\/aprende_diviertete_quijote\/escritorio.htm\" target=\"_blank\"><span class=\"last-child first-child\">Aprende y divi\u00e9rtete con Don Quijote: <\/span><\/a><\/span><\/strong>Con este portal del <a class=\"last-child\" href=\"http:\/\/www.ite.educacion.es\/es\/intef\" target=\"_blank\"><strong class=\"last-child first-child\"><span class=\"first-child\">I<\/span><span class=\"last-child\"><strong class=\"last-child first-child\">N<\/strong>TEF <\/span><\/strong><\/a>los alumnos del primer y segundo ciclo de Primaria podr\u00e1n trabajar tanto temas de Lengua como de Matem\u00e1ticas en compa\u00f1\u00eda de El Quijote y Sancho Panza. Adem\u00e1s, ofrece cuatro aventuras interactivas de este hidalgo que el alumnado podr\u00e1 visualizar antes de realizar las actividades.<\/p>\n<p style=\"text-align: justify\"><strong class=\"last-child first-child\">\u00a0<\/strong><\/p>\n<p style=\"text-align: justify\"><strong class=\"first-child\"><a class=\"first-child\" href=\"http:\/\/www.educaciontrespuntocero.com\/wp-content\/uploads\/2014\/05\/Junta.jpg\"><img loading=\"lazy\" decoding=\"async\" class=\"alignleft wp-image-17828 last-child first-child\" src=\"http:\/\/www.educaciontrespuntocero.com\/wp-content\/uploads\/2014\/05\/Junta-300x222.jpg\" alt=\"Junta de Castilla y Le\u00f3n\" width=\"228\" height=\"169\" \/><\/a><span class=\"last-child\"><a class=\"last-child first-child\" href=\"http:\/\/www.educa.jcyl.es\/educacyl\/cm\/gallery\/Recursos%20Infinity\/tematicas\/webquijote\/index.html\" target=\"_blank\"><span class=\"last-child first-child\">Web de Don Quijote de la Junta de Castilla y Le\u00f3n:<\/span><\/a><\/span><\/strong>Leer, escuchar y<br class=\"last-child\" \/>descargar el libro, realizar actividades relacionadas con su contenido (tests, crucigramas, sopas de letras\u2026), conocer m\u00e1s sobre Don Quijote y otros\u00a0protagonistas, un diccionario con t\u00e9rminos que aparecen en la obra\u2026 \u00c9stas son algunas de las\u00a0opciones que ofrece este portal de la Junta de Castilla y Le\u00f3n dedicado a esta obra de Cervantes.<\/p>\n<p style=\"text-align: justify\"><strong class=\"last-child first-child\"><a class=\"last-child first-child\" href=\"http:\/\/www.educaciontrespuntocero.com\/wp-content\/uploads\/2014\/05\/quijote_app5.jpg\"><img loading=\"lazy\" decoding=\"async\" class=\"alignright wp-image-17829 last-child first-child\" src=\"http:\/\/www.educaciontrespuntocero.com\/wp-content\/uploads\/2014\/05\/quijote_app5-300x200.jpg\" alt=\"quijote_app5\" width=\"242\" height=\"161\" \/><\/a><\/strong><\/p>\n<p style=\"text-align: justify\"><a class=\"first-child\" title=\"Las aventuras de Don Quijote\" href=\"https:\/\/itunes.apple.com\/es\/app\/las-aventuras-don-quijote\/id519018214?mt=8%20\" target=\"_blank\"><strong class=\"last-child first-child\"><span class=\"last-child first-child\">Las aventuras de Don Quijote: <\/span><\/strong><\/a><span class=\"last-child first-child\">D<\/span>isponible tanto para <strong><span class=\"last-child first-child\"><a class=\"last-child first-child\" href=\"https:\/\/play.google.com\/store\/apps\/details?id=com.lasaventurasdedonquijote&amp;hl=es\" target=\"_blank\"><span class=\"last-child first-child\">Android<\/span><\/a> <\/span><\/strong>como <strong><span class=\"last-child first-child\"><a class=\"last-child first-child\" href=\"https:\/\/itunes.apple.com\/es\/app\/las-aventuras-don-quijote\/id519018214?mt=8%20\" target=\"_blank\"><span class=\"last-child first-child\">iOs<\/span><\/a><\/span><\/strong>, esta app se presenta en forma de un divertido cuento. Los alumnos pueden interactuar con elementos y personajes de la historia a trav\u00e9s de las ilustraciones, as\u00ed como enfrentarse a diversos acertijos, juegos\u00a0para colorear, dibujar y pintar,\u00a0y puzzles que hacen m\u00e1s entretenido para ni\u00f1os el acercamiento a la historia por medio de la\u00a0gamificaci\u00f3n. Adem\u00e1s,<strong class=\"last-child\">\u00a0<\/strong>los textos se encuentran en ingl\u00e9s y en espa\u00f1ol.<\/p>\n","protected":false},"excerpt":{"rendered":"<p>Nueva edici\u00f3n de \u2018El Quijote\u2019 para uso escolar: la\u00a0Real Academia Espa\u00f1ola\u00a0rinde homenaje al \u2018Quijote\u2019 acad\u00e9mico de 1780 con esta edici\u00f3n popular de\u00a0\u2018El\u00a0ingenioso hidalgo don Quijote de la Mancha\u2019, que ha sido adaptada para uso escolar por Arturo P\u00e9rez-Reverte\u00a0\u00a0y publicada por\u00a0Santillana. Esta nueva edici\u00f3n ofrece por vez primera una lectura lineal de la trama central de [&hellip;]<\/p>\n","protected":false},"author":19,"featured_media":0,"comment_status":"closed","ping_status":"closed","sticky":false,"template":"","format":"standard","meta":{"footnotes":""},"categories":[18,1],"tags":[],"class_list":["post-264","post","type-post","status-publish","format-standard","hentry","category-t-i-c","category-sin-categoria"],"_links":{"self":[{"href":"https:\/\/diocesanos.es\/blogs\/planlector\/wp-json\/wp\/v2\/posts\/264","targetHints":{"allow":["GET"]}}],"collection":[{"href":"https:\/\/diocesanos.es\/blogs\/planlector\/wp-json\/wp\/v2\/posts"}],"about":[{"href":"https:\/\/diocesanos.es\/blogs\/planlector\/wp-json\/wp\/v2\/types\/post"}],"author":[{"embeddable":true,"href":"https:\/\/diocesanos.es\/blogs\/planlector\/wp-json\/wp\/v2\/users\/19"}],"replies":[{"embeddable":true,"href":"https:\/\/diocesanos.es\/blogs\/planlector\/wp-json\/wp\/v2\/comments?post=264"}],"version-history":[{"count":0,"href":"https:\/\/diocesanos.es\/blogs\/planlector\/wp-json\/wp\/v2\/posts\/264\/revisions"}],"wp:attachment":[{"href":"https:\/\/diocesanos.es\/blogs\/planlector\/wp-json\/wp\/v2\/media?parent=264"}],"wp:term":[{"taxonomy":"category","embeddable":true,"href":"https:\/\/diocesanos.es\/blogs\/planlector\/wp-json\/wp\/v2\/categories?post=264"},{"taxonomy":"post_tag","embeddable":true,"href":"https:\/\/diocesanos.es\/blogs\/planlector\/wp-json\/wp\/v2\/tags?post=264"}],"curies":[{"name":"wp","href":"https:\/\/api.w.org\/{rel}","templated":true}]}}