{"id":1627,"date":"2015-06-23T12:19:57","date_gmt":"2015-06-23T12:19:57","guid":{"rendered":"https:\/\/diocesanos.es\/blogs\/planlector\/?p=1627"},"modified":"2015-08-08T12:18:01","modified_gmt":"2015-08-08T12:18:01","slug":"feliz-verano-y-feliz-lectura","status":"publish","type":"post","link":"https:\/\/diocesanos.es\/blogs\/planlector\/2015\/06\/23\/feliz-verano-y-feliz-lectura\/","title":{"rendered":"\u00a1FELIZ VERANO Y FELIZ LECTURA!"},"content":{"rendered":"<p style=\"text-align: justify\">Se acaba el curso, comienzan las vacaciones y es buen momento para retomar esas lecturas que tenemos pendientes por falta de tiempo.<\/p>\n<p style=\"text-align: justify\">Estas vacaciones hazle un hueco en tu tiempo a los libros. Da igual donde: en la piscina, en la playa, en la monta\u00f1a&#8230; lleva siempre una buena historia bajo el brazo para que te acompa\u00f1e y cultive tu mente. Qu\u00e9 mejor que un buen libro a la sombra, en el reposo de la tarde, sintiendo que el mundo se para que podamos disfrutar de las aventuras, las vidas, las reflexiones, los sue\u00f1os que nos regalan los escritores que son los magos que ayudan a que la imaginaci\u00f3n no se oxide\u2026<\/p>\n<p style=\"text-align: justify\"><a href=\"https:\/\/diocesanos.es\/blogs\/planlector\/wp-content\/uploads\/sites\/8\/2015\/06\/images.jpg\"><img loading=\"lazy\" decoding=\"async\" class=\" size-full wp-image-1628 aligncenter\" src=\"https:\/\/diocesanos.es\/blogs\/planlector\/wp-content\/uploads\/sites\/8\/2015\/06\/images.jpg\" alt=\"images\" width=\"259\" height=\"194\" \/><\/a><\/p>\n<p style=\"text-align: justify\"><span style=\"color: #000000\">Desde el Plan de Lectura del Centro queremos dar las gracias a todos los lectores que nos hab\u00e9is acompa\u00f1ado durante este curso y desearos un feliz verano. Esperamos veros en octubre.<\/span><\/p>\n<div style=\"text-align: center\"><span style=\"color: #ff0000\">\u00a1\u00a1\u00a1\u00a1\u00a1FELIZ VERANO!!!!!<\/span><\/div>\n<div style=\"text-align: center\"><span style=\"color: #0000ff\">\u00a1\u00a1\u00a1\u00a1\u00a1FELICES LECTURAS!!!!!\u00a0<\/span><\/div>\n","protected":false},"excerpt":{"rendered":"<p>Se acaba el curso, comienzan las vacaciones y es buen momento para retomar esas lecturas que tenemos pendientes por falta de tiempo. Estas vacaciones hazle un hueco en tu tiempo a los libros. Da igual donde: en la piscina, en la playa, en la monta\u00f1a&#8230; lleva siempre una buena historia bajo el brazo para que [&hellip;]<\/p>\n","protected":false},"author":19,"featured_media":0,"comment_status":"closed","ping_status":"closed","sticky":false,"template":"","format":"standard","meta":{"footnotes":""},"categories":[1],"tags":[],"class_list":["post-1627","post","type-post","status-publish","format-standard","hentry","category-sin-categoria"],"_links":{"self":[{"href":"https:\/\/diocesanos.es\/blogs\/planlector\/wp-json\/wp\/v2\/posts\/1627","targetHints":{"allow":["GET"]}}],"collection":[{"href":"https:\/\/diocesanos.es\/blogs\/planlector\/wp-json\/wp\/v2\/posts"}],"about":[{"href":"https:\/\/diocesanos.es\/blogs\/planlector\/wp-json\/wp\/v2\/types\/post"}],"author":[{"embeddable":true,"href":"https:\/\/diocesanos.es\/blogs\/planlector\/wp-json\/wp\/v2\/users\/19"}],"replies":[{"embeddable":true,"href":"https:\/\/diocesanos.es\/blogs\/planlector\/wp-json\/wp\/v2\/comments?post=1627"}],"version-history":[{"count":0,"href":"https:\/\/diocesanos.es\/blogs\/planlector\/wp-json\/wp\/v2\/posts\/1627\/revisions"}],"wp:attachment":[{"href":"https:\/\/diocesanos.es\/blogs\/planlector\/wp-json\/wp\/v2\/media?parent=1627"}],"wp:term":[{"taxonomy":"category","embeddable":true,"href":"https:\/\/diocesanos.es\/blogs\/planlector\/wp-json\/wp\/v2\/categories?post=1627"},{"taxonomy":"post_tag","embeddable":true,"href":"https:\/\/diocesanos.es\/blogs\/planlector\/wp-json\/wp\/v2\/tags?post=1627"}],"curies":[{"name":"wp","href":"https:\/\/api.w.org\/{rel}","templated":true}]}}