{"id":1126,"date":"2015-04-16T06:04:05","date_gmt":"2015-04-16T06:04:05","guid":{"rendered":"https:\/\/diocesanos.es\/blogs\/planlector\/?p=1126"},"modified":"2015-04-16T06:05:23","modified_gmt":"2015-04-16T06:05:23","slug":"iv-concurso-de-ortografia-de-primaria-20142015","status":"publish","type":"post","link":"https:\/\/diocesanos.es\/blogs\/planlector\/2015\/04\/16\/iv-concurso-de-ortografia-de-primaria-20142015\/","title":{"rendered":"IV Concurso de ortograf\u00eda de primaria 2014\/2015"},"content":{"rendered":"<p><a href=\"https:\/\/diocesanos.es\/blogs\/planlector\/wp-content\/uploads\/sites\/8\/2015\/04\/logogrande.jpg\"><img loading=\"lazy\" decoding=\"async\" class=\"  wp-image-1127 alignleft\" src=\"https:\/\/diocesanos.es\/blogs\/planlector\/wp-content\/uploads\/sites\/8\/2015\/04\/logogrande.jpg\" alt=\"logogrande\" width=\"243\" height=\"125\" \/><\/a><\/p>\n<p id=\"contentAbstract\" class=\"contentAbstract\"><strong>Plazo de solicitudes: hasta el 17 de abril<\/strong><\/p>\n<div class=\"contentBody\">\n<div id=\"bodyContentDiv\" class=\"cmBodyContent\">\n<div class=\"contentText modeloGenerico\">\n<h3 class=\"azulportal14\"><strong>\u00bfQU\u00c9 OBJETIVO Y QUE FINALIDAD SE PERSIGUEN<span class=\"azulportal14\">?<\/span><\/strong><\/h3>\n<p class=\"cmParagraph cmAlignjustify\" style=\"text-align: justify\">Dentro de una apuesta por el <strong>aprendizaje funcional de las lenguas <\/strong>y sus normas gramaticales y ortogr\u00e1ficas, con el objetivo de la mejora de la competencia ling\u00fc\u00edstica a trav\u00e9s de actuaciones transversales, se propone incentivar a las Comunidades Educativas de los centros de Educaci\u00f3n Primaria para que se vuelquen en desarrollar en el alumnado una conciencia ortogr\u00e1fica que refuerce el deseo de escribir bien, el h\u00e1bito de la autocorrecci\u00f3n y el respeto a las convenciones que rigen el c\u00f3digo escrito con independencia de su soporte.<\/p>\n<p class=\"cmParagraph cmAlignjustify\" style=\"text-align: justify\">Por esta raz\u00f3n se propone a los centros de educaci\u00f3n primaria la puesta en marcha de un <strong>proyecto de actividades innovadoras en el \u00e1mbito de la ortograf\u00eda <\/strong>que, con la participaci\u00f3n de toda la comunidad educativa, estimule la prevenci\u00f3n del error ortogr\u00e1fico, el uso adecuado de diccionarios, el aprendizaje de la caligraf\u00eda y de los signos de puntuaci\u00f3n y el uso de las Tecnolog\u00edas de la Informaci\u00f3n y la Comunicaci\u00f3n como fuente de recursos para el aprendizaje, para la difusi\u00f3n de buenas pr\u00e1cticas y como entorno para el uso correcto del idioma en contextos significativos.<\/p>\n<p class=\"cmParagraph cmAlignjustify\" style=\"text-align: justify\"><!--more--><\/p>\n<div class=\"currentContent\">\n<div class=\"contentBody\">\n<div id=\"bodyContentDiv\" class=\"cmBodyContent\">\n<div class=\"contentText modeloGenerico\">\n<h3><strong><span class=\"azulportal14\">\u00bfC\u00d3MO SE PARTICIPA?<\/span><\/strong><\/h3>\n<p class=\"cmParagraph cmAlignjustify\" style=\"text-align: justify\">Los centros educativos de Educaci\u00f3n Primaria de la Comunidad de Castilla y Le\u00f3n sostenidos con fondos p\u00fablicos interesados presentar\u00e1n en su Direcci\u00f3n Provincial de Educaci\u00f3n una solicitud de participaci\u00f3n \u00a0y un\u00a0<strong>proyecto de actividades innovadoras en el \u00e1mbito de la ortograf\u00eda <\/strong>.<\/p>\n<p class=\"cmParagraph cmAlignjustify\" style=\"text-align: justify\">Una vez estudiados los proyectos y constatada su viabilidad, los centros seleccionados por su Direcci\u00f3n Provincial de Educaci\u00f3n los pondr\u00e1n en pr\u00e1ctica durante una\u00a0<strong>Semana de la Ortograf\u00eda<\/strong>, en la que se desarrollar\u00e1, al menos:<\/p>\n<p class=\"cmParagraph cmAlignjustify\" style=\"text-align: justify\">Una <strong>prueba inicial <\/strong>estandarizada que constate los conocimientos ortogr\u00e1ficos de todos los alumnos de al menos un grupo por curso desde 1\u00ba hasta 6\u00ba de educaci\u00f3n primaria.<\/p>\n<p class=\"cmParagraph cmAlignjustify\" style=\"text-align: justify\">Un <strong>programa de actividades innovadoras en el \u00e1mbito de la ortograf\u00eda <\/strong>de mejora en los resultados.<\/p>\n<p class=\"cmParagraph cmAlignjustify\" style=\"text-align: justify\">Una <strong>prueba al final <\/strong>de esa semana, igualmente estandarizada, en la que se refleje el progreso alcanzado por ese mismo alumnado en el manejo de las normas de ortograf\u00eda.<\/p>\n<h3 class=\"azulportal14\" style=\"text-align: justify\">\u00bfQU\u00c9 PREMIOS SE OTORGAN?<\/h3>\n<p class=\"cmParagraph\" style=\"text-align: justify\">Se conceder\u00e1n premios a los <strong>ganadores provinciales <\/strong>con la siguiente dotaci\u00f3n:<\/p>\n<p class=\"cmParagraph cmAlignjustify\" style=\"text-align: justify\"><strong>Diploma acreditativo.<\/strong><\/p>\n<p class=\"cmParagraph cmAlignjustify\" style=\"text-align: justify\"><strong>Lotes de libros<\/strong><\/p>\n<p class=\"cmParagraph\" style=\"text-align: justify\">Se conceder\u00e1n premios al <strong>ganador regional <\/strong>con la siguiente dotaci\u00f3n:<\/p>\n<p class=\"cmParagraph cmAlignjustify\" style=\"text-align: justify\"><strong>Difusi\u00f3n en <span style=\"color: #0000ff\"><a style=\"color: #0000ff\" title=\"\" href=\"http:\/\/www.educa.jcyl.es\/\">www.educa.jcyl.es<\/a> <\/span>de las buenas pr\u00e1cticas ortogr\u00e1ficas.<\/strong><\/p>\n<p class=\"cmParagraph cmAlignjustify\" style=\"text-align: justify\"><strong>Dotaci\u00f3n de material inform\u00e1tico.<\/strong><\/p>\n<\/div>\n<\/div>\n<\/div>\n<div id=\"cmBodyContentChildrens\" class=\"cmBodyContentChildrens listado\">\u00a0Ficheros disponibles<\/div>\n<\/div>\n<div class=\"resourcesAndRelated clearfix\">\n<div class=\"resources fullWidth\">\n<div class=\"cmResourcesOuterBox\">\n<div class=\"cmResourcesInnerBox\">\n<ul id=\"cmContentResourcesList\" class=\"cmResourceList\">\n<li class=\"cmResourceType_pdf cmResourceList cmOneResourceFile firstNode lastNode\"><a class=\"cmContentLink\" href=\"http:\/\/www.educa.jcyl.es\/es\/informacion\/concursos-premios\/iv-concurso-ortografia-primaria-2014-2015.ficheros\/545003-Concurso%20ortograf%C3%ADa%202015.pdf\"><span class=\"resourceData1\"><img decoding=\"async\" src=\"http:\/\/www.educa.jcyl.es\/educacyl\/cm\/educacyl\/images?idMmedia=5\" alt=\"Documento Adobe PDF\" \/><\/span><span class=\"resourceData2\">Convocatoria; Bases<\/span><\/a><\/li>\n<\/ul>\n<\/div>\n<\/div>\n<\/div>\n<\/div>\n<\/div>\n<\/div>\n<\/div>\n","protected":false},"excerpt":{"rendered":"<p>Plazo de solicitudes: hasta el 17 de abril \u00bfQU\u00c9 OBJETIVO Y QUE FINALIDAD SE PERSIGUEN? Dentro de una apuesta por el aprendizaje funcional de las lenguas y sus normas gramaticales y ortogr\u00e1ficas, con el objetivo de la mejora de la competencia ling\u00fc\u00edstica a trav\u00e9s de actuaciones transversales, se propone incentivar a las Comunidades Educativas de [&hellip;]<\/p>\n","protected":false},"author":19,"featured_media":0,"comment_status":"closed","ping_status":"closed","sticky":false,"template":"","format":"standard","meta":{"footnotes":""},"categories":[22],"tags":[],"class_list":["post-1126","post","type-post","status-publish","format-standard","hentry","category-concursos-y-convocatorias"],"_links":{"self":[{"href":"https:\/\/diocesanos.es\/blogs\/planlector\/wp-json\/wp\/v2\/posts\/1126","targetHints":{"allow":["GET"]}}],"collection":[{"href":"https:\/\/diocesanos.es\/blogs\/planlector\/wp-json\/wp\/v2\/posts"}],"about":[{"href":"https:\/\/diocesanos.es\/blogs\/planlector\/wp-json\/wp\/v2\/types\/post"}],"author":[{"embeddable":true,"href":"https:\/\/diocesanos.es\/blogs\/planlector\/wp-json\/wp\/v2\/users\/19"}],"replies":[{"embeddable":true,"href":"https:\/\/diocesanos.es\/blogs\/planlector\/wp-json\/wp\/v2\/comments?post=1126"}],"version-history":[{"count":0,"href":"https:\/\/diocesanos.es\/blogs\/planlector\/wp-json\/wp\/v2\/posts\/1126\/revisions"}],"wp:attachment":[{"href":"https:\/\/diocesanos.es\/blogs\/planlector\/wp-json\/wp\/v2\/media?parent=1126"}],"wp:term":[{"taxonomy":"category","embeddable":true,"href":"https:\/\/diocesanos.es\/blogs\/planlector\/wp-json\/wp\/v2\/categories?post=1126"},{"taxonomy":"post_tag","embeddable":true,"href":"https:\/\/diocesanos.es\/blogs\/planlector\/wp-json\/wp\/v2\/tags?post=1126"}],"curies":[{"name":"wp","href":"https:\/\/api.w.org\/{rel}","templated":true}]}}