{"id":1055,"date":"2015-04-07T08:27:14","date_gmt":"2015-04-07T08:27:14","guid":{"rendered":"https:\/\/diocesanos.es\/blogs\/planlector\/?p=1055"},"modified":"2015-04-06T16:27:47","modified_gmt":"2015-04-06T16:27:47","slug":"comprension-lectora","status":"publish","type":"post","link":"https:\/\/diocesanos.es\/blogs\/planlector\/2015\/04\/07\/comprension-lectora\/","title":{"rendered":"Comprensi\u00f3n lectora"},"content":{"rendered":"<p>Este v\u00eddeo nos invita a reflexionar sobre el acto de la\u00a0 lectura, la lectura comprensiva y las estrategias que podemos poner en marcha para <strong>fomentar el h\u00e1bito lector<\/strong> entre los j\u00f3venes. Adem\u00e1s de para profesores, puede resultar muy \u00fatil para los padres.<\/p>\n<p>https:\/\/youtu.be\/gzcSoP8Pm8s<\/p>\n","protected":false},"excerpt":{"rendered":"<p>Este v\u00eddeo nos invita a reflexionar sobre el acto de la\u00a0 lectura, la lectura comprensiva y las estrategias que podemos poner en marcha para fomentar el h\u00e1bito lector entre los j\u00f3venes. Adem\u00e1s de para profesores, puede resultar muy \u00fatil para los padres. https:\/\/youtu.be\/gzcSoP8Pm8s<\/p>\n","protected":false},"author":19,"featured_media":0,"comment_status":"closed","ping_status":"closed","sticky":false,"template":"","format":"standard","meta":{"footnotes":""},"categories":[17],"tags":[],"class_list":["post-1055","post","type-post","status-publish","format-standard","hentry","category-videos"],"_links":{"self":[{"href":"https:\/\/diocesanos.es\/blogs\/planlector\/wp-json\/wp\/v2\/posts\/1055","targetHints":{"allow":["GET"]}}],"collection":[{"href":"https:\/\/diocesanos.es\/blogs\/planlector\/wp-json\/wp\/v2\/posts"}],"about":[{"href":"https:\/\/diocesanos.es\/blogs\/planlector\/wp-json\/wp\/v2\/types\/post"}],"author":[{"embeddable":true,"href":"https:\/\/diocesanos.es\/blogs\/planlector\/wp-json\/wp\/v2\/users\/19"}],"replies":[{"embeddable":true,"href":"https:\/\/diocesanos.es\/blogs\/planlector\/wp-json\/wp\/v2\/comments?post=1055"}],"version-history":[{"count":0,"href":"https:\/\/diocesanos.es\/blogs\/planlector\/wp-json\/wp\/v2\/posts\/1055\/revisions"}],"wp:attachment":[{"href":"https:\/\/diocesanos.es\/blogs\/planlector\/wp-json\/wp\/v2\/media?parent=1055"}],"wp:term":[{"taxonomy":"category","embeddable":true,"href":"https:\/\/diocesanos.es\/blogs\/planlector\/wp-json\/wp\/v2\/categories?post=1055"},{"taxonomy":"post_tag","embeddable":true,"href":"https:\/\/diocesanos.es\/blogs\/planlector\/wp-json\/wp\/v2\/tags?post=1055"}],"curies":[{"name":"wp","href":"https:\/\/api.w.org\/{rel}","templated":true}]}}