{"id":1021,"date":"2015-04-01T08:57:43","date_gmt":"2015-04-01T08:57:43","guid":{"rendered":"https:\/\/diocesanos.es\/blogs\/planlector\/?p=1021"},"modified":"2015-03-31T08:58:02","modified_gmt":"2015-03-31T08:58:02","slug":"lectura-en-familia","status":"publish","type":"post","link":"https:\/\/diocesanos.es\/blogs\/planlector\/2015\/04\/01\/lectura-en-familia\/","title":{"rendered":"Lectura en familia"},"content":{"rendered":"<p><a href=\"https:\/\/diocesanos.es\/blogs\/planlector\/wp-content\/uploads\/sites\/8\/2015\/03\/fomente_la_lectura_en_familia.jpg\"><img loading=\"lazy\" decoding=\"async\" class=\"aligncenter wp-image-1023 size-medium\" src=\"https:\/\/diocesanos.es\/blogs\/planlector\/wp-content\/uploads\/sites\/8\/2015\/03\/fomente_la_lectura_en_familia-300x200.jpg\" alt=\"fomente_la_lectura_en_familia\" width=\"300\" height=\"200\" srcset=\"https:\/\/diocesanos.es\/blogs\/planlector\/wp-content\/uploads\/sites\/8\/2015\/03\/fomente_la_lectura_en_familia-300x200.jpg 300w, https:\/\/diocesanos.es\/blogs\/planlector\/wp-content\/uploads\/sites\/8\/2015\/03\/fomente_la_lectura_en_familia-345x230.jpg 345w, https:\/\/diocesanos.es\/blogs\/planlector\/wp-content\/uploads\/sites\/8\/2015\/03\/fomente_la_lectura_en_familia.jpg 650w\" sizes=\"auto, (max-width: 300px) 100vw, 300px\" \/><\/a><\/p>\n<p id=\"contentAbstract\" class=\"contentAbstract\">En torno al d\u00eda de Castilla y Le\u00f3n y al d\u00eda del libro<\/p>\n<div class=\"contentBody\">\n<div id=\"bodyContentDiv\" class=\"cmBodyContent\">\n<div class=\"contentText modeloGenerico\">\n<p class=\"cmParagraph cmAlignjustify\" style=\"text-align: justify\">La Direcci\u00f3n General de Innovaci\u00f3n Educativa y Formaci\u00f3n del Profesorado promueve en torno al 23 de abril 2015, d\u00eda de nuestra Comunidad y d\u00eda del libro una <strong>actividad de \u00ablectura en familia en los centros educativos\u00bb<\/strong> con el objeto de promover y consolidar los h\u00e1bitos lectores en el entorno familiar como actividad para la convivencia, diversi\u00f3n y aprendizaje en familia.<\/p>\n<ul>\n<li class=\" cmAlignjustify\"><strong><span class=\"cmUnderline \">Objetivos:<\/span><\/strong>\n<ul class=\"cmListCircle\">\n<li class=\" cmAlignjustify\">Promover y\/o consolidar h\u00e1bitos de lectura en el entorno familiar.<\/li>\n<li class=\" cmAlignjustify\">Promover el conocimiento del entorno, escritores y personajes de la literatura relacionada con nuestra comunidad.<\/li>\n<\/ul>\n<\/li>\n<li class=\" cmAlignjustify\"><strong><span class=\"cmUnderline \">Destinatarios: <\/span><\/strong>centros educativos de educaci\u00f3n infantil y primaria de nuestra Comunidad.<\/li>\n<li class=\" cmAlignjustify\"><strong><span class=\"cmUnderline \">Descripci\u00f3n de la actividad:<\/span><\/strong>Los centros participantes, deber\u00e1n seleccionar un trabajo entre todos los realizados en su centro, donde familias y alumnos participen de forma conjunta en una actividad lectora que tenga como eje alguno de los siguientes temas:\n<ul class=\"cmListCircle\">\n<li class=\" cmAlignjustify\">El d\u00eda de la Comunidad de Castilla y Le\u00f3n ,23 de abril: historia, significado, celebraci\u00f3n\u2026<\/li>\n<li class=\" cmAlignjustify\">Un personaje de nuestra comunidad.<\/li>\n<li class=\" cmAlignjustify\">Un espacio o elemento representativo del entorno de nuestra comunidad.<\/li>\n<\/ul>\n<\/li>\n<\/ul>\n<p><!--more--><\/p>\n<p class=\"cmParagraph\">Los trabajos deber\u00e1n presentarse en formato digital:<\/p>\n<ul>\n<li>Audio: Formato MP3<\/li>\n<li>V\u00eddeo: Formato FLV. Dimensiones: 640x480px.<\/li>\n<\/ul>\n<p class=\"cmParagraph\" style=\"text-align: justify\">En cualquier caso, el fichero no superar\u00e1 los 25Mb de tama\u00f1o, no debiendo exceder un tiempo de m\u00e1s de 10 minutos. Se valorar\u00e1 la creatividad y el uso de TIC.<\/p>\n<p class=\"cmParagraph\">Se enviar\u00e1 a la direcci\u00f3n <a title=\"\" href=\"mailto:hoy_libro@educa.jcyl.es\" target=\"_blank\">hoy_libro@educa.jcyl.es<img decoding=\"async\" class=\"cmPopupIcon\" src=\"http:\/\/www.educa.jcyl.es\/educacyl\/imagenes\/popup\/popup_external_small.gif\" alt=\"Este enlace se abrir\u00e1 en una ventana nueva\" \/><\/a><\/p>\n<p class=\"cmParagraph\"><span class=\"cmUnderline \">Fases:<\/span><\/p>\n<ul>\n<li><strong>Del 20 marzo al 10 de abril<\/strong>: elaboraci\u00f3n de trabajos en los centros educativos (familias y alumnos).<\/li>\n<li><strong>Del 13 al 17 de abril<\/strong>: selecci\u00f3n, por parte del centro educativo de un \u00fanico trabajo y env\u00edo del mismo a la Consejer\u00eda de Educaci\u00f3n, incluyendo el t\u00edtulo del trabajo y el centro educativo y c\u00f3digo del mismo.<\/li>\n<li><strong>Del 27 al 30 de abril: <\/strong>selecci\u00f3n y exposici\u00f3n de los trabajos premiados<strong>.<\/strong><\/li>\n<\/ul>\n<p class=\"cmParagraph\"><span class=\"cmUnderline \">Premios:<\/span> los tres mejores trabajos recibir\u00e1n en su centro un lote de libros.<\/p>\n<p class=\"cmParagraph\" style=\"text-align: right\">by educa.jcyl.es\/fomentolectura\/es<\/p>\n<\/div>\n<\/div>\n<\/div>\n<p>&nbsp;<\/p>\n","protected":false},"excerpt":{"rendered":"<p>En torno al d\u00eda de Castilla y Le\u00f3n y al d\u00eda del libro La Direcci\u00f3n General de Innovaci\u00f3n Educativa y Formaci\u00f3n del Profesorado promueve en torno al 23 de abril 2015, d\u00eda de nuestra Comunidad y d\u00eda del libro una actividad de \u00ablectura en familia en los centros educativos\u00bb con el objeto de promover y [&hellip;]<\/p>\n","protected":false},"author":19,"featured_media":0,"comment_status":"closed","ping_status":"closed","sticky":false,"template":"","format":"standard","meta":{"footnotes":""},"categories":[22,23],"tags":[],"class_list":["post-1021","post","type-post","status-publish","format-standard","hentry","category-concursos-y-convocatorias","category-familias-lectoras"],"_links":{"self":[{"href":"https:\/\/diocesanos.es\/blogs\/planlector\/wp-json\/wp\/v2\/posts\/1021","targetHints":{"allow":["GET"]}}],"collection":[{"href":"https:\/\/diocesanos.es\/blogs\/planlector\/wp-json\/wp\/v2\/posts"}],"about":[{"href":"https:\/\/diocesanos.es\/blogs\/planlector\/wp-json\/wp\/v2\/types\/post"}],"author":[{"embeddable":true,"href":"https:\/\/diocesanos.es\/blogs\/planlector\/wp-json\/wp\/v2\/users\/19"}],"replies":[{"embeddable":true,"href":"https:\/\/diocesanos.es\/blogs\/planlector\/wp-json\/wp\/v2\/comments?post=1021"}],"version-history":[{"count":0,"href":"https:\/\/diocesanos.es\/blogs\/planlector\/wp-json\/wp\/v2\/posts\/1021\/revisions"}],"wp:attachment":[{"href":"https:\/\/diocesanos.es\/blogs\/planlector\/wp-json\/wp\/v2\/media?parent=1021"}],"wp:term":[{"taxonomy":"category","embeddable":true,"href":"https:\/\/diocesanos.es\/blogs\/planlector\/wp-json\/wp\/v2\/categories?post=1021"},{"taxonomy":"post_tag","embeddable":true,"href":"https:\/\/diocesanos.es\/blogs\/planlector\/wp-json\/wp\/v2\/tags?post=1021"}],"curies":[{"name":"wp","href":"https:\/\/api.w.org\/{rel}","templated":true}]}}