{"id":90,"date":"2015-03-11T18:00:17","date_gmt":"2015-03-11T18:00:17","guid":{"rendered":"https:\/\/diocesanos.es\/blogs\/orientapvi\/?p=90"},"modified":"2015-03-11T18:06:41","modified_gmt":"2015-03-11T18:06:41","slug":"90","status":"publish","type":"post","link":"https:\/\/diocesanos.es\/blogs\/orientapvi\/2015\/03\/11\/90\/","title":{"rendered":"10 claves para educar a tus hij@s"},"content":{"rendered":"<p style=\"text-align: justify\">Los padres somos el espejo en el que se miran nuestros hijos y ellos nos devuelven nuestro reflejo nos guste o averg\u00fcence lo que veamos.<br \/>\nQueramos o no, seamos conscientes o no\u2026 tenemos un impacto indudable en nuestros hijos, es imposible no tenerlo. \u00bfVale la pena tomar consciencia y decidir responsablemente qu\u00e9 impacto quiero tener con mis hijos? \u00bfNuestros hijos se merecen que nos preparemos para dar lo mejor de nosotros mismos como padres y madres? \u00bfQueremos aprovechar la oportunidad de ser padre o madre para crecer como personas?<\/p>\n<p style=\"text-align: justify\">En un ambiente familiar de reproche continuo, aprendemos sin saberlo a condenarlo todo. Si de ni\u00f1os, d\u00eda tras d\u00eda, se nos hace continua represi\u00f3n por los fallos que necesariamente cometemos aparecen llagas permanentes que hacen que cualquier roce nos incite, nos duela y dificulte discernir entre lo bueno y lo malo, lo grande y lo peque\u00f1o llev\u00e1ndonos a la generalizaci\u00f3n de condenarlo todo.<\/p>\n<p style=\"text-align: justify\">El virus se nos mete en una temprana edad en la que todav\u00eda no tenemos la capacidad racional para calibrar los juicios oportunos, desproporcionados e infundados de nuestros padres. Al crecer y hacernos adultos, el inconsciente \u201cnos puede\u201d y \u201cdevolvemos\u201d lo recibido en forma de cr\u00edtica improductiva y destructiva. Esta condena generalizada cierra el di\u00e1logo e impide que aprendamos de los errores necesarios para llegar a conocer y dominar las cosas.<\/p>\n<p style=\"text-align: justify\">En un ambiente familiar de continua hostilidad, gritos y amenazas, aprendemos sin saberlo a hostigar todo y a todos. La agresi\u00f3n psicol\u00f3gica constante es tierra de cultivo para el resentimiento, el odio, la rebeld\u00eda y el temor, por ser una fuente constante de desequilibrio ps\u00edquico.<br \/>\nEn tal contexto aprendemos que el temor que podamos provocar a los otros es la v\u00eda para alcanzar nuestros prop\u00f3sitos y si llegamos a ostentar un puesto de poder puede convertirse incluso en cinismo.<br \/>\nPasamos de fieras acorraladas a fieras que acorralan, revanchismo puro y duro, lejos del di\u00e1logo constructivo y del sentido comunitario.<\/p>\n<p style=\"text-align: justify\">Os presentamos 10 claves para educar a tus hij@s.<\/p>\n<p style=\"text-align: justify\"><a href=\"https:\/\/diocesanos.es\/blogs\/orientapvi\/wp-content\/uploads\/sites\/16\/2015\/03\/10-claves-para-educar-a-tus-hij@s-1024x614.jpg\"><img loading=\"lazy\" decoding=\"async\" class=\"  wp-image-91 aligncenter\" src=\"https:\/\/diocesanos.es\/blogs\/orientapvi\/wp-content\/uploads\/sites\/16\/2015\/03\/10-claves-para-educar-a-tus-hij@s-1024x614-300x180.jpg\" alt=\"10-claves-para-educar-a-tus-hij@s-1024x614\" width=\"445\" height=\"267\" srcset=\"https:\/\/diocesanos.es\/blogs\/orientapvi\/wp-content\/uploads\/sites\/16\/2015\/03\/10-claves-para-educar-a-tus-hij@s-1024x614-300x180.jpg 300w, https:\/\/diocesanos.es\/blogs\/orientapvi\/wp-content\/uploads\/sites\/16\/2015\/03\/10-claves-para-educar-a-tus-hij@s-1024x614.jpg 1024w, https:\/\/diocesanos.es\/blogs\/orientapvi\/wp-content\/uploads\/sites\/16\/2015\/03\/10-claves-para-educar-a-tus-hij@s-1024x614-384x230.jpg 384w\" sizes=\"auto, (max-width: 445px) 100vw, 445px\" \/><\/a><\/p>\n<p style=\"text-align: justify\">10 claves para educar a tus hij@s. Recogido en: www.imageneseducativas.com<\/p>\n<p style=\"text-align: justify\">\n","protected":false},"excerpt":{"rendered":"<p>Los padres somos el espejo en el que se miran nuestros hijos y ellos nos devuelven nuestro reflejo nos guste o averg\u00fcence lo que veamos. Queramos o no, seamos conscientes o no\u2026 tenemos un impacto indudable en nuestros hijos, es imposible no tenerlo. \u00bfVale la pena tomar consciencia y decidir responsablemente qu\u00e9 impacto quiero tener [&hellip;]<\/p>\n","protected":false},"author":31,"featured_media":0,"comment_status":"closed","ping_status":"closed","sticky":false,"template":"","format":"standard","meta":{"footnotes":""},"categories":[1],"tags":[],"class_list":["post-90","post","type-post","status-publish","format-standard","hentry","category-sin-categoria"],"_links":{"self":[{"href":"https:\/\/diocesanos.es\/blogs\/orientapvi\/wp-json\/wp\/v2\/posts\/90","targetHints":{"allow":["GET"]}}],"collection":[{"href":"https:\/\/diocesanos.es\/blogs\/orientapvi\/wp-json\/wp\/v2\/posts"}],"about":[{"href":"https:\/\/diocesanos.es\/blogs\/orientapvi\/wp-json\/wp\/v2\/types\/post"}],"author":[{"embeddable":true,"href":"https:\/\/diocesanos.es\/blogs\/orientapvi\/wp-json\/wp\/v2\/users\/31"}],"replies":[{"embeddable":true,"href":"https:\/\/diocesanos.es\/blogs\/orientapvi\/wp-json\/wp\/v2\/comments?post=90"}],"version-history":[{"count":0,"href":"https:\/\/diocesanos.es\/blogs\/orientapvi\/wp-json\/wp\/v2\/posts\/90\/revisions"}],"wp:attachment":[{"href":"https:\/\/diocesanos.es\/blogs\/orientapvi\/wp-json\/wp\/v2\/media?parent=90"}],"wp:term":[{"taxonomy":"category","embeddable":true,"href":"https:\/\/diocesanos.es\/blogs\/orientapvi\/wp-json\/wp\/v2\/categories?post=90"},{"taxonomy":"post_tag","embeddable":true,"href":"https:\/\/diocesanos.es\/blogs\/orientapvi\/wp-json\/wp\/v2\/tags?post=90"}],"curies":[{"name":"wp","href":"https:\/\/api.w.org\/{rel}","templated":true}]}}