{"id":579,"date":"2017-11-20T12:15:59","date_gmt":"2017-11-20T12:15:59","guid":{"rendered":"https:\/\/diocesanos.es\/blogs\/orientapvi\/?p=579"},"modified":"2017-11-20T12:15:59","modified_gmt":"2017-11-20T12:15:59","slug":"como-inculcar-la-disciplina-en-tus-hijos-segun-la-edad","status":"publish","type":"post","link":"https:\/\/diocesanos.es\/blogs\/orientapvi\/2017\/11\/20\/como-inculcar-la-disciplina-en-tus-hijos-segun-la-edad\/","title":{"rendered":"COMO INCULCAR LA DISCIPLINA EN TUS HIJOS SEGUN LA EDAD"},"content":{"rendered":"<p style=\"text-align: justify\">Seg\u00fan la edad de tus hijos puedes aplicar ciertas medidas que te ayudar\u00e1n a definir los l\u00edmites y a que sepan qu\u00e9 es correcto y qu\u00e9 no lo es. De hecho, seg\u00fan su edad, <strong>ser\u00e1n capaces de entender unas lecciones u otras y a medida que vayan creciendo<\/strong>, tus respuestas tendr\u00e1n que variar.<\/p>\n<p style=\"text-align: justify\"><em><strong>De 0 a 2 a\u00f1os:<\/strong><\/em><br \/>\nEn esta edad, los peque\u00f1os empiezan a descubrir su alrededor y suelen tener una gran curiosidad. Es por eso que es importante que elimines de su entorno cualquier elemento que pueda ser atractivo para ellos y que no puedan utilizar todav\u00eda o sea un peligro, como reproductores de m\u00fasica, joyas, productos de limpieza o medicamentos. Si se acercan a alguno de ellos tu reacci\u00f3n debe ser decirles \u201cNo\u201d sin perder la calma, alejarlos del lugar e intentar que dirijan su atenci\u00f3n hacia otra actividad.<br \/>\nPuedes utilizar la t\u00e9cnica \u201ctiempo fuera\u201d, por la cual les dejes unos dos minutos solos en un lugar sin est\u00edmulos y distracciones, pues m\u00e1s de dos minutos no son eficaces todav\u00eda en esta edad.<br \/>\nSi tienen cerca de dos a\u00f1os, adem\u00e1s, ya les puedes explicar por qu\u00e9, no est\u00e1 bien lo que han hecho.<\/p>\n<p style=\"text-align: justify\"><strong><em>De 3 a 5 a\u00f1os<\/em>:<\/strong><br \/>\nA esta edad ya empiezan a entender la relaci\u00f3n entre las acciones que realizan y las consecuencias que \u00e9stas tienen. As\u00ed, es importante que les expliques a tus hijos qu\u00e9 se espera de ellos, las normas que deben cumplir y el porqu\u00e9 de \u00e9stas.<br \/>\n<strong>S\u00e9 coherente con estas normas<\/strong>: haz que las respeten siempre, y sobre todo, resp\u00e9talas t\u00fa.<br \/>\nA esta edad tambi\u00e9n puedes utilizar el \u201ctiempo fuera\u201d.<br \/>\nRecuerda que reconocer y recompensar su buena conducta es muy importante, as\u00ed como destacarles lo que deben hacer m\u00e1s que decirles lo que no deben hacer.<br \/>\n<em><strong>De 6 a 8 a\u00f1os<\/strong><\/em><br \/>\nNo les amenaces con castigos imposibles: seguramente no acabar\u00e1s cumpli\u00e9ndolos y pueden quitarte autoridad. Adem\u00e1s, tambi\u00e9n pueden desmotivar a los ni\u00f1os y no cambiar su forma de actuar por pensar que lo tienen todo perdido.<br \/>\n<strong>Cumple con tu palabra<\/strong>: la coherencia es crucial a estas edades para no perder autoridad. A pesar de todo, eso no significa que no puedas dar segundas oportunidades.<br \/>\nEl \u201ctiempo fuera\u201d tambi\u00e9n es eficaz en este momento, as\u00ed como enunciar las consecuencias de las malas conductas.<\/p>\n<p><a href=\"https:\/\/diocesanos.es\/blogs\/orientapvi\/wp-content\/uploads\/sites\/16\/2017\/11\/disciplina.jpg\"><img loading=\"lazy\" decoding=\"async\" class=\"size-medium wp-image-582 aligncenter\" src=\"https:\/\/diocesanos.es\/blogs\/orientapvi\/wp-content\/uploads\/sites\/16\/2017\/11\/disciplina-300x182.jpg\" alt=\"\" width=\"300\" height=\"182\" srcset=\"https:\/\/diocesanos.es\/blogs\/orientapvi\/wp-content\/uploads\/sites\/16\/2017\/11\/disciplina-300x182.jpg 300w, https:\/\/diocesanos.es\/blogs\/orientapvi\/wp-content\/uploads\/sites\/16\/2017\/11\/disciplina-768x467.jpg 768w, https:\/\/diocesanos.es\/blogs\/orientapvi\/wp-content\/uploads\/sites\/16\/2017\/11\/disciplina-1024x622.jpg 1024w, https:\/\/diocesanos.es\/blogs\/orientapvi\/wp-content\/uploads\/sites\/16\/2017\/11\/disciplina-378x230.jpg 378w, https:\/\/diocesanos.es\/blogs\/orientapvi\/wp-content\/uploads\/sites\/16\/2017\/11\/disciplina.jpg 1170w\" sizes=\"auto, (max-width: 300px) 100vw, 300px\" \/><\/a><\/p>\n<p style=\"text-align: justify\"><em><strong>De 9 a 12 a\u00f1os:<\/strong><\/em><br \/>\nImparte disciplina apelando a las consecuencias naturales de sus acciones: es decir, si no hacen los deberes, deja que vayan a la escuela y les pongan una mala nota. Cargar con esta responsabilidad les har\u00e1 aprender. Si con estas consecuencias no cambian, debes ser t\u00fa qui\u00e9n imponga vuestras propias consecuencias.<\/p>\n<p style=\"text-align: justify\"><!--more--><br \/>\n<em><strong>A partir de los 13 a\u00f1os:<\/strong><\/em><br \/>\nFija las <strong>normas en su rutina diaria<\/strong>: ya sea sobre los deberes, visitas de los amigos y hora de volver a casa: los adolescentes tambi\u00e9n necesitan l\u00edmites, aunque las bases de la disciplina ya las hayan asimilado.<br \/>\nPerm\u00edteles cierto grado de control sobre su vida: deja por ejemplo, que <strong>tomen sus propias decisiones<\/strong> sobre su modo de vestir, peinarse o decorar su habitaci\u00f3n. Esto har\u00e1 que respeten las decisiones que todav\u00eda t\u00fa tienes que tomar por ellos.<br \/>\n<strong>Recomp\u00e9nsales tambi\u00e9n positivamente<\/strong>: por ejemplo, d\u00e9jales volver a casa un poco m\u00e1s tarde si se portan bien.<br \/>\n<strong>Prevenir la mala conducta<\/strong><br \/>\nEvitar las malas conductas tambi\u00e9n es sin\u00f3nimo de prevenirlas. Es por eso que antes de que tus hijos hagan una mala acci\u00f3n ya has tenido que tomar medidas para evitarlo. Las principales medidas para evitar las malas conductas en los ni\u00f1os son:<br \/>\nExpl\u00edcales las consecuencias positivas de una buena conducta.<br \/>\nEs importante que sepan tambi\u00e9n cu\u00e1les son las consecuencias negativas de la mala conducta.<br \/>\nCrea oportunidades para que tus hijos observen y practiquen habilidades interpersonales y acad\u00e9micas.<br \/>\nSupervisa a tus hijos: s\u00e9 consciente de d\u00f3nde y con qui\u00e9n est\u00e1n.<br \/>\nSi tus hijos son adolescentes, evita que se ven envueltos en situaciones que faciliten conductas problem\u00e1ticas.<br \/>\nAs\u00ed pues, cuando tus hijos no se comporten como deben, ya sabes que la clave es saber qu\u00e9 hacer y qu\u00e9 decirles, hacerles entender por qu\u00e9 algo no est\u00e1 bien y ense\u00f1arles a corregirlo. Se trata pues, de hacer que refuercen sus conductas positivas y no de llevar a cabo acciones que puedan bloquearles. Adem\u00e1s, recuerda que la prevenci\u00f3n y la educaci\u00f3n temprana en estas normas evitar\u00e1 que los ni\u00f1os crezcan desarrollando conductas negativas.<br \/>\nFuente: www.faros.hsjdbcn.org<\/p>\n","protected":false},"excerpt":{"rendered":"<p>Seg\u00fan la edad de tus hijos puedes aplicar ciertas medidas que te ayudar\u00e1n a definir los l\u00edmites y a que sepan qu\u00e9 es correcto y qu\u00e9 no lo es. De hecho, seg\u00fan su edad, ser\u00e1n capaces de entender unas lecciones u otras y a medida que vayan creciendo, tus respuestas tendr\u00e1n que variar. De 0 [&hellip;]<\/p>\n","protected":false},"author":31,"featured_media":0,"comment_status":"closed","ping_status":"closed","sticky":false,"template":"","format":"standard","meta":{"footnotes":""},"categories":[1],"tags":[],"class_list":["post-579","post","type-post","status-publish","format-standard","hentry","category-sin-categoria"],"_links":{"self":[{"href":"https:\/\/diocesanos.es\/blogs\/orientapvi\/wp-json\/wp\/v2\/posts\/579","targetHints":{"allow":["GET"]}}],"collection":[{"href":"https:\/\/diocesanos.es\/blogs\/orientapvi\/wp-json\/wp\/v2\/posts"}],"about":[{"href":"https:\/\/diocesanos.es\/blogs\/orientapvi\/wp-json\/wp\/v2\/types\/post"}],"author":[{"embeddable":true,"href":"https:\/\/diocesanos.es\/blogs\/orientapvi\/wp-json\/wp\/v2\/users\/31"}],"replies":[{"embeddable":true,"href":"https:\/\/diocesanos.es\/blogs\/orientapvi\/wp-json\/wp\/v2\/comments?post=579"}],"version-history":[{"count":2,"href":"https:\/\/diocesanos.es\/blogs\/orientapvi\/wp-json\/wp\/v2\/posts\/579\/revisions"}],"predecessor-version":[{"id":583,"href":"https:\/\/diocesanos.es\/blogs\/orientapvi\/wp-json\/wp\/v2\/posts\/579\/revisions\/583"}],"wp:attachment":[{"href":"https:\/\/diocesanos.es\/blogs\/orientapvi\/wp-json\/wp\/v2\/media?parent=579"}],"wp:term":[{"taxonomy":"category","embeddable":true,"href":"https:\/\/diocesanos.es\/blogs\/orientapvi\/wp-json\/wp\/v2\/categories?post=579"},{"taxonomy":"post_tag","embeddable":true,"href":"https:\/\/diocesanos.es\/blogs\/orientapvi\/wp-json\/wp\/v2\/tags?post=579"}],"curies":[{"name":"wp","href":"https:\/\/api.w.org\/{rel}","templated":true}]}}