{"id":485,"date":"2016-10-23T14:32:45","date_gmt":"2016-10-23T14:32:45","guid":{"rendered":"https:\/\/diocesanos.es\/blogs\/orientapvi\/?p=485"},"modified":"2016-10-23T14:32:45","modified_gmt":"2016-10-23T14:32:45","slug":"llevas-la-mochila-de-tu-hijoa","status":"publish","type":"post","link":"https:\/\/diocesanos.es\/blogs\/orientapvi\/2016\/10\/23\/llevas-la-mochila-de-tu-hijoa\/","title":{"rendered":"\u00bfLlevas la mochila de tu hijo\/a?"},"content":{"rendered":"<p>Si la respuesta es s\u00ed, quiz\u00e1s te est\u00e9s convirtiendo en un hiperpadre. \u00bfY qu\u00e9 es eso? Si no sabes la respuesta, es normal, es un t\u00e9rmino que ha acu\u00f1ado por Eva Millet, que ha escrito un libro con el t\u00edtulo \u201cHiperpaternidad. Del modelo mueble al modelo altar\u201d.\u00a0Hay que ser algo m\u00e1s que padres y madres en la vida.<\/p>\n<p><strong>\u00bfQu\u00e9 significa?<\/strong> Es la forma de educar que tienen algunos padres basada en la sobreprotecci\u00f3n y en hacer a sus hijos el centro de su vida.<\/p>\n<p style=\"text-align: justify\"><strong>\u00bfPor qu\u00e9 pasa?<\/strong> Porque la sociedad est\u00e1 evolucionando hacia un modelo de educaci\u00f3n con miedo a decir que no, a frustrarlos, a traumatizarlos\u2026 Vivimos en un mundo saturado de competencia, queremos evitar todo tipo de males y\/o fracasos de nuestros hijos previ\u00e9ndolos con un exceso de control por nuestra parte que acaba agot\u00e1ndonos y gastando nuestra paciencia antes de tiempo. El ritmo de vida, el estr\u00e9s, las prisas, tambi\u00e9n contribuyen a que se den estas din\u00e1micas familiares. La falta de tiempo para no hacer nada, el p\u00e1nico ante los huecos en el calendario de \u201choy no tenemos ning\u00fan plan\u201d.<\/p>\n<p style=\"text-align: justify\"><a href=\"https:\/\/diocesanos.es\/blogs\/orientapvi\/wp-content\/uploads\/sites\/16\/2016\/10\/unnamed-5.jpg\"><img loading=\"lazy\" decoding=\"async\" class=\"alignnone  wp-image-492\" src=\"https:\/\/diocesanos.es\/blogs\/orientapvi\/wp-content\/uploads\/sites\/16\/2016\/10\/unnamed-5-300x300.jpg\" alt=\"unnamed-5\" width=\"299\" height=\"299\" srcset=\"https:\/\/diocesanos.es\/blogs\/orientapvi\/wp-content\/uploads\/sites\/16\/2016\/10\/unnamed-5-300x300.jpg 300w, https:\/\/diocesanos.es\/blogs\/orientapvi\/wp-content\/uploads\/sites\/16\/2016\/10\/unnamed-5-150x150.jpg 150w, https:\/\/diocesanos.es\/blogs\/orientapvi\/wp-content\/uploads\/sites\/16\/2016\/10\/unnamed-5-230x230.jpg 230w, https:\/\/diocesanos.es\/blogs\/orientapvi\/wp-content\/uploads\/sites\/16\/2016\/10\/unnamed-5.jpg 542w\" sizes=\"auto, (max-width: 299px) 100vw, 299px\" \/><\/a><img loading=\"lazy\" decoding=\"async\" class=\"wp-image-491 alignright\" src=\"https:\/\/diocesanos.es\/blogs\/orientapvi\/wp-content\/uploads\/sites\/16\/2016\/10\/unnamed-4-300x300.jpg\" alt=\"unnamed-4\" width=\"292\" height=\"292\" srcset=\"https:\/\/diocesanos.es\/blogs\/orientapvi\/wp-content\/uploads\/sites\/16\/2016\/10\/unnamed-4-300x300.jpg 300w, https:\/\/diocesanos.es\/blogs\/orientapvi\/wp-content\/uploads\/sites\/16\/2016\/10\/unnamed-4-150x150.jpg 150w, https:\/\/diocesanos.es\/blogs\/orientapvi\/wp-content\/uploads\/sites\/16\/2016\/10\/unnamed-4-230x230.jpg 230w, https:\/\/diocesanos.es\/blogs\/orientapvi\/wp-content\/uploads\/sites\/16\/2016\/10\/unnamed-4.jpg 542w\" sizes=\"auto, (max-width: 292px) 100vw, 292px\" \/><\/p>\n<p style=\"text-align: justify\"><strong>\u00bfCu\u00e1les son las consecuencias para los ni\u00f1os\/as?<\/strong><!--more--><\/p>\n<p>*Falta de autonom\u00eda.<br \/>\n*Falta de autoestima.<br \/>\n*Dependencia.<br \/>\n*Fragilidad<br \/>\n*Baja tolerancia a la frustraci\u00f3n.<br \/>\n*No desarrollo de resiliencia.<br \/>\n*Inseguridades.<br \/>\n<strong>\u00bfC\u00f3mo act\u00faan los hiperpadres?<\/strong><\/p>\n<p style=\"text-align: justify\">-Llevan las mochilas de sus hijos\/as.<br \/>\n-Se preocupan de la tarea que den llevar al colegio.<br \/>\n-Repasan sus trabajos antes de que los ni\u00f1os\/as los entreguen.<br \/>\n-Dicen frases como \u201cma\u00f1ana tenemos examen\u201d.<br \/>\n-Organizan la vida de sus hijos\/as.<br \/>\n-Est\u00e1n obsesionados porque su hijo reciban la mejor educaci\u00f3n (precozmente en muchas ocasiones).<br \/>\n-Cuestionan las decisiones de los\/as maestros\/as.<br \/>\n-No incluyen a los\/as ni\u00f1o\/as en las tareas dom\u00e9sticas.<br \/>\n-Se sienten estresados y saturados por la tremenda demanda que supone ejercer el rol de la paternidad<\/p>\n<p style=\"text-align: justify\"><a href=\"https:\/\/diocesanos.es\/blogs\/orientapvi\/wp-content\/uploads\/sites\/16\/2016\/10\/unnamed-3.jpg\"><img loading=\"lazy\" decoding=\"async\" class=\"size-medium wp-image-490 alignright\" src=\"https:\/\/diocesanos.es\/blogs\/orientapvi\/wp-content\/uploads\/sites\/16\/2016\/10\/unnamed-3-300x300.jpg\" alt=\"unnamed-3\" width=\"300\" height=\"300\" srcset=\"https:\/\/diocesanos.es\/blogs\/orientapvi\/wp-content\/uploads\/sites\/16\/2016\/10\/unnamed-3-300x300.jpg 300w, https:\/\/diocesanos.es\/blogs\/orientapvi\/wp-content\/uploads\/sites\/16\/2016\/10\/unnamed-3-150x150.jpg 150w, https:\/\/diocesanos.es\/blogs\/orientapvi\/wp-content\/uploads\/sites\/16\/2016\/10\/unnamed-3-230x230.jpg 230w, https:\/\/diocesanos.es\/blogs\/orientapvi\/wp-content\/uploads\/sites\/16\/2016\/10\/unnamed-3.jpg 542w\" sizes=\"auto, (max-width: 300px) 100vw, 300px\" \/><\/a><a href=\"https:\/\/diocesanos.es\/blogs\/orientapvi\/wp-content\/uploads\/sites\/16\/2016\/10\/unnamed.jpg\"><img loading=\"lazy\" decoding=\"async\" class=\"size-medium wp-image-493 alignleft\" src=\"https:\/\/diocesanos.es\/blogs\/orientapvi\/wp-content\/uploads\/sites\/16\/2016\/10\/unnamed-300x300.jpg\" alt=\"unnamed\" width=\"300\" height=\"300\" srcset=\"https:\/\/diocesanos.es\/blogs\/orientapvi\/wp-content\/uploads\/sites\/16\/2016\/10\/unnamed-300x300.jpg 300w, https:\/\/diocesanos.es\/blogs\/orientapvi\/wp-content\/uploads\/sites\/16\/2016\/10\/unnamed-150x150.jpg 150w, https:\/\/diocesanos.es\/blogs\/orientapvi\/wp-content\/uploads\/sites\/16\/2016\/10\/unnamed-230x230.jpg 230w, https:\/\/diocesanos.es\/blogs\/orientapvi\/wp-content\/uploads\/sites\/16\/2016\/10\/unnamed.jpg 542w\" sizes=\"auto, (max-width: 300px) 100vw, 300px\" \/><\/a><\/p>\n<p style=\"text-align: justify\"><strong>\u00bfC\u00f3mo remediarlo?<\/strong><\/p>\n<p style=\"text-align: justify\">Haciendo menos caso a los\/as hijos\/as. Sobre todo, d\u00e1ndoles menos protagonismo en las decisiones del d\u00eda a d\u00eda, justific\u00e1ndote menos si la merienda que le has hecho temes que no va a ser de su gusto para evitar que te monte una escenita.<br \/>\nQue no interrumpan tus conversaciones.<br \/>\nNo colgar fotos en las redes sociales de tus hijos\/as para evitar su narcisismo.<br \/>\nNo compararlos (aunque sea mentalmente) con otros ni\u00f1os. Cada uno lleva su ritmo y eso es estupendo<\/p>\n<p style=\"text-align: justify\"><img loading=\"lazy\" decoding=\"async\" class=\"alignnone size-medium wp-image-488\" src=\"https:\/\/diocesanos.es\/blogs\/orientapvi\/wp-content\/uploads\/sites\/16\/2016\/10\/unnamed-1-300x300.jpg\" alt=\"unnamed-1\" width=\"300\" height=\"300\" srcset=\"https:\/\/diocesanos.es\/blogs\/orientapvi\/wp-content\/uploads\/sites\/16\/2016\/10\/unnamed-1-300x300.jpg 300w, https:\/\/diocesanos.es\/blogs\/orientapvi\/wp-content\/uploads\/sites\/16\/2016\/10\/unnamed-1-150x150.jpg 150w, https:\/\/diocesanos.es\/blogs\/orientapvi\/wp-content\/uploads\/sites\/16\/2016\/10\/unnamed-1-230x230.jpg 230w, https:\/\/diocesanos.es\/blogs\/orientapvi\/wp-content\/uploads\/sites\/16\/2016\/10\/unnamed-1.jpg 542w\" sizes=\"auto, (max-width: 300px) 100vw, 300px\" \/> <a href=\"https:\/\/diocesanos.es\/blogs\/orientapvi\/wp-content\/uploads\/sites\/16\/2016\/10\/unnamed-2.jpg\"><img loading=\"lazy\" decoding=\"async\" class=\"size-medium wp-image-489 alignright\" src=\"https:\/\/diocesanos.es\/blogs\/orientapvi\/wp-content\/uploads\/sites\/16\/2016\/10\/unnamed-2-300x300.jpg\" alt=\"unnamed-2\" width=\"300\" height=\"300\" srcset=\"https:\/\/diocesanos.es\/blogs\/orientapvi\/wp-content\/uploads\/sites\/16\/2016\/10\/unnamed-2-300x300.jpg 300w, https:\/\/diocesanos.es\/blogs\/orientapvi\/wp-content\/uploads\/sites\/16\/2016\/10\/unnamed-2-150x150.jpg 150w, https:\/\/diocesanos.es\/blogs\/orientapvi\/wp-content\/uploads\/sites\/16\/2016\/10\/unnamed-2-230x230.jpg 230w, https:\/\/diocesanos.es\/blogs\/orientapvi\/wp-content\/uploads\/sites\/16\/2016\/10\/unnamed-2.jpg 542w\" sizes=\"auto, (max-width: 300px) 100vw, 300px\" \/><\/a><\/p>\n<p style=\"text-align: justify\">Bienpensar. Educacion Emocional . Pilar Lopez<\/p>\n","protected":false},"excerpt":{"rendered":"<p>Si la respuesta es s\u00ed, quiz\u00e1s te est\u00e9s convirtiendo en un hiperpadre. \u00bfY qu\u00e9 es eso? Si no sabes la respuesta, es normal, es un t\u00e9rmino que ha acu\u00f1ado por Eva Millet, que ha escrito un libro con el t\u00edtulo \u201cHiperpaternidad. Del modelo mueble al modelo altar\u201d.\u00a0Hay que ser algo m\u00e1s que padres y madres [&hellip;]<\/p>\n","protected":false},"author":31,"featured_media":0,"comment_status":"closed","ping_status":"closed","sticky":false,"template":"","format":"standard","meta":{"footnotes":""},"categories":[1],"tags":[],"class_list":["post-485","post","type-post","status-publish","format-standard","hentry","category-sin-categoria"],"_links":{"self":[{"href":"https:\/\/diocesanos.es\/blogs\/orientapvi\/wp-json\/wp\/v2\/posts\/485","targetHints":{"allow":["GET"]}}],"collection":[{"href":"https:\/\/diocesanos.es\/blogs\/orientapvi\/wp-json\/wp\/v2\/posts"}],"about":[{"href":"https:\/\/diocesanos.es\/blogs\/orientapvi\/wp-json\/wp\/v2\/types\/post"}],"author":[{"embeddable":true,"href":"https:\/\/diocesanos.es\/blogs\/orientapvi\/wp-json\/wp\/v2\/users\/31"}],"replies":[{"embeddable":true,"href":"https:\/\/diocesanos.es\/blogs\/orientapvi\/wp-json\/wp\/v2\/comments?post=485"}],"version-history":[{"count":2,"href":"https:\/\/diocesanos.es\/blogs\/orientapvi\/wp-json\/wp\/v2\/posts\/485\/revisions"}],"predecessor-version":[{"id":494,"href":"https:\/\/diocesanos.es\/blogs\/orientapvi\/wp-json\/wp\/v2\/posts\/485\/revisions\/494"}],"wp:attachment":[{"href":"https:\/\/diocesanos.es\/blogs\/orientapvi\/wp-json\/wp\/v2\/media?parent=485"}],"wp:term":[{"taxonomy":"category","embeddable":true,"href":"https:\/\/diocesanos.es\/blogs\/orientapvi\/wp-json\/wp\/v2\/categories?post=485"},{"taxonomy":"post_tag","embeddable":true,"href":"https:\/\/diocesanos.es\/blogs\/orientapvi\/wp-json\/wp\/v2\/tags?post=485"}],"curies":[{"name":"wp","href":"https:\/\/api.w.org\/{rel}","templated":true}]}}