{"id":452,"date":"2016-05-23T12:34:50","date_gmt":"2016-05-23T12:34:50","guid":{"rendered":"https:\/\/diocesanos.es\/blogs\/orientapvi\/?p=452"},"modified":"2016-05-23T12:34:50","modified_gmt":"2016-05-23T12:34:50","slug":"4-claves-para-superar-un-enfado-con-tu-hijoa-que-no-fallan","status":"publish","type":"post","link":"https:\/\/diocesanos.es\/blogs\/orientapvi\/2016\/05\/23\/4-claves-para-superar-un-enfado-con-tu-hijoa-que-no-fallan\/","title":{"rendered":"4 CLAVES PARA SUPERAR UN ENFADO CON TU HIJO\/A que no fallan"},"content":{"rendered":"<p><a href=\"https:\/\/diocesanos.es\/blogs\/orientapvi\/wp-content\/uploads\/sites\/16\/2016\/05\/8f4ed2cb3f5c4b86b93700cef40ac55b.jpg\"><img loading=\"lazy\" decoding=\"async\" class=\"wp-image-453 aligncenter\" src=\"https:\/\/diocesanos.es\/blogs\/orientapvi\/wp-content\/uploads\/sites\/16\/2016\/05\/8f4ed2cb3f5c4b86b93700cef40ac55b-191x300.jpg\" alt=\"8f4ed2cb3f5c4b86b93700cef40ac55b\" width=\"336\" height=\"528\" srcset=\"https:\/\/diocesanos.es\/blogs\/orientapvi\/wp-content\/uploads\/sites\/16\/2016\/05\/8f4ed2cb3f5c4b86b93700cef40ac55b-191x300.jpg 191w, https:\/\/diocesanos.es\/blogs\/orientapvi\/wp-content\/uploads\/sites\/16\/2016\/05\/8f4ed2cb3f5c4b86b93700cef40ac55b-653x1024.jpg 653w, https:\/\/diocesanos.es\/blogs\/orientapvi\/wp-content\/uploads\/sites\/16\/2016\/05\/8f4ed2cb3f5c4b86b93700cef40ac55b-147x230.jpg 147w, https:\/\/diocesanos.es\/blogs\/orientapvi\/wp-content\/uploads\/sites\/16\/2016\/05\/8f4ed2cb3f5c4b86b93700cef40ac55b.jpg 750w\" sizes=\"auto, (max-width: 336px) 100vw, 336px\" \/><\/a><\/p>\n<p>1.. Acomp\u00e1\u00f1ale pero no le atosigues.<br \/>\n2.Busca la raz\u00f3n del enfado y \u00a1esc\u00fachale!.<br \/>\n2.Empatiza y transm\u00edtele tu comprensi\u00f3n.<br \/>\n4.Ten un tono conciliador y rompe con el c\u00edrculo del enfado.<\/p>\n","protected":false},"excerpt":{"rendered":"<p>1.. Acomp\u00e1\u00f1ale pero no le atosigues. 2.Busca la raz\u00f3n del enfado y \u00a1esc\u00fachale!. 2.Empatiza y transm\u00edtele tu comprensi\u00f3n. 4.Ten un tono conciliador y rompe con el c\u00edrculo del enfado.<\/p>\n","protected":false},"author":31,"featured_media":0,"comment_status":"closed","ping_status":"closed","sticky":false,"template":"","format":"standard","meta":{"footnotes":""},"categories":[1],"tags":[],"class_list":["post-452","post","type-post","status-publish","format-standard","hentry","category-sin-categoria"],"_links":{"self":[{"href":"https:\/\/diocesanos.es\/blogs\/orientapvi\/wp-json\/wp\/v2\/posts\/452","targetHints":{"allow":["GET"]}}],"collection":[{"href":"https:\/\/diocesanos.es\/blogs\/orientapvi\/wp-json\/wp\/v2\/posts"}],"about":[{"href":"https:\/\/diocesanos.es\/blogs\/orientapvi\/wp-json\/wp\/v2\/types\/post"}],"author":[{"embeddable":true,"href":"https:\/\/diocesanos.es\/blogs\/orientapvi\/wp-json\/wp\/v2\/users\/31"}],"replies":[{"embeddable":true,"href":"https:\/\/diocesanos.es\/blogs\/orientapvi\/wp-json\/wp\/v2\/comments?post=452"}],"version-history":[{"count":1,"href":"https:\/\/diocesanos.es\/blogs\/orientapvi\/wp-json\/wp\/v2\/posts\/452\/revisions"}],"predecessor-version":[{"id":454,"href":"https:\/\/diocesanos.es\/blogs\/orientapvi\/wp-json\/wp\/v2\/posts\/452\/revisions\/454"}],"wp:attachment":[{"href":"https:\/\/diocesanos.es\/blogs\/orientapvi\/wp-json\/wp\/v2\/media?parent=452"}],"wp:term":[{"taxonomy":"category","embeddable":true,"href":"https:\/\/diocesanos.es\/blogs\/orientapvi\/wp-json\/wp\/v2\/categories?post=452"},{"taxonomy":"post_tag","embeddable":true,"href":"https:\/\/diocesanos.es\/blogs\/orientapvi\/wp-json\/wp\/v2\/tags?post=452"}],"curies":[{"name":"wp","href":"https:\/\/api.w.org\/{rel}","templated":true}]}}