{"id":277,"date":"2015-05-17T14:20:32","date_gmt":"2015-05-17T14:20:32","guid":{"rendered":"https:\/\/diocesanos.es\/blogs\/orientapvi\/?p=277"},"modified":"2015-05-17T14:24:18","modified_gmt":"2015-05-17T14:24:18","slug":"escuela-para-padres-2","status":"publish","type":"post","link":"https:\/\/diocesanos.es\/blogs\/orientapvi\/2015\/05\/17\/escuela-para-padres-2\/","title":{"rendered":"Escuela para Padres"},"content":{"rendered":"<p style=\"text-align: justify\">Si el pasado martes no pudiste acudir a la conferencia que desde la\u00a0 Escuela para Padres organizamos, en la que Esther Garc\u00eda-Rosado, Psic\u00f3loga de la Asociaci\u00f3n contra el C\u00e1ncer, nos habl\u00f3 de <strong>Educaci\u00f3n en h\u00e1bitos de vida saludable<\/strong>, no te preocupes,\u00a0 vamos a resumirte los contenidos de la misma porque, si no sigues los consejos que nos dio, entonces s\u00ed ser\u00e1 momento de preocuparte:<\/p>\n<p style=\"text-align: justify\">\u00a0Habl\u00f3, sobre todo, de los efectos nocivos del tabaco, de tomar el sol sin la precauci\u00f3n adecuada y de llevar una alimentaci\u00f3n no equilibrada.<\/p>\n<p style=\"text-align: justify\"><a href=\"https:\/\/diocesanos.es\/blogs\/orientapvi\/wp-content\/uploads\/sites\/16\/2015\/05\/f26017a0418899dc52a22dee91c358e51.jpg\"><img loading=\"lazy\" decoding=\"async\" class=\"  wp-image-282 alignleft\" src=\"https:\/\/diocesanos.es\/blogs\/orientapvi\/wp-content\/uploads\/sites\/16\/2015\/05\/f26017a0418899dc52a22dee91c358e51-169x300.jpg\" alt=\"f26017a0418899dc52a22dee91c358e5\" width=\"217\" height=\"385\" srcset=\"https:\/\/diocesanos.es\/blogs\/orientapvi\/wp-content\/uploads\/sites\/16\/2015\/05\/f26017a0418899dc52a22dee91c358e51-169x300.jpg 169w, https:\/\/diocesanos.es\/blogs\/orientapvi\/wp-content\/uploads\/sites\/16\/2015\/05\/f26017a0418899dc52a22dee91c358e51-576x1024.jpg 576w, https:\/\/diocesanos.es\/blogs\/orientapvi\/wp-content\/uploads\/sites\/16\/2015\/05\/f26017a0418899dc52a22dee91c358e51-129x230.jpg 129w, https:\/\/diocesanos.es\/blogs\/orientapvi\/wp-content\/uploads\/sites\/16\/2015\/05\/f26017a0418899dc52a22dee91c358e51.jpg 720w\" sizes=\"auto, (max-width: 217px) 100vw, 217px\" \/><\/a><\/p>\n<p style=\"text-align: justify\">\u00a0\u00a0 Para estos temas, hay unas reflexiones que queremos compartir contigo:<\/p>\n<p style=\"text-align: justify\">\u00a0\u00a0 &#8211; El hecho de que, de momento, no lo veas y no lo sientas, no significa que no est\u00e9\u00a0\u00a0sucediendo.<br \/>\n&#8211; La prevenci\u00f3n es una parte muy importante para la soluci\u00f3n.<br \/>\n&#8211; La detecci\u00f3n a tiempo puede salvar tu vida.<br \/>\nUna \u00faltima frase para que reflexiones sobre el sentido de la vida y para que te\u00a0 cuides.<\/p>\n<p style=\"text-align: justify\">\u00a0\u00a0\u00a0\u00a0 Nadie podr\u00e1 hacerlo por ti.<\/p>\n<p style=\"text-align: justify\">\u00a0\u00a0\u00a0\u00a0<em><strong>\u00abA veces nos pasamos la vida sin vivir en absoluto,<\/strong><\/em>\u00a0<strong><em>\u00a0y de pronto toda nuestra vida se concentra en un instante\u00bb<\/em><\/strong><br \/>\n<strong>\u00a0\u00a0\u00a0\u00a0\u00a0\u00a0\u00a0\u00a0\u00a0\u00a0\u00a0\u00a0\u00a0\u00a0\u00a0\u00a0\u00a0\u00a0\u00a0\u00a0\u00a0\u00a0\u00a0\u00a0\u00a0\u00a0\u00a0\u00a0\u00a0\u00a0\u00a0\u00a0\u00a0\u00a0\u00a0\u00a0\u00a0\u00a0\u00a0\u00a0\u00a0\u00a0\u00a0\u00a0\u00a0\u00a0\u00a0\u00a0\u00a0\u00a0\u00a0\u00a0\u00a0\u00a0\u00a0\u00a0\u00a0\u00a0\u00a0 Oscar Wilde.<\/strong><\/p>\n","protected":false},"excerpt":{"rendered":"<p>Si el pasado martes no pudiste acudir a la conferencia que desde la\u00a0 Escuela para Padres organizamos, en la que Esther Garc\u00eda-Rosado, Psic\u00f3loga de la Asociaci\u00f3n contra el C\u00e1ncer, nos habl\u00f3 de Educaci\u00f3n en h\u00e1bitos de vida saludable, no te preocupes,\u00a0 vamos a resumirte los contenidos de la misma porque, si no sigues los consejos [&hellip;]<\/p>\n","protected":false},"author":31,"featured_media":0,"comment_status":"closed","ping_status":"closed","sticky":false,"template":"","format":"standard","meta":{"footnotes":""},"categories":[1],"tags":[],"class_list":["post-277","post","type-post","status-publish","format-standard","hentry","category-sin-categoria"],"_links":{"self":[{"href":"https:\/\/diocesanos.es\/blogs\/orientapvi\/wp-json\/wp\/v2\/posts\/277","targetHints":{"allow":["GET"]}}],"collection":[{"href":"https:\/\/diocesanos.es\/blogs\/orientapvi\/wp-json\/wp\/v2\/posts"}],"about":[{"href":"https:\/\/diocesanos.es\/blogs\/orientapvi\/wp-json\/wp\/v2\/types\/post"}],"author":[{"embeddable":true,"href":"https:\/\/diocesanos.es\/blogs\/orientapvi\/wp-json\/wp\/v2\/users\/31"}],"replies":[{"embeddable":true,"href":"https:\/\/diocesanos.es\/blogs\/orientapvi\/wp-json\/wp\/v2\/comments?post=277"}],"version-history":[{"count":0,"href":"https:\/\/diocesanos.es\/blogs\/orientapvi\/wp-json\/wp\/v2\/posts\/277\/revisions"}],"wp:attachment":[{"href":"https:\/\/diocesanos.es\/blogs\/orientapvi\/wp-json\/wp\/v2\/media?parent=277"}],"wp:term":[{"taxonomy":"category","embeddable":true,"href":"https:\/\/diocesanos.es\/blogs\/orientapvi\/wp-json\/wp\/v2\/categories?post=277"},{"taxonomy":"post_tag","embeddable":true,"href":"https:\/\/diocesanos.es\/blogs\/orientapvi\/wp-json\/wp\/v2\/tags?post=277"}],"curies":[{"name":"wp","href":"https:\/\/api.w.org\/{rel}","templated":true}]}}