{"id":266,"date":"2015-05-21T15:41:14","date_gmt":"2015-05-21T15:41:14","guid":{"rendered":"https:\/\/diocesanos.es\/blogs\/orientapvi\/?p=266"},"modified":"2015-05-21T15:41:14","modified_gmt":"2015-05-21T15:41:14","slug":"como-viven-los-hijos-que-no-podamos-conciliar-la-vida-laboral-y-familiar","status":"publish","type":"post","link":"https:\/\/diocesanos.es\/blogs\/orientapvi\/2015\/05\/21\/como-viven-los-hijos-que-no-podamos-conciliar-la-vida-laboral-y-familiar\/","title":{"rendered":"C\u00f3mo viven los hijos que no podamos conciliar la vida laboral y familiar"},"content":{"rendered":"<p style=\"text-align: justify\">\u00a0La vida laboral y la familiar no son f\u00e1ciles de conciliar y puede que esto provoque en nuestros hijos ciertos trastornos emocionales.<\/p>\n<p style=\"text-align: justify\"><strong>Lo que esto causa<\/strong><br \/>\nEs com\u00fan sentir frustraci\u00f3n e impotencia al saber que estamos muchas horas alejados de nuestros hijos a causa de nuestro trabajo. Que los ni\u00f1os lleguen a un hogar en que no hay nadie despu\u00e9s de la escuela, o que los est\u00e9 esperando el personal dom\u00e9stico, crea en ellos sentimientos de soledad y desatenci\u00f3n. A esto se le suma la <strong>falta de un referente<\/strong>, ya que los peque\u00f1os necesitan de la identificaci\u00f3n con sus progenitores para poder desarrollarse de manera saludable. Los adultos trabajamos mucho para que no les falte nada, pero sin embargo les falta lo \u00fanico que necesitan, sus padres.<\/p>\n<p style=\"text-align: center\"><a href=\"https:\/\/diocesanos.es\/blogs\/orientapvi\/wp-content\/uploads\/sites\/16\/2015\/05\/conciliar-la-vida-laboral-y-familiar-353x236.jpg\"><img loading=\"lazy\" decoding=\"async\" class=\"alignnone size-medium wp-image-288\" src=\"https:\/\/diocesanos.es\/blogs\/orientapvi\/wp-content\/uploads\/sites\/16\/2015\/05\/conciliar-la-vida-laboral-y-familiar-353x236-300x201.jpg\" alt=\"conciliar-la-vida-laboral-y-familiar-353x236\" width=\"300\" height=\"201\" srcset=\"https:\/\/diocesanos.es\/blogs\/orientapvi\/wp-content\/uploads\/sites\/16\/2015\/05\/conciliar-la-vida-laboral-y-familiar-353x236-300x201.jpg 300w, https:\/\/diocesanos.es\/blogs\/orientapvi\/wp-content\/uploads\/sites\/16\/2015\/05\/conciliar-la-vida-laboral-y-familiar-353x236-344x230.jpg 344w, https:\/\/diocesanos.es\/blogs\/orientapvi\/wp-content\/uploads\/sites\/16\/2015\/05\/conciliar-la-vida-laboral-y-familiar-353x236.jpg 353w\" sizes=\"auto, (max-width: 300px) 100vw, 300px\" \/><\/a><\/p>\n<p style=\"text-align: justify\">Este vac\u00edo emocional que sienten, ligado a las responsabilidades de atenderse solos, de hacer solos sus tareas escolares, entre otras cuestiones, se ve reflejado en diversos trastornos psicol\u00f3gicos que pueden aparecer en ellos, como el estr\u00e9s causado por la separaci\u00f3n y diversos problemas de conducta.<\/p>\n<p style=\"text-align: justify\"><strong>Horarios irracionales<\/strong><br \/>\nLo peor de todo es que la mayor\u00eda de las veces no podemos hacer nada para poder pasar m\u00e1s tiempo con nuestros hijos y llegar a una conciliaci\u00f3n entre el trabajo y la familia. La sociedad espa\u00f1ola se ve ante el tremendo problema de los horarios, sin encontrar compatibilidad entre las horas en que estos est\u00e1n en la escuela y los adultos en su trabajo.<\/p>\n<p style=\"text-align: justify\"><strong>Lo que los ni\u00f1os necesitan<\/strong><br \/>\nNuestros hijos necesitan afecto, cari\u00f1o, contacto f\u00edsico y atenci\u00f3n a cada instante. <strong>Si les damos tiempo de calidad<\/strong>, su autoestima y confianza se incrementar\u00e1n y no tendr\u00e1n dificultades emocionales. Para ello es necesario que el poco tiempo que tenemos para estar con ellos sea placentero, que podamos volcarnos de manera natural en sus necesidades, en escuchar lo que tienen en su coraz\u00f3n, en jugar con ellos y en demostrarles nuestro amor.<\/p>\n<p style=\"text-align: justify\">Nosotros, los padres, somos la base en la cual estructuran su personalidad, y si pasamos nuestro d\u00eda en el trabajo y cuando estamos en casa no les dedicamos el tiempo que necesitan, se sentir\u00e1n abandonados e interpretar\u00e1n que no los queremos y nos molestan. Deben sentir que<strong> son lo m\u00e1s importante<\/strong> de nuestras vidas, porque en realidad lo son, y no debemos dejar que piensen lo contrario. Pero todo esto se demuestra con hechos.<\/p>\n<p style=\"text-align: justify\"><strong>\u00bfC\u00f3mo conciliar la vida laboral y familiar?<\/strong><br \/>\nCuando ambos padres trabajamos fuera de casa durante largas horas no deber\u00edamos llenar a nuestros hijos de actividades extraescolares para que est\u00e9n ocupados todo el d\u00eda, con la ilusi\u00f3n de que de esta manera no nos extra\u00f1ar\u00e1n ni necesitar\u00e1n tanto. El tiempo que les prodiguemos a nuestros peque\u00f1os no se compara con nada.<\/p>\n<p style=\"text-align: justify\">Lo mejor ser\u00eda que uno de los dos, ya sea mam\u00e1 o pap\u00e1, pueda recortar su horario laboral para poder estar con los ni\u00f1os cuando salen del colegio. Pero esto a veces es m\u00e1s una utop\u00eda que una realidad. En caso de ser imposible, la soluci\u00f3n radica en tomar conciencia que las pocas horas que compartimos con nuestros hijos deben ser de calidad. Jugar, dialogar, cantar, interesarnos por sus tareas\u2026 cualquier actividad en la que estemos en contacto es buena. Hasta sirve preparar juntos la cena o ponerles la ropa de dormir y leerles un cuento, juntos en la cama.<\/p>\n<p style=\"text-align: justify\">A cada minuto deben sentirse amados y protegidos. Y en las horas en las que est\u00e1n en casa y nosotros en el trabajo, podemos llamarlos por tel\u00e9fono para conversar, aunque sea durante unos minutos, para saber c\u00f3mo ha sido su d\u00eda, que nos cuenten algo que les haya pasado o simplemente <strong>decirles que los amamos<\/strong> y que, aunque estemos fuera de casa, son nuestra raz\u00f3n de vivir.<\/p>\n<p style=\"text-align: justify\"><strong>Equipo Superpadres.com<\/strong><\/p>\n<p style=\"text-align: justify\">\n","protected":false},"excerpt":{"rendered":"<p>\u00a0La vida laboral y la familiar no son f\u00e1ciles de conciliar y puede que esto provoque en nuestros hijos ciertos trastornos emocionales. Lo que esto causa Es com\u00fan sentir frustraci\u00f3n e impotencia al saber que estamos muchas horas alejados de nuestros hijos a causa de nuestro trabajo. Que los ni\u00f1os lleguen a un hogar en [&hellip;]<\/p>\n","protected":false},"author":31,"featured_media":0,"comment_status":"closed","ping_status":"closed","sticky":false,"template":"","format":"standard","meta":{"footnotes":""},"categories":[1],"tags":[],"class_list":["post-266","post","type-post","status-publish","format-standard","hentry","category-sin-categoria"],"_links":{"self":[{"href":"https:\/\/diocesanos.es\/blogs\/orientapvi\/wp-json\/wp\/v2\/posts\/266","targetHints":{"allow":["GET"]}}],"collection":[{"href":"https:\/\/diocesanos.es\/blogs\/orientapvi\/wp-json\/wp\/v2\/posts"}],"about":[{"href":"https:\/\/diocesanos.es\/blogs\/orientapvi\/wp-json\/wp\/v2\/types\/post"}],"author":[{"embeddable":true,"href":"https:\/\/diocesanos.es\/blogs\/orientapvi\/wp-json\/wp\/v2\/users\/31"}],"replies":[{"embeddable":true,"href":"https:\/\/diocesanos.es\/blogs\/orientapvi\/wp-json\/wp\/v2\/comments?post=266"}],"version-history":[{"count":0,"href":"https:\/\/diocesanos.es\/blogs\/orientapvi\/wp-json\/wp\/v2\/posts\/266\/revisions"}],"wp:attachment":[{"href":"https:\/\/diocesanos.es\/blogs\/orientapvi\/wp-json\/wp\/v2\/media?parent=266"}],"wp:term":[{"taxonomy":"category","embeddable":true,"href":"https:\/\/diocesanos.es\/blogs\/orientapvi\/wp-json\/wp\/v2\/categories?post=266"},{"taxonomy":"post_tag","embeddable":true,"href":"https:\/\/diocesanos.es\/blogs\/orientapvi\/wp-json\/wp\/v2\/tags?post=266"}],"curies":[{"name":"wp","href":"https:\/\/api.w.org\/{rel}","templated":true}]}}