{"id":261,"date":"2015-05-14T14:39:51","date_gmt":"2015-05-14T14:39:51","guid":{"rendered":"https:\/\/diocesanos.es\/blogs\/orientapvi\/?p=261"},"modified":"2015-05-14T14:47:09","modified_gmt":"2015-05-14T14:47:09","slug":"evita-compartir-fotos-de-tu-hijo-en-la-red-puede-tener-efectos-no-deseados","status":"publish","type":"post","link":"https:\/\/diocesanos.es\/blogs\/orientapvi\/2015\/05\/14\/evita-compartir-fotos-de-tu-hijo-en-la-red-puede-tener-efectos-no-deseados\/","title":{"rendered":"Evita compartir fotos de tu hijo en la Red, puede tener efectos no deseados"},"content":{"rendered":"<p style=\"text-align: justify\">Muchos padres no dudan en subir fotos de la vida diaria de sus hijos en las redes sociales, desde la primera ecograf\u00eda, la primera papilla o el ni\u00f1o jugando y riendo en la ba\u00f1era.<\/p>\n<p style=\"text-align: justify\">Si bien es cierto que no es ilegal subir fotos de menores en la red siempre y cuando no se da\u00f1e su intimidad, dignidad y honor, \u00bfhasta qu\u00e9 punto es \u00e9tico subir fotos de menores sin su permiso?, \u00bfy qu\u00e9 consecuencias puede tener para el ni\u00f1o en el futuro?<\/p>\n<p style=\"text-align: justify\">El problema, seg\u00fan Javier Urra, ex Defensor del Menor de la Comunidad de Madrid, radica en que l<strong>a sociedad tiene una necesidad urgente de exponer las situaciones familiares y exhibir todo lo que hace a todas horas<\/strong>, incluso si se trata de situaciones \u00edntimas que no deber\u00edan hacerse p\u00fablicas. \u00abEn internet todo se banaliza y las im\u00e1genes se generan para todos y para siempre\u00bb matiza Urra.<\/p>\n<p style=\"text-align: justify\">Esta actitud un tanto exhibicionista es lo que Nora Rodr\u00edguez, autora de Educar ni\u00f1os y adolescentes en la era digita@l, llama \u00abnarcicismo autista\u00bb, que implica que <strong>cuando los padres suben una foto de su hijo esperan (y casi de forma inmediata) recibir comentarios<\/strong> por parte de sus amigos, conocidos o seguidores.<\/p>\n<p style=\"text-align: justify\">Esta tendencia incluso est\u00e1 a llegando a extremos un tanto preocupantes como la de los Baby Fashion Victims, padres que visten a sus hijos a la \u00faltima moda con prendas de alta costura y de grandes marcas y las cuelgan en la Red para ganar notoriedad entre las grandes firmas de moda y conseguir la tan ansiada fama.<\/p>\n<p style=\"text-align: justify\"><a href=\"https:\/\/diocesanos.es\/blogs\/orientapvi\/wp-content\/uploads\/sites\/16\/2015\/05\/ninos_pequenos_posando_como_modelos.png\"><img loading=\"lazy\" decoding=\"async\" class=\"alignnone size-medium wp-image-267 aligncenter\" src=\"https:\/\/diocesanos.es\/blogs\/orientapvi\/wp-content\/uploads\/sites\/16\/2015\/05\/ninos_pequenos_posando_como_modelos-284x300.png\" alt=\"ninos_pequenos_posando_como_modelos\" width=\"284\" height=\"300\" srcset=\"https:\/\/diocesanos.es\/blogs\/orientapvi\/wp-content\/uploads\/sites\/16\/2015\/05\/ninos_pequenos_posando_como_modelos-284x300.png 284w, https:\/\/diocesanos.es\/blogs\/orientapvi\/wp-content\/uploads\/sites\/16\/2015\/05\/ninos_pequenos_posando_como_modelos-218x230.png 218w, https:\/\/diocesanos.es\/blogs\/orientapvi\/wp-content\/uploads\/sites\/16\/2015\/05\/ninos_pequenos_posando_como_modelos.png 647w\" sizes=\"auto, (max-width: 284px) 100vw, 284px\" \/><\/a>\u00a0\u00a0\u00a0\u00a0\u00a0\u00a0\u00a0\u00a0\u00a0\u00a0\u00a0\u00a0\u00a0\u00a0\u00a0\u00a0\u00a0\u00a0\u00a0\u00a0\u00a0\u00a0\u00a0\u00a0\u00a0\u00a0\u00a0\u00a0\u00a0\u00a0\u00a0\u00a0\u00a0\u00a0\u00a0\u00a0\u00a0\u00a0\u00a0\u00a0\u00a0\u00a0\u00a0\u00a0\u00a0\u00a0\u00a0\u00a0\u00a0\u00a0\u00a0\u00a0\u00a0\u00a0\u00a0\u00a0\u00a0 Ni\u00f1os peque\u00f1os posando como modelos<\/p>\n<p style=\"text-align: justify\">Ram\u00f3n Arno, de Familia Digital, resalta la responsabilidad que tienen los padres en la potestad de sus hijos y que estos a menudo son el primer riesgo para exponer informaci\u00f3n y fotos de menores en la Red. Lo que tienen que hacer, matiza Arno, es instruirles para que entiendan los riesgos de internet y dar ejemplo. <strong>Lo que no tiene sentido es decirle a un ni\u00f1o de 14 a\u00f1os que no env\u00ede fotos por whatsapp o las cuelgue en Facebook si lo ha visto hacer a sus padres desde el d\u00eda que naci\u00f3.<\/strong><\/p>\n<p style=\"text-align: justify\">Ante este fen\u00f3meno generalizado, es necesario dar a conocer a los padres <strong>los efectos nocivos de compartir fotos de sus hijos<\/strong>. \u00abLos padres deben ser muy prudentes, utilizar el sentido com\u00fan y ponerse en el lugar de un depredador sexual\u00bb, advierte Juanma Romero, fundador de Adicciones Digitales. Hay que ponerse en el lugar del hijo y respetar que a ellos les puede dar reparo, verg\u00fcenza o molestia el hecho de colgar una foto suya.<\/p>\n<p style=\"text-align: justify\">Existe adem\u00e1s una pr\u00e1ctica conocida como \u00abmorphing\u00bb que consiste en copiar una fotograf\u00eda de internet y convertirla, mediante un montaje, en una foto pornogr\u00e1fica. Para evitarlo, se recomienda a los padres no colgar fotos de sus hijos, pero si lo hacen, que nunca sea de primeros planos.<br \/>\nSi los padres deciden publicar fotos de sus hijos<\/p>\n<p style=\"text-align: justify\">Si finalmente los padres deciden compartir im\u00e1genes de la vida de sus hijos, los expertos aconsejan seguir estos consejos:<\/p>\n<p style=\"text-align: justify\"><strong>1. Es mejor hacerlo por correo electr\u00f3nico.<\/strong> Si se publican en una red social se est\u00e1 compartiendo con todos los contactos (amigos, compa\u00f1eros del trabajo, excompa\u00f1eros del colegio, etc.) que nunca se sabe c\u00f3mo van a reaccionar o qu\u00e9 pueden llegar a hacer con esa foto. Seg\u00fan el antrop\u00f3logo de la Universidad de Oxford, Robin Dunbar, muy dif\u00edcilmente podemos manejar grupos de 150 individuos y prever c\u00f3mo actuar\u00e1 cada una de esas personas.<br \/>\n<strong>2.Es preferible hacerlo en perfiles privados<\/strong>, y aun as\u00ed autorizando el acceso de las im\u00e1genes solo a personas concretas previamente seleccionadas, no a todos los contactos.<br \/>\n<strong>3<\/strong>, Es importante avisar y pedir autorizaci\u00f3n a la pareja<br \/>\n<strong>4<\/strong>, <strong>No etiquetar al ni\u00f1o,<\/strong> as\u00ed se evita en mayor medida que sean indexadas en un buscador<\/p>\n<p style=\"text-align: justify\">En caso de ser testigo o ver en la Red fotograf\u00edas de menores comprometidas hay que notif\u00edcarlo en la web de Ciberfamilias o <strong>den\u00fanciarlo a la polic\u00eda.<\/strong><\/p>\n<p style=\"text-align: justify\"><span style=\"text-decoration: underline\">Los expertos acosejan a los padres no subir fotos de sus hijos a la Red.\u00a0<\/span> ABC<\/p>\n","protected":false},"excerpt":{"rendered":"<p>Muchos padres no dudan en subir fotos de la vida diaria de sus hijos en las redes sociales, desde la primera ecograf\u00eda, la primera papilla o el ni\u00f1o jugando y riendo en la ba\u00f1era. Si bien es cierto que no es ilegal subir fotos de menores en la red siempre y cuando no se da\u00f1e [&hellip;]<\/p>\n","protected":false},"author":31,"featured_media":0,"comment_status":"closed","ping_status":"closed","sticky":false,"template":"","format":"standard","meta":{"footnotes":""},"categories":[1],"tags":[],"class_list":["post-261","post","type-post","status-publish","format-standard","hentry","category-sin-categoria"],"_links":{"self":[{"href":"https:\/\/diocesanos.es\/blogs\/orientapvi\/wp-json\/wp\/v2\/posts\/261","targetHints":{"allow":["GET"]}}],"collection":[{"href":"https:\/\/diocesanos.es\/blogs\/orientapvi\/wp-json\/wp\/v2\/posts"}],"about":[{"href":"https:\/\/diocesanos.es\/blogs\/orientapvi\/wp-json\/wp\/v2\/types\/post"}],"author":[{"embeddable":true,"href":"https:\/\/diocesanos.es\/blogs\/orientapvi\/wp-json\/wp\/v2\/users\/31"}],"replies":[{"embeddable":true,"href":"https:\/\/diocesanos.es\/blogs\/orientapvi\/wp-json\/wp\/v2\/comments?post=261"}],"version-history":[{"count":0,"href":"https:\/\/diocesanos.es\/blogs\/orientapvi\/wp-json\/wp\/v2\/posts\/261\/revisions"}],"wp:attachment":[{"href":"https:\/\/diocesanos.es\/blogs\/orientapvi\/wp-json\/wp\/v2\/media?parent=261"}],"wp:term":[{"taxonomy":"category","embeddable":true,"href":"https:\/\/diocesanos.es\/blogs\/orientapvi\/wp-json\/wp\/v2\/categories?post=261"},{"taxonomy":"post_tag","embeddable":true,"href":"https:\/\/diocesanos.es\/blogs\/orientapvi\/wp-json\/wp\/v2\/tags?post=261"}],"curies":[{"name":"wp","href":"https:\/\/api.w.org\/{rel}","templated":true}]}}