{"id":246,"date":"2015-05-06T20:46:44","date_gmt":"2015-05-06T20:46:44","guid":{"rendered":"https:\/\/diocesanos.es\/blogs\/orientapvi\/?p=246"},"modified":"2015-05-06T20:46:44","modified_gmt":"2015-05-06T20:46:44","slug":"escuela-para-padres","status":"publish","type":"post","link":"https:\/\/diocesanos.es\/blogs\/orientapvi\/2015\/05\/06\/escuela-para-padres\/","title":{"rendered":"Escuela para Padres"},"content":{"rendered":"<p>\u00a1Estimadas familias!<br \/>\nEl pr\u00f3ximo martes 12 de mayo tendremos la siguiente sesi\u00f3n de \u00abEscuela para padres!<br \/>\nEn esta ocasi\u00f3n nos acompa\u00f1ar\u00e1 la psic\u00f3loga de la Asociaci\u00f3n contra el C\u00e1ncer de \u00c1vila, D\u00aa Esther Garc\u00eda-Rosado y Medina, para hablarnos a nivel preventivo sobre la:<\/p>\n<p style=\"text-align: center\"><strong>\u00abEducaci\u00f3n en h\u00e1bitos de vida saludable\u00bb<\/strong><\/p>\n<p>\u00a0Est\u00e1is todos invitados. Os esperamos a todos el pr\u00f3ximo martes de 17:00 a 18:00 horas en el Aula Auxiliar III (junto a la Capilla).<img loading=\"lazy\" decoding=\"async\" class=\"  wp-image-31 aligncenter\" src=\"https:\/\/diocesanos.es\/blogs\/orientapvi\/wp-content\/uploads\/sites\/16\/2015\/02\/Escuela-de-padres-213x300.jpg\" alt=\"Escuela de padres\" width=\"170\" height=\"240\" srcset=\"https:\/\/diocesanos.es\/blogs\/orientapvi\/wp-content\/uploads\/sites\/16\/2015\/02\/Escuela-de-padres-213x300.jpg 213w, https:\/\/diocesanos.es\/blogs\/orientapvi\/wp-content\/uploads\/sites\/16\/2015\/02\/Escuela-de-padres-726x1024.jpg 726w, https:\/\/diocesanos.es\/blogs\/orientapvi\/wp-content\/uploads\/sites\/16\/2015\/02\/Escuela-de-padres.jpg 747w\" sizes=\"auto, (max-width: 170px) 100vw, 170px\" \/><\/p>\n<p style=\"text-align: center\"><strong>\u00abCaminemos juntos en esta tarea\u00bb<\/strong><\/p>\n","protected":false},"excerpt":{"rendered":"<p>\u00a1Estimadas familias! El pr\u00f3ximo martes 12 de mayo tendremos la siguiente sesi\u00f3n de \u00abEscuela para padres! En esta ocasi\u00f3n nos acompa\u00f1ar\u00e1 la psic\u00f3loga de la Asociaci\u00f3n contra el C\u00e1ncer de \u00c1vila, D\u00aa Esther Garc\u00eda-Rosado y Medina, para hablarnos a nivel preventivo sobre la: \u00abEducaci\u00f3n en h\u00e1bitos de vida saludable\u00bb \u00a0Est\u00e1is todos invitados. Os esperamos a [&hellip;]<\/p>\n","protected":false},"author":31,"featured_media":0,"comment_status":"closed","ping_status":"closed","sticky":false,"template":"","format":"standard","meta":{"footnotes":""},"categories":[1],"tags":[],"class_list":["post-246","post","type-post","status-publish","format-standard","hentry","category-sin-categoria"],"_links":{"self":[{"href":"https:\/\/diocesanos.es\/blogs\/orientapvi\/wp-json\/wp\/v2\/posts\/246","targetHints":{"allow":["GET"]}}],"collection":[{"href":"https:\/\/diocesanos.es\/blogs\/orientapvi\/wp-json\/wp\/v2\/posts"}],"about":[{"href":"https:\/\/diocesanos.es\/blogs\/orientapvi\/wp-json\/wp\/v2\/types\/post"}],"author":[{"embeddable":true,"href":"https:\/\/diocesanos.es\/blogs\/orientapvi\/wp-json\/wp\/v2\/users\/31"}],"replies":[{"embeddable":true,"href":"https:\/\/diocesanos.es\/blogs\/orientapvi\/wp-json\/wp\/v2\/comments?post=246"}],"version-history":[{"count":0,"href":"https:\/\/diocesanos.es\/blogs\/orientapvi\/wp-json\/wp\/v2\/posts\/246\/revisions"}],"wp:attachment":[{"href":"https:\/\/diocesanos.es\/blogs\/orientapvi\/wp-json\/wp\/v2\/media?parent=246"}],"wp:term":[{"taxonomy":"category","embeddable":true,"href":"https:\/\/diocesanos.es\/blogs\/orientapvi\/wp-json\/wp\/v2\/categories?post=246"},{"taxonomy":"post_tag","embeddable":true,"href":"https:\/\/diocesanos.es\/blogs\/orientapvi\/wp-json\/wp\/v2\/tags?post=246"}],"curies":[{"name":"wp","href":"https:\/\/api.w.org\/{rel}","templated":true}]}}