{"id":203,"date":"2015-04-13T21:25:47","date_gmt":"2015-04-13T21:25:47","guid":{"rendered":"https:\/\/diocesanos.es\/blogs\/orientapvi\/?p=203"},"modified":"2015-04-13T21:25:47","modified_gmt":"2015-04-13T21:25:47","slug":"los-ninos-burbuja-y-los-peligros-de-la-sobreproteccion","status":"publish","type":"post","link":"https:\/\/diocesanos.es\/blogs\/orientapvi\/2015\/04\/13\/los-ninos-burbuja-y-los-peligros-de-la-sobreproteccion\/","title":{"rendered":"Los ni\u00f1os \u201cburbuja\u201d y los peligros de la sobreprotecci\u00f3n"},"content":{"rendered":"<p>&nbsp;<\/p>\n<p><a href=\"https:\/\/diocesanos.es\/blogs\/orientapvi\/wp-content\/uploads\/sites\/16\/2015\/04\/Sobreproteccion-2.jpg\"><img loading=\"lazy\" decoding=\"async\" class=\"  wp-image-215 aligncenter\" src=\"https:\/\/diocesanos.es\/blogs\/orientapvi\/wp-content\/uploads\/sites\/16\/2015\/04\/Sobreproteccion-2-300x210.jpg\" alt=\"Sobreproteccion-2\" width=\"253\" height=\"177\" srcset=\"https:\/\/diocesanos.es\/blogs\/orientapvi\/wp-content\/uploads\/sites\/16\/2015\/04\/Sobreproteccion-2-300x210.jpg 300w, https:\/\/diocesanos.es\/blogs\/orientapvi\/wp-content\/uploads\/sites\/16\/2015\/04\/Sobreproteccion-2-329x230.jpg 329w, https:\/\/diocesanos.es\/blogs\/orientapvi\/wp-content\/uploads\/sites\/16\/2015\/04\/Sobreproteccion-2.jpg 736w\" sizes=\"auto, (max-width: 253px) 100vw, 253px\" \/><\/a><\/p>\n<p>Hoy en d\u00eda hay una nueva y curiosa etiqueta social denominada \u201c<strong>mam\u00e1s agenda<\/strong>\u201d. Puede que alguna de nuestras lectoras se sienta identificada, o es posible que conozcas muy bien casos con este tipo de comportamiento. Son madres (a veces tambi\u00e9n padres) acostumbrados\/as a llevar al d\u00eda las agendas de sus hijos, tengan \u00e9stos 6 o 15 a\u00f1os.<\/p>\n<p style=\"text-align: justify\">Cuando llegan a casa revisan cada una de las tareas, deberes y ex\u00e1menes que los ni\u00f1os tienen previstos. Obviamente, es importante estar pendiente de este tipo de asuntos, pero ahora bien, no se trata en absoluto de ser guardia y vig\u00eda de cada dato, de cada obligaci\u00f3n acad\u00e9mica del ni\u00f1o. Con ello, lo que conseguimos es que lejos de desarrollar en ellos una autonom\u00eda adecuada, <strong>sean absolutos dependientes<\/strong>.<\/p>\n<p style=\"text-align: justify\">\u201cEs que si yo no estoy al tanto, \u00e9l o ella no har\u00eda nada\u201d. Suelen decir. Cuando en verdad, tampoco les hemos dado una oportunidad para que lo intenten. Tenemos \u201c<strong>mam\u00e1s agenda<\/strong>\u201d y \u201c<strong>padres helic\u00f3ptero<\/strong>\u201d, progenitores que \u201csobrevuelan\u201d sobre la vida de sus hijos, supervisando, vigilando y custodiando cada movimiento\u2026<\/p>\n<p style=\"text-align: justify\">Evitamos, en esencia, que puedan convertirse en adultos maduros y autosuficientes, neg\u00e1ndoles oportunidades, cercando sus espacios personales hasta crear una aut\u00e9ntica burbuja a su alrededor.<\/p>\n<p><em><strong>La sobreprotecci\u00f3n infantil en tiempos modernos<\/strong><\/em><\/p>\n<p style=\"text-align: justify\">Algo est\u00e1 ocurriendo. Seg\u00fan nos explican los expertos los ni\u00f1os de hoy en d\u00eda disponen de menos libertad que las generaciones pasadas. Profesionales de educaci\u00f3n infantil afirman que en las guarder\u00edas, se encuentran con ni\u00f1os un poco m\u00e1s \u201ctorpes\u201d que a\u00fan <strong>no han acabado de desarrollar parte de su funci\u00f3n motora<\/strong> o su motricidad fina.<\/p>\n<p style=\"text-align: justify\">Un ejemplo de ello lo vemos en esos progenitores que arrastran en sus sillitas a ni\u00f1os que ya podr\u00edan andar perfectamente, y que sin embargo, prefieren llevarlos de ese modo, \u201cporque es m\u00e1s c\u00f3modo\u201d. \u00bfY qu\u00e9 ocurre cuando llegan a Primaria? Nos encontramos con ni\u00f1os de 6 y 8 a\u00f1os que van de rabieta en rabieta porque no se les ofrece lo que desean, porque son criaturas <strong>incapaces de resistir la frustraci\u00f3n<\/strong> o cualquier negativa.<\/p>\n<p style=\"text-align: justify\">\u00bfPor qu\u00e9 ocurre esto? \u00bfQu\u00e9 hay detr\u00e1s de la sobreprotecci\u00f3n? B\u00e1sicamente el miedo de unos progenitores a que les ocurra algo malo, a la necesidad casi obsesiva por tener cada aspecto de la vida del ni\u00f1o \u201cbajo control\u201d, aspirando a ofrecerles as\u00ed, una vida perfecta, sin traumas, sin errores.<\/p>\n<p style=\"text-align: justify\">Ahora bien, en ocasiones, la inconcebible aspiraci\u00f3n a ser \u201cel padre o la madre perfecta\u201d, deriva a veces en todo lo contrario. Generamos en nuestros hijos una relaci\u00f3n-odio tan compleja como traum\u00e1tica. La perfecci\u00f3n en la educaci\u00f3n no existe. Se trata simplemente, de estar cuando se necesita. De servir de gu\u00eda, de apoyo, de ofrecer un v\u00ednculos de amor y cuidado <strong>donde d\u00eda a d\u00eda, se propicie la madurez emocional de nuestros ni\u00f1os<\/strong>.<\/p>\n<p style=\"text-align: justify\"><a href=\"https:\/\/diocesanos.es\/blogs\/orientapvi\/wp-content\/uploads\/sites\/16\/2015\/04\/Sobreproteccion-1.jpg\"><img loading=\"lazy\" decoding=\"async\" class=\" size-medium wp-image-217 aligncenter\" src=\"https:\/\/diocesanos.es\/blogs\/orientapvi\/wp-content\/uploads\/sites\/16\/2015\/04\/Sobreproteccion-1-300x161.jpg\" alt=\"Sobreproteccion-1\" width=\"300\" height=\"161\" srcset=\"https:\/\/diocesanos.es\/blogs\/orientapvi\/wp-content\/uploads\/sites\/16\/2015\/04\/Sobreproteccion-1-300x161.jpg 300w, https:\/\/diocesanos.es\/blogs\/orientapvi\/wp-content\/uploads\/sites\/16\/2015\/04\/Sobreproteccion-1-428x230.jpg 428w, https:\/\/diocesanos.es\/blogs\/orientapvi\/wp-content\/uploads\/sites\/16\/2015\/04\/Sobreproteccion-1.jpg 720w\" sizes=\"auto, (max-width: 300px) 100vw, 300px\" \/><\/a><\/p>\n<p style=\"text-align: justify\"><em><strong>Cuando estalla la burbuja de la sobreprotecci\u00f3n<\/strong><\/em><\/p>\n<p style=\"text-align: justify\">Tarde o temprano ese d\u00eda, llega. Puede que el ni\u00f1o tenga 12 o 20 a\u00f1os, pero finalmente llegar\u00e1 ese momento en que estalle esa burbuja protectora para salir al mundo descubriendo, que tienen un miedo atroz a todo lo que hay fuera, a todo lo que le envuelve y que <strong>edifica el \u201cmundo real\u201d, \u00e9se del que le han protegido siempre.<\/strong><\/p>\n<p style=\"text-align: justify\">Y se sentir\u00e1 inseguro, y ansioso, siendo adem\u00e1s objeto de las miradas de los dem\u00e1s. Es muy posible que sufra acoso escolar, o que reaccione frente a estas amenazas siendo muy consciente de su vulnerabilidad. Un dato curioso que nos explican muchos expertos es que un gran porcentaje de <strong>ni\u00f1os sobreprotegidos son m\u00e1s tendentes a desarrollar alergias<\/strong>.<\/p>\n<p style=\"text-align: justify\">Esto se debe a sus emociones, a su estr\u00e9s, el cual deriva siempre en un sistema inmunol\u00f3gico m\u00e1s bajo donde es frecuente que aparezcan alguna que otra enfermedad.<\/p>\n<p style=\"text-align: justify\">Y a su vez, estas enfermedades son un motivo a\u00fan <strong>m\u00e1s justificado para seguir ejerciendo la \u201csobreprotecci\u00f3n<\/strong>\u201d, con lo cual, se crea una especie de c\u00edrculo k\u00e1rmico que no termina nunca. No obstante, ello no significa que los ni\u00f1os est\u00e9n irremediablemente condenados a ser eternamente inmaduros y, en consecuencia, a ser infelices.<\/p>\n<p style=\"text-align: justify\">Si disponen de una buena autoestima y saben reacciona a tiempo, muchos de ellos podr\u00e1n romper esas ataduras y andar en seguridad, en avanzar y aprender por s\u00ed mismos.<\/p>\n<p style=\"text-align: justify\">A d\u00eda de hoy vivimos en un mundo donde la informaci\u00f3n es accesible para cualquiera. Nuestros padres son durante un tiempo esa burbuja protectora, pero la vida <strong>se abre m\u00e1s all\u00e1 de esa zona de confort y debemos atrevernos a salir de ella.<\/strong><\/p>\n<p style=\"text-align: justify\"><em>Suele decirse que a menudo, profesores, psic\u00f3logos y educadores, empujan a los ni\u00f1os como si fueran una puerta para que maduren, pero hay veces en que los padres, est\u00e1n al otro lado evitando que eso ocurra.<\/em><\/p>\n<p style=\"text-align: justify\">No hay que tener miedo. Los ni\u00f1os no se rompen, los ni\u00f1os necesitan crecer teniendo oportunidades de aprendizaje, ah\u00ed donde ofrecerles nuestra confianza,<strong> guiando siempre pero no levantando las barreras de la sobreprotecci\u00f3n.<\/strong><\/p>\n<p>lamenteesmaravillosa.com<\/p>\n","protected":false},"excerpt":{"rendered":"<p>&nbsp; Hoy en d\u00eda hay una nueva y curiosa etiqueta social denominada \u201cmam\u00e1s agenda\u201d. Puede que alguna de nuestras lectoras se sienta identificada, o es posible que conozcas muy bien casos con este tipo de comportamiento. Son madres (a veces tambi\u00e9n padres) acostumbrados\/as a llevar al d\u00eda las agendas de sus hijos, tengan \u00e9stos 6 [&hellip;]<\/p>\n","protected":false},"author":31,"featured_media":0,"comment_status":"closed","ping_status":"closed","sticky":false,"template":"","format":"standard","meta":{"footnotes":""},"categories":[1],"tags":[],"class_list":["post-203","post","type-post","status-publish","format-standard","hentry","category-sin-categoria"],"_links":{"self":[{"href":"https:\/\/diocesanos.es\/blogs\/orientapvi\/wp-json\/wp\/v2\/posts\/203","targetHints":{"allow":["GET"]}}],"collection":[{"href":"https:\/\/diocesanos.es\/blogs\/orientapvi\/wp-json\/wp\/v2\/posts"}],"about":[{"href":"https:\/\/diocesanos.es\/blogs\/orientapvi\/wp-json\/wp\/v2\/types\/post"}],"author":[{"embeddable":true,"href":"https:\/\/diocesanos.es\/blogs\/orientapvi\/wp-json\/wp\/v2\/users\/31"}],"replies":[{"embeddable":true,"href":"https:\/\/diocesanos.es\/blogs\/orientapvi\/wp-json\/wp\/v2\/comments?post=203"}],"version-history":[{"count":0,"href":"https:\/\/diocesanos.es\/blogs\/orientapvi\/wp-json\/wp\/v2\/posts\/203\/revisions"}],"wp:attachment":[{"href":"https:\/\/diocesanos.es\/blogs\/orientapvi\/wp-json\/wp\/v2\/media?parent=203"}],"wp:term":[{"taxonomy":"category","embeddable":true,"href":"https:\/\/diocesanos.es\/blogs\/orientapvi\/wp-json\/wp\/v2\/categories?post=203"},{"taxonomy":"post_tag","embeddable":true,"href":"https:\/\/diocesanos.es\/blogs\/orientapvi\/wp-json\/wp\/v2\/tags?post=203"}],"curies":[{"name":"wp","href":"https:\/\/api.w.org\/{rel}","templated":true}]}}