{"id":12,"date":"2015-02-18T09:33:14","date_gmt":"2015-02-18T09:33:14","guid":{"rendered":"https:\/\/diocesanos.es\/blogs\/orientapvi\/?p=12"},"modified":"2015-02-25T09:41:49","modified_gmt":"2015-02-25T09:41:49","slug":"escuela-de-padres","status":"publish","type":"post","link":"https:\/\/diocesanos.es\/blogs\/orientapvi\/2015\/02\/18\/escuela-de-padres\/","title":{"rendered":"Escuela de Padres"},"content":{"rendered":"<p>Estimadas familias: desde el Centro queremos impulsar la <strong>Escuela de Padres<\/strong>. Por ello os animamos a compartir este espacio lleno de recursos e ideas para poner en pr\u00e1ctica en el d\u00eda a d\u00eda como padres. En la primera sesi\u00f3n trataremos de conocer qu\u00e9 son las emociones y la inteligencia emocional, como una estrategia a aprender para acercarnos m\u00e1s a nuestros hijos.<\/p>\n<p style=\"text-align: center\"><a href=\"https:\/\/diocesanos.es\/blogs\/orientapvi\/wp-content\/uploads\/sites\/16\/2015\/02\/Escuela-de-padres.jpg\"><img loading=\"lazy\" decoding=\"async\" class=\" size-medium wp-image-31 aligncenter\" src=\"https:\/\/diocesanos.es\/blogs\/orientapvi\/wp-content\/uploads\/sites\/16\/2015\/02\/Escuela-de-padres-213x300.jpg\" alt=\"Escuela de padres\" width=\"213\" height=\"300\" srcset=\"https:\/\/diocesanos.es\/blogs\/orientapvi\/wp-content\/uploads\/sites\/16\/2015\/02\/Escuela-de-padres-213x300.jpg 213w, https:\/\/diocesanos.es\/blogs\/orientapvi\/wp-content\/uploads\/sites\/16\/2015\/02\/Escuela-de-padres-726x1024.jpg 726w, https:\/\/diocesanos.es\/blogs\/orientapvi\/wp-content\/uploads\/sites\/16\/2015\/02\/Escuela-de-padres.jpg 747w\" sizes=\"auto, (max-width: 213px) 100vw, 213px\" \/><\/a><\/p>\n<p>Os esperamos a todos el pr\u00f3ximo martes 24 de febrero de\u00a0 17:00 a 18:30 en el aula Auxiliar III (junto a la Capilla).<\/p>\n<p><em>\u00a1Caminemos juntos en esta tarea!<\/em><\/p>\n","protected":false},"excerpt":{"rendered":"<p>Estimadas familias: desde el Centro queremos impulsar la Escuela de Padres. Por ello os animamos a compartir este espacio lleno de recursos e ideas para poner en pr\u00e1ctica en el d\u00eda a d\u00eda como padres. En la primera sesi\u00f3n trataremos de conocer qu\u00e9 son las emociones y la inteligencia emocional, como una estrategia a aprender [&hellip;]<\/p>\n","protected":false},"author":1,"featured_media":0,"comment_status":"closed","ping_status":"closed","sticky":false,"template":"","format":"standard","meta":{"footnotes":""},"categories":[1],"tags":[],"class_list":["post-12","post","type-post","status-publish","format-standard","hentry","category-sin-categoria"],"_links":{"self":[{"href":"https:\/\/diocesanos.es\/blogs\/orientapvi\/wp-json\/wp\/v2\/posts\/12","targetHints":{"allow":["GET"]}}],"collection":[{"href":"https:\/\/diocesanos.es\/blogs\/orientapvi\/wp-json\/wp\/v2\/posts"}],"about":[{"href":"https:\/\/diocesanos.es\/blogs\/orientapvi\/wp-json\/wp\/v2\/types\/post"}],"author":[{"embeddable":true,"href":"https:\/\/diocesanos.es\/blogs\/orientapvi\/wp-json\/wp\/v2\/users\/1"}],"replies":[{"embeddable":true,"href":"https:\/\/diocesanos.es\/blogs\/orientapvi\/wp-json\/wp\/v2\/comments?post=12"}],"version-history":[{"count":0,"href":"https:\/\/diocesanos.es\/blogs\/orientapvi\/wp-json\/wp\/v2\/posts\/12\/revisions"}],"wp:attachment":[{"href":"https:\/\/diocesanos.es\/blogs\/orientapvi\/wp-json\/wp\/v2\/media?parent=12"}],"wp:term":[{"taxonomy":"category","embeddable":true,"href":"https:\/\/diocesanos.es\/blogs\/orientapvi\/wp-json\/wp\/v2\/categories?post=12"},{"taxonomy":"post_tag","embeddable":true,"href":"https:\/\/diocesanos.es\/blogs\/orientapvi\/wp-json\/wp\/v2\/tags?post=12"}],"curies":[{"name":"wp","href":"https:\/\/api.w.org\/{rel}","templated":true}]}}