{"id":688,"date":"2020-04-20T09:32:39","date_gmt":"2020-04-20T07:32:39","guid":{"rendered":"https:\/\/diocesanos.es\/blogs\/orientadioce\/?p=688"},"modified":"2020-04-20T09:32:39","modified_gmt":"2020-04-20T07:32:39","slug":"autorientarse-en-el-confinamiento","status":"publish","type":"post","link":"https:\/\/diocesanos.es\/blogs\/orientadioce\/2020\/04\/20\/autorientarse-en-el-confinamiento\/","title":{"rendered":"AUTORIENTARSE EN EL CONFINAMIENTO"},"content":{"rendered":"\n<p align=\"justify\"><span style=\"font-family: Arial, sans-serif\">Muchos de vosotros, os encontr\u00e1is en un momento crucial de vuestro proceso educativo, al tener que elegir qu\u00e9 estudiar cuando termine vuestra etapa actual (de Secundaria o Bachillerato). Todo el \u00e1mbito educativo est\u00e1 sumergido en una palabra: INCERTIDUMBRE, \u00bfqu\u00e9 va a pasar ahora con nosotros? es la gran incognita que nos preocupa a todos; lo que nos atemoriza porque se nos escapa a nuestro control; si ya de por s\u00ed este curso era decisivo, vinculante, cargado de tensi\u00f3n, se a\u00f1ade el factor COVID-19. Por eso, debemos estar preparados para decidir adecuadamente.<\/span><span style=\"font-family: Arial, sans-serif\">El confinamiento marca una nueva forma de vida, de relacionarnos, de seguir aprendiendo. Es un proceso nuevo al que forzosamente nos hemos ido adaptando vertiginosamente, de lo presencial a lo digital familias, profesores, alumnos\u2026 la sociedad en general. <\/span><\/p>\n<p align=\"justify\"><span style=\"font-family: Arial, sans-serif\">La autorientaci\u00f3n no es un t\u00e9rmino nuevo ni original, se ha definido como el proceso educativo que debe conseguir en el alumnado desarrollar destrezas, habilidades para orientarse \u00e9l mismo. La autorientaci\u00f3n ha sido siempre el fin \u00faltimo de la orientaci\u00f3n acad\u00e9mico profesional <\/span><\/p>\n<p align=\"justify\"><span style=\"font-family: Arial, sans-serif\">Hoy m\u00e1s que nunca es urgente ense\u00f1aros a prepararos para solucionar los problemas que te deparar\u00e1 en el futuro tu vida y al mismo tiempo dotarte de las herramientas y recursos para que cada uno elabore su propio proyecto personal y de vida. <\/span><\/p>\n<p align=\"justify\"><span style=\"font-family: Arial, sans-serif\">La tarea de autorientarse no es f\u00e1cil, los recursos de internet son ilimitados y corremos el riesgo de perdernos en la b\u00fasqueda, por el exceso de informaci\u00f3n que nos proporciona. Es por ello, que debemos ser selectivos, no todo nos vale, debemos ser rigurosos y cr\u00edticos para seleccionar p\u00e1ginas e informaciones oficiales. <\/span><\/p>\n<p align=\"justify\"><span style=\"font-family: Arial, sans-serif\"><b>La autorientaci\u00f3n se caracteriza por:<\/b><\/span><\/p>\n<ul>\n<li>\n<p align=\"justify\"><span style=\"font-family: Arial, sans-serif\">Ser un proceso sencillo <\/span><\/p>\n<\/li>\n<li>\n<p align=\"justify\"><span style=\"font-family: Arial, sans-serif\">Tratar de clarificar la identidad vocacional y analizar la realidad en funci\u00f3n de intereses y expectativas propias<\/span><\/p>\n<\/li>\n<li>\n<p align=\"justify\"><span style=\"font-family: Arial, sans-serif\">Ser un proceso individual y concreto<\/span><\/p>\n<\/li>\n<li>\n<p align=\"justify\"><span style=\"font-family: Arial, sans-serif\">Ser un proceso constructivo<\/span><\/p>\n<\/li>\n<li>\n<p align=\"justify\"><span style=\"font-family: Arial, sans-serif\">Basarse en un modelo de intervenci\u00f3n a trav\u00e9s de los medios tecnol\u00f3gicos (TICs), lo que le dota de mayor motivaci\u00f3n, autonom\u00eda <\/span><\/p>\n<\/li>\n<\/ul>\n<p align=\"justify\"><span style=\"font-family: Arial, sans-serif\"><b>Los pasos para autorientarte:<\/b><\/span><\/p>\n<ol>\n<li>\n<p align=\"justify\"><span style=\"font-family: Arial, sans-serif\">Con\u00f3cete a ti mismo: aptitudes, habilidades, capacidades, aficiones, motivaci\u00f3n<\/span><\/p>\n<\/li>\n<li>\n<p align=\"justify\"><span style=\"font-family: Arial, sans-serif\">Inf\u00f3rmate: oferta educativa, listado de intereses y preferencias, estudios, centros don de se cursan, notas de corte, requisitos de acceso<\/span><\/p>\n<\/li>\n<li>\n<p align=\"justify\"><span style=\"font-family: Arial, sans-serif\">Decide: en funci\u00f3n de tus intereses, valora las ventajas y desventajas, los factores que influyen en la decisi\u00f3n&#8230;<\/span><\/p>\n<\/li>\n<\/ol>\n<p align=\"justify\"><span style=\"font-family: Arial, sans-serif\">En esta aventura de construir nuestro propio proyecto de vida, acad\u00e9mico- profesional, es un elemento clave el AUTOCONOCIMIENTO, sobre todo en la toma de decisiones para poder hacerlo adecuada y satisfactoriamente. Es importante conocer c\u00f3mo eres y reflexionar, analizar tus aspectos personales (los puntos fuertes y d\u00e9biles)<\/span><\/p>\n<table width=\"665\" cellspacing=\"0\" cellpadding=\"4\"><colgroup><col width=\"286\" \/> <col width=\"361\" \/> <\/colgroup>\n<tbody>\n<tr valign=\"top\">\n<td style=\"background: transparent\" width=\"286\">\n<p align=\"left\"><span style=\"color: #000000\"><span style=\"font-family: Arial, sans-serif\"><span style=\"font-size: medium\">Personalidad<\/span><\/span><\/span><\/p>\n<\/td>\n<td style=\"background: transparent\" width=\"361\">\n<p align=\"left\"><span style=\"color: #000000\"><span style=\"font-family: Arial, sans-serif\"><span style=\"font-size: medium\">C\u00f3mo soy<\/span><\/span><\/span><\/p>\n<\/td>\n<\/tr>\n<tr valign=\"top\">\n<td style=\"background: transparent\" width=\"286\">\n<p align=\"left\"><span style=\"color: #000000\"><span style=\"font-family: Arial, sans-serif\"><span style=\"font-size: medium\">Valores ocupacionales <\/span><\/span><\/span><\/p>\n<\/td>\n<td style=\"background: transparent\" width=\"361\">\n<p align=\"left\"><span style=\"color: #000000\"><span style=\"font-family: Arial, sans-serif\"><span style=\"font-size: medium\">Qu\u00e9 es importante para m\u00ed en un trabajo<\/span><\/span><\/span><\/p>\n<\/td>\n<\/tr>\n<tr valign=\"top\">\n<td style=\"background: transparent\" width=\"286\">\n<p align=\"left\"><span style=\"color: #000000\"><span style=\"font-family: Arial, sans-serif\"><span style=\"font-size: medium\">Habilidades\/ competencias<\/span><\/span><\/span><\/p>\n<\/td>\n<td style=\"background: transparent\" width=\"361\">\n<p align=\"left\"><span style=\"color: #000000\"><span style=\"font-family: Arial, sans-serif\"><span style=\"font-size: medium\">Qu\u00e9 s\u00e9 hacer, en qu\u00e9 destaco<\/span><\/span><\/span><\/p>\n<\/td>\n<\/tr>\n<tr valign=\"top\">\n<td style=\"background: transparent\" width=\"286\">\n<p align=\"left\"><span style=\"color: #000000\"><span style=\"font-family: Arial, sans-serif\"><span style=\"font-size: medium\">Intereses<\/span><\/span><\/span><\/p>\n<\/td>\n<td style=\"background: transparent\" width=\"361\">\n<p align=\"left\"><span style=\"color: #000000\"><span style=\"font-family: Arial, sans-serif\"><span style=\"font-size: medium\">Qu\u00e9 me gusta hacer, mis preferencias<\/span><\/span><\/span><\/p>\n<\/td>\n<\/tr>\n<\/tbody>\n<\/table>\n<p align=\"justify\"><span style=\"font-family: Arial, sans-serif\">A continuaci\u00f3n te dejamos una serie de recursos que pueden ser de tu inter\u00e9s. <\/span><\/p>\n<p align=\"justify\"><span style=\"font-family: Arial, sans-serif\"><b>Recursos para orientarte:<\/b><\/span><\/p>\n<ul>\n<li>\n<p align=\"justify\"><span style=\"color: #333333\"><span style=\"font-family: Arial, sans-serif\"><span style=\"font-size: medium\">La Asociaci\u00f3n Profesional de Orientaci\u00f3n Educativa de Castilla y Le\u00f3n (<\/span><\/span><\/span><strong><span style=\"color: #333333\"><span style=\"font-family: Arial, sans-serif\"><span style=\"font-size: medium\">APOECYL<\/span><\/span><\/span><\/strong><span style=\"color: #333333\"><span style=\"font-family: Arial, sans-serif\"><span style=\"font-size: medium\">) ha lanzado recientemente una <\/span><\/span><\/span><span style=\"color: #333333\"><span style=\"font-family: Arial, sans-serif\"><span style=\"font-size: medium\"><a href=\"https:\/\/www.apoecyl.org\/noticias\/item\/632-nueva-edicion-de-las-guias-de-orientacion-informate-y-que-necesito-saber\">nueva edici\u00f3n de las gu\u00edas de orientaci\u00f3n gratuitas <\/a><\/span><\/span><\/span><span style=\"color: #333333\"><span style=\"font-family: Arial, sans-serif\"><span style=\"font-size: medium\"><b><a href=\"https:\/\/www.apoecyl.org\/noticias\/item\/632-nueva-edicion-de-las-guias-de-orientacion-informate-y-que-necesito-saber\">Qu\u00e9<\/a><\/b><\/span><\/span><\/span> <span style=\"color: #333333\"><span style=\"font-family: Arial, sans-serif\"><span style=\"font-size: medium\"><b><a href=\"https:\/\/www.apoecyl.org\/noticias\/item\/632-nueva-edicion-de-las-guias-de-orientacion-informate-y-que-necesito-saber\">necesito<\/a><\/b><\/span><\/span><\/span> <span style=\"color: #333333\"><span style=\"font-family: Arial, sans-serif\"><span style=\"font-size: medium\"><b><a href=\"https:\/\/www.apoecyl.org\/noticias\/item\/632-nueva-edicion-de-las-guias-de-orientacion-informate-y-que-necesito-saber\">saber<\/a><\/b><\/span><\/span><\/span><span style=\"color: #333333\"><span style=\"font-family: Arial, sans-serif\"><span style=\"font-size: medium\"><a href=\"https:\/\/www.apoecyl.org\/noticias\/item\/632-nueva-edicion-de-las-guias-de-orientacion-informate-y-que-necesito-saber\"> e <\/a><\/span><\/span><\/span><span style=\"color: #333333\"><span style=\"font-family: Arial, sans-serif\"><span style=\"font-size: medium\"><b><a href=\"https:\/\/www.apoecyl.org\/noticias\/item\/632-nueva-edicion-de-las-guias-de-orientacion-informate-y-que-necesito-saber\">Inf\u00f3rmate<\/a><\/b><\/span><\/span><\/span><span style=\"color: #333333\"><span style=\"font-family: Arial, sans-serif\"><span style=\"font-size: medium\">. La primera est\u00e1 dirigida al alumnado de 4\u00ba de la ESO de centros de Castilla y Le\u00f3n y ofrece informaci\u00f3n sobre sus opciones de itinerarios acad\u00e9micos cuando terminen el curso. La segunda gu\u00eda, dedicada al alumnado de Bachillerato, ofrece informaci\u00f3n sobre las alternativas o salidas tras finalizar esta etapa educativa.<\/span><\/span><\/span><\/p>\n<\/li>\n<li>\n<p align=\"justify\"><span style=\"font-family: Arial, sans-serif\"><span style=\"font-size: medium\">E<\/span><\/span><span style=\"font-family: Arial, sans-serif\"><span style=\"font-size: medium\">l programa <\/span><\/span><span style=\"font-family: Arial, sans-serif\"><span style=\"font-size: medium\"><b>Orienta<\/b><\/span><\/span><span style=\"font-family: Arial, sans-serif\"><span style=\"font-size: medium\"> 2019-20<\/span><\/span><\/p>\n<\/li>\n<li>\n<p align=\"justify\"><span style=\"font-size: medium\"><span style=\"color: #000000\"><span style=\"font-family: Arial, sans-serif\">Test que te ayuda a clarificar tus intereses: Qu\u00e9 vas a estudiar <\/span><\/span><a href=\"http:\/\/quevasaestudiar.com\/test-vocacional\/test_01.php\"><span style=\"color: #000000\"><span style=\"font-family: Arial, sans-serif\">http:\/\/quevasaestudiar.com\/test-vocacional\/test_01.php<\/span><\/span><\/a><\/span><\/p>\n<\/li>\n<li>\n<p align=\"justify\"><span style=\"font-size: medium\"><span style=\"color: #000000\"><span style=\"font-family: Arial, sans-serif\">C<\/span><\/span><span style=\"color: #000000\"><span style=\"font-family: Arial, sans-serif\">\u00f3mo elegir mi futuro: <\/span><\/span><a href=\"http:\/\/www.todofp.es\/orientacion-profesional\/como-elegir-tu-futuro.html\">http:\/\/www.todofp.es\/orientacion-profesional\/como-elegir-tu-futuro.html<\/a><\/span><\/p>\n<\/li>\n<\/ul>\n<p align=\"justify\"><span style=\"font-family: Arial, sans-serif\"><span style=\"color: #000000\"><span style=\"font-size: medium\">*(<\/span><\/span><span style=\"color: #000000\"><span style=\"font-size: medium\"><i>Esta entrada ha tomado como referencia las aportaciones de<\/i><\/span><\/span><span style=\"color: #000000\"><span style=\"font-size: medium\"><i>l blog Colectivo Orienta)<\/i><\/span><\/span><i> <\/i><\/span><\/p>\n<p align=\"justify\"><span style=\"font-family: Arial, sans-serif\"><span style=\"font-size: medium\">No olvides que el Departamento de Orientaci\u00f3n est\u00e1 disponible <\/span><span style=\"color: #201f1e\"><span style=\"font-size: medium\">para atender <\/span><\/span><span style=\"color: #201f1e\"><span style=\"font-size: medium\">tus<\/span><\/span><span style=\"color: #201f1e\"><span style=\"font-size: medium\"> demandas y solucionar <\/span><\/span><span style=\"color: #201f1e\"><span style=\"font-size: medium\">tus<\/span><\/span><span style=\"color: #201f1e\"><span style=\"font-size: medium\"> dudas.<\/span><\/span> <span style=\"font-size: medium\">Puedes contactar con nosotros a trav\u00e9s del correo de EDUCAMOS. <\/span><\/span><\/p>\n<p align=\"center\"><span style=\"font-family: Arial, sans-serif\"><b>#YOMEORIENTODESDECASA#<\/b><\/span><\/p>\n<p align=\"center\"><a href=\"_wp_link_placeholder\" data-wplink-edit=\"true\"><img loading=\"lazy\" decoding=\"async\" class=\"alignnone size-medium wp-image-689\" src=\"https:\/\/diocesanos.es\/blogs\/orientadioce\/wp-content\/uploads\/sites\/11\/2020\/04\/Autorientarse-150x300.jpg\" alt=\"\" width=\"150\" height=\"300\" srcset=\"https:\/\/diocesanos.es\/blogs\/orientadioce\/wp-content\/uploads\/sites\/11\/2020\/04\/Autorientarse-150x300.jpg 150w, https:\/\/diocesanos.es\/blogs\/orientadioce\/wp-content\/uploads\/sites\/11\/2020\/04\/Autorientarse-115x230.jpg 115w, https:\/\/diocesanos.es\/blogs\/orientadioce\/wp-content\/uploads\/sites\/11\/2020\/04\/Autorientarse.jpg 359w\" sizes=\"auto, (max-width: 150px) 100vw, 150px\" \/><\/a><\/p>\n","protected":false},"excerpt":{"rendered":"<p>Muchos de vosotros, os encontr\u00e1is en un momento crucial de vuestro proceso educativo, al tener que elegir qu\u00e9 estudiar cuando termine vuestra etapa actual (de Secundaria o Bachillerato). Todo el \u00e1mbito educativo est\u00e1 sumergido en una palabra: INCERTIDUMBRE, \u00bfqu\u00e9 va a pasar ahora con nosotros? es la gran incognita que nos preocupa a todos; lo [&hellip;]<\/p>\n","protected":false},"author":14,"featured_media":0,"comment_status":"closed","ping_status":"closed","sticky":true,"template":"","format":"standard","meta":{"footnotes":""},"categories":[13,46,8,3],"tags":[],"class_list":["post-688","post","type-post","status-publish","format-standard","hentry","category-bachillerato","category-coronavirus","category-educacion-secundaria-obligatoria","category-o-acad-prof"],"_links":{"self":[{"href":"https:\/\/diocesanos.es\/blogs\/orientadioce\/wp-json\/wp\/v2\/posts\/688","targetHints":{"allow":["GET"]}}],"collection":[{"href":"https:\/\/diocesanos.es\/blogs\/orientadioce\/wp-json\/wp\/v2\/posts"}],"about":[{"href":"https:\/\/diocesanos.es\/blogs\/orientadioce\/wp-json\/wp\/v2\/types\/post"}],"author":[{"embeddable":true,"href":"https:\/\/diocesanos.es\/blogs\/orientadioce\/wp-json\/wp\/v2\/users\/14"}],"replies":[{"embeddable":true,"href":"https:\/\/diocesanos.es\/blogs\/orientadioce\/wp-json\/wp\/v2\/comments?post=688"}],"version-history":[{"count":1,"href":"https:\/\/diocesanos.es\/blogs\/orientadioce\/wp-json\/wp\/v2\/posts\/688\/revisions"}],"predecessor-version":[{"id":690,"href":"https:\/\/diocesanos.es\/blogs\/orientadioce\/wp-json\/wp\/v2\/posts\/688\/revisions\/690"}],"wp:attachment":[{"href":"https:\/\/diocesanos.es\/blogs\/orientadioce\/wp-json\/wp\/v2\/media?parent=688"}],"wp:term":[{"taxonomy":"category","embeddable":true,"href":"https:\/\/diocesanos.es\/blogs\/orientadioce\/wp-json\/wp\/v2\/categories?post=688"},{"taxonomy":"post_tag","embeddable":true,"href":"https:\/\/diocesanos.es\/blogs\/orientadioce\/wp-json\/wp\/v2\/tags?post=688"}],"curies":[{"name":"wp","href":"https:\/\/api.w.org\/{rel}","templated":true}]}}